{"id":5241,"date":"2021-08-26T16:56:47","date_gmt":"2021-08-26T14:56:47","guid":{"rendered":"https:\/\/www.ssv-senftenberg.de\/konzept\/?p=5241"},"modified":"2023-03-13T14:17:17","modified_gmt":"2023-03-13T13:17:17","slug":"michael-metz-ist-deutscher-vizemeister-bei-freiwasser-dm","status":"publish","type":"post","link":"https:\/\/www.ssv-senftenberg.de\/konzept\/michael-metz-ist-deutscher-vizemeister-bei-freiwasser-dm\/","title":{"rendered":"Michael Metz ist Deutscher Vizemeister bei Freiwasser DM"},"content":{"rendered":"<p>Vom\u00a0 20.-22.08.21 haben die Deutschen Meisterschaften der Masters im Freiwasser sattgefunden. In der Aggertalsperre bei Gummersbach standen 2500 m, 5 000 m und Staffeln \u00fcber 3&#215;1 250 m auf dem Programm.<\/p>\n<p>Michael Metz vom SSV Senftenberg wurde Deutscher Vizemeister \u00fcber 5 000 m in der Zeit von 1 Stunde und 48 Minuten. <span style=\"font-size: 1rem;\">\u00dcber 2 500 m belegte er den Dritten Platz in 51:59 Minuten.<\/span><\/p>\n<p>\u00dcber 5 000 m war Metz (Jg. 1948) zugleich der \u00e4lteste Teilnehmer.\u00a0F\u00fcr ihn war es nach langer coronabedingter Zwangspause\u00a0 der erste Wettkampf nach den Weltmeisterschaften 2019 in Gwangju (S\u00fcdkorea).<\/p>\n<p>Im September stehen noch die Deutschen Meisterschaften (Kurze Strecken) in Braunschweig auf dem Programm.<\/p>\n<p>Bild:<\/p>\n<p>v.l.\u00a0 Michael Metz, Helmut Hertelendy, Hans-J\u00fcrgen Diel<\/p>\n<p>Hier das Protokoll als\u00a0 \u00a0 <em><span style=\"color: #ff0000;\"><a style=\"color: #ff0000;\" href=\"https:\/\/www.ssv-senftenberg.de\/konzept\/wp-content\/uploads\/2021\/08\/Protokoll.pdf\" target=\"_blank\" rel=\"noopener\">PDF<\/a><\/span><\/em><\/p>\n","protected":false},"excerpt":{"rendered":"<p>Vom\u00a0 20.-22.08.21 haben die Deutschen Meisterschaften der Masters im Freiwasser sattgefunden. In der Aggertalsperre bei Gummersbach standen 2500 m, 5 000 m und Staffeln \u00fcber 3&#215;1 250 m auf dem Programm. Michael Metz vom SSV Senftenberg wurde Deutscher Vizemeister \u00fcber 5 000 m in der Zeit von 1 Stunde und 48 Minuten. \u00dcber 2 500 &hellip; <\/p>\n<p class=\"link-more\"><a href=\"https:\/\/www.ssv-senftenberg.de\/konzept\/michael-metz-ist-deutscher-vizemeister-bei-freiwasser-dm\/\" class=\"more-link\"><span class=\"screen-reader-text\">\u201eMichael Metz ist Deutscher Vizemeister bei Freiwasser DM\u201c <\/span>weiterlesen<\/a><\/p>\n","protected":false},"author":6,"featured_media":5246,"comment_status":"closed","ping_status":"closed","sticky":false,"template":"","format":"standard","meta":{"footnotes":""},"categories":[18],"tags":[],"class_list":["post-5241","post","type-post","status-publish","format-standard","has-post-thumbnail","hentry","category-wk-bericht"],"_links":{"self":[{"href":"https:\/\/www.ssv-senftenberg.de\/konzept\/wp-json\/wp\/v2\/posts\/5241","targetHints":{"allow":["GET"]}}],"collection":[{"href":"https:\/\/www.ssv-senftenberg.de\/konzept\/wp-json\/wp\/v2\/posts"}],"about":[{"href":"https:\/\/www.ssv-senftenberg.de\/konzept\/wp-json\/wp\/v2\/types\/post"}],"author":[{"embeddable":true,"href":"https:\/\/www.ssv-senftenberg.de\/konzept\/wp-json\/wp\/v2\/users\/6"}],"replies":[{"embeddable":true,"href":"https:\/\/www.ssv-senftenberg.de\/konzept\/wp-json\/wp\/v2\/comments?post=5241"}],"version-history":[{"count":2,"href":"https:\/\/www.ssv-senftenberg.de\/konzept\/wp-json\/wp\/v2\/posts\/5241\/revisions"}],"predecessor-version":[{"id":5266,"href":"https:\/\/www.ssv-senftenberg.de\/konzept\/wp-json\/wp\/v2\/posts\/5241\/revisions\/5266"}],"wp:featuredmedia":[{"embeddable":true,"href":"https:\/\/www.ssv-senftenberg.de\/konzept\/wp-json\/wp\/v2\/media\/5246"}],"wp:attachment":[{"href":"https:\/\/www.ssv-senftenberg.de\/konzept\/wp-json\/wp\/v2\/media?parent=5241"}],"wp:term":[{"taxonomy":"category","embeddable":true,"href":"https:\/\/www.ssv-senftenberg.de\/konzept\/wp-json\/wp\/v2\/categories?post=5241"},{"taxonomy":"post_tag","embeddable":true,"href":"https:\/\/www.ssv-senftenberg.de\/konzept\/wp-json\/wp\/v2\/tags?post=5241"}],"curies":[{"name":"wp","href":"https:\/\/api.w.org\/{rel}","templated":true}]}}