{"id":6142,"date":"2022-05-09T18:25:31","date_gmt":"2022-05-09T16:25:31","guid":{"rendered":"https:\/\/www.ssv-senftenberg.de\/konzept\/?p=6142"},"modified":"2022-05-31T10:11:58","modified_gmt":"2022-05-31T08:11:58","slug":"einladung-mitglieder-und-wahlversammlung-am-19-05-2022","status":"publish","type":"post","link":"https:\/\/www.ssv-senftenberg.de\/konzept\/einladung-mitglieder-und-wahlversammlung-am-19-05-2022\/","title":{"rendered":"Einladung Mitglieder- und Wahlversammlung am 19.05.2022"},"content":{"rendered":"<h3>Einladung zur Mitglieder- \/Wahlversammlung<\/h3>\n<p>Einladung als Datei:<\/p>\n<p><strong style=\"font-size: 1rem;\"><a href=\"https:\/\/www.ssv-senftenberg.de\/konzept\/wp-content\/uploads\/2022\/05\/Einladung-MV-2022.pdf\">Einladung MV 2022<\/a><\/strong><\/p>\n<p>Liebes\u00a0 aktives Vereinsmitglied,<\/p>\n<p>zu der<\/p>\n<p><strong>am <\/strong><strong>19.05.2022 um 17.30 Uhr<\/strong><strong> in der Aula des Friedrich-Engels-Gymnasiums\u00a0\u00a0\u00a0\u00a0\u00a0 <\/strong><\/p>\n<p><strong>in der Fischreiherstrasse in Senftenberg stattfindenden Mitgliederversammlung<\/strong><\/p>\n<p>laden wir Dich herzlich ein.<\/p>\n<p><!--more--><\/p>\n<p>Folgende Tagesordnung ist vorgesehen:<\/p>\n<p>&nbsp;<\/p>\n<p><strong style=\"font-size: 1rem;\">Begr\u00fc\u00dfung<\/strong><\/p>\n<ol>\n<li><strong>Festlegung Versammlungsleitung und Protokollf\u00fchrung <\/strong><\/li>\n<li><strong>Feststellung ordnungsgem\u00e4\u00dfer Ladung und Beschlussf\u00e4higkeit<\/strong><\/li>\n<li><strong>Feststellung der Tagesordnung\u00a0 <\/strong><\/li>\n<li><strong>Rechenschaftsbericht des Vereinsvorstandes\u00a0 <\/strong><\/li>\n<li><strong>Finanzbericht <\/strong><\/li>\n<li><strong>Kassenpr\u00fcfbericht <\/strong><\/li>\n<li><strong>Diskussion<\/strong><\/li>\n<li><strong>Entlastung des Gesamtvorstandes<\/strong><\/li>\n<li><strong>Bestellung des Wahlausschusses<\/strong><\/li>\n<li><strong>Beschlussfassung der Amtszeit des neuen Vorstandes: Amts\u00fcbergabe zum 01.07.2022 f\u00fcr 2 Jahre, \u00a7 15 Ziffer 2 Satz 2 Vereinssatzung\u00a0\u00a0\u00a0 <\/strong><\/li>\n<li><strong>Vorstellung der Kandidaten und Erl\u00e4uterung ihrer Ziele und Vorhaben\u00a0\u00a0 <\/strong><\/li>\n<li><strong>Wahl 1. Vorsitzender<\/strong><\/li>\n<li><strong>Erkl\u00e4rungen zur Annahme der Wahl 1. Vorsitzender<\/strong><\/li>\n<li><strong>Wahl 2. Vorsitzender<\/strong><\/li>\n<li><strong>Erkl\u00e4rungen zur Annahme der Wahl 2. Vorsitzender<\/strong><\/li>\n<li><strong>Wahl Gesamtvorstand<\/strong><\/li>\n<li><strong>Wahl Schwimmwart<\/strong><\/li>\n<li><strong>Wahl Kassenwart<\/strong><\/li>\n<li><strong>Wahl Mitgliederwart<\/strong><\/li>\n<li><strong>Wahl Pressewart<\/strong><\/li>\n<li><strong>Erkl\u00e4rungen zur Annahme der Wahl Gesamtvorstand<\/strong><\/li>\n<li><strong>Wahl Kassenpr\u00fcfer <\/strong><\/li>\n<li><strong>Erkl\u00e4rungen zur Annahme der Wahl Kassenpr\u00fcfer <\/strong><\/li>\n<li><strong>Berufung Jugendwart <\/strong><\/li>\n<li><strong>Bestellung Beiratsmitglieder <\/strong><\/li>\n<li><strong>Sonstiges <\/strong><\/li>\n<li><strong>Verabschiedung <\/strong><\/li>\n<\/ol>\n<p><strong>Wir hoffen, dass Du Deine Teilnahme an dieser wichtigen Mitgliederversammlung erm\u00f6glichen kannst!<\/strong><\/p>\n<p>Der Gesamtvorstand<\/p>\n","protected":false},"excerpt":{"rendered":"<p>Einladung zur Mitglieder- \/Wahlversammlung Einladung als Datei: Einladung MV 2022 Liebes\u00a0 aktives Vereinsmitglied, zu der am 19.05.2022 um 17.30 Uhr in der Aula des Friedrich-Engels-Gymnasiums\u00a0\u00a0\u00a0\u00a0\u00a0 in der Fischreiherstrasse in Senftenberg stattfindenden Mitgliederversammlung laden wir Dich herzlich ein.<\/p>\n","protected":false},"author":6,"featured_media":0,"comment_status":"closed","ping_status":"closed","sticky":false,"template":"","format":"standard","meta":{"footnotes":""},"categories":[1],"tags":[],"class_list":["post-6142","post","type-post","status-publish","format-standard","hentry","category-allgemein"],"_links":{"self":[{"href":"https:\/\/www.ssv-senftenberg.de\/konzept\/wp-json\/wp\/v2\/posts\/6142","targetHints":{"allow":["GET"]}}],"collection":[{"href":"https:\/\/www.ssv-senftenberg.de\/konzept\/wp-json\/wp\/v2\/posts"}],"about":[{"href":"https:\/\/www.ssv-senftenberg.de\/konzept\/wp-json\/wp\/v2\/types\/post"}],"author":[{"embeddable":true,"href":"https:\/\/www.ssv-senftenberg.de\/konzept\/wp-json\/wp\/v2\/users\/6"}],"replies":[{"embeddable":true,"href":"https:\/\/www.ssv-senftenberg.de\/konzept\/wp-json\/wp\/v2\/comments?post=6142"}],"version-history":[{"count":2,"href":"https:\/\/www.ssv-senftenberg.de\/konzept\/wp-json\/wp\/v2\/posts\/6142\/revisions"}],"predecessor-version":[{"id":6185,"href":"https:\/\/www.ssv-senftenberg.de\/konzept\/wp-json\/wp\/v2\/posts\/6142\/revisions\/6185"}],"wp:attachment":[{"href":"https:\/\/www.ssv-senftenberg.de\/konzept\/wp-json\/wp\/v2\/media?parent=6142"}],"wp:term":[{"taxonomy":"category","embeddable":true,"href":"https:\/\/www.ssv-senftenberg.de\/konzept\/wp-json\/wp\/v2\/categories?post=6142"},{"taxonomy":"post_tag","embeddable":true,"href":"https:\/\/www.ssv-senftenberg.de\/konzept\/wp-json\/wp\/v2\/tags?post=6142"}],"curies":[{"name":"wp","href":"https:\/\/api.w.org\/{rel}","templated":true}]}}