{"id":6161,"date":"2022-05-26T00:06:23","date_gmt":"2022-05-25T22:06:23","guid":{"rendered":"https:\/\/www.ssv-senftenberg.de\/konzept\/?p=6161"},"modified":"2022-06-22T08:13:27","modified_gmt":"2022-06-22T06:13:27","slug":"frischer-wind-in-neuen-segeln-wahl-des-vereinsvorstands-am-19-05-2022","status":"publish","type":"post","link":"https:\/\/www.ssv-senftenberg.de\/konzept\/frischer-wind-in-neuen-segeln-wahl-des-vereinsvorstands-am-19-05-2022\/","title":{"rendered":"Frischer Wind in neuen Segeln | Wahl des Vereinsvorstands am 19.05.2022"},"content":{"rendered":"<p style=\"text-align: left;\">Der SSV Senftenberg e.V. hat ein neues F\u00fchrungsteam:<br \/>\n<em>Christian Hahn<\/em> aus H\u00f6rlitz und <em>Hendrik Just<\/em> aus Senftenberg wurden auf der Mitgliederversammlung am 19. Mai 2022 zum neuen Vorstandsvorsitzenden und stellvertretenden Vorsitzenden gew\u00e4hlt. Der amtierende Vorstand hatte bereits im Vorfeld angek\u00fcndigt f\u00fcr eine Neuwahl nicht zur Verf\u00fcgung zu stehen. Das Gremium hat nach \u00fcber 10 Jahren engagierter und ausgezeichneter Arbeit den Staffelstab \u00fcbergeben.<\/p>\n<p style=\"text-align: left;\"><a href=\"https:\/\/www.ssv-senftenberg.de\/konzept\/wp-content\/uploads\/2022\/05\/Vorstand-alt_neu-19.05.2022-e1653515907658.jpg\"><img loading=\"lazy\" decoding=\"async\" class=\"alignnone wp-image-6164 size-large\" src=\"https:\/\/www.ssv-senftenberg.de\/konzept\/wp-content\/uploads\/2022\/05\/Vorstand-alt_neu-19.05.2022-e1653515907658-1024x455.jpg\" alt=\"\" width=\"525\" height=\"233\" srcset=\"https:\/\/www.ssv-senftenberg.de\/konzept\/wp-content\/uploads\/2022\/05\/Vorstand-alt_neu-19.05.2022-e1653515907658-1024x455.jpg 1024w, https:\/\/www.ssv-senftenberg.de\/konzept\/wp-content\/uploads\/2022\/05\/Vorstand-alt_neu-19.05.2022-e1653515907658-300x133.jpg 300w, https:\/\/www.ssv-senftenberg.de\/konzept\/wp-content\/uploads\/2022\/05\/Vorstand-alt_neu-19.05.2022-e1653515907658-768x341.jpg 768w, https:\/\/www.ssv-senftenberg.de\/konzept\/wp-content\/uploads\/2022\/05\/Vorstand-alt_neu-19.05.2022-e1653515907658.jpg 1280w\" sizes=\"auto, (max-width: 525px) 100vw, 525px\" \/><\/a><\/p>\n<p style=\"text-align: left;\"><em><span style=\"color: #333333;\">v.l.n.r.: Julius Sch\u00f6nheid, Christian Hahn, Henrik Hoffmann, Stephanie Hoffmann, Hendrik Just, Alexander D\u00fcffort, Stephanie Thiel, Ulf Riska, Dietlind Riska, Steffen Baumann, Kerstin Baumann<\/span><\/em><\/p>\n<p style=\"text-align: center;\"><!--more--><\/p>\n<p style=\"text-align: left;\">Nach der Wahl bedankten sich Christian Hahn und Hendrik Just bei den versammelten Mitgliedern f\u00fcr ihr Vertrauen. Ihr spezieller Dank galt dem ehemaligen Vorsitzenden sowie seinen Vorstandsmitgliedern f\u00fcr die geleistete Arbeit.<\/p>\n<p style=\"text-align: left;\">Der insgesamt 7-k\u00f6pfige neue Vorstand freut sich \u00fcber die anstehenden Herausforderungen und die damit verbundenen Aufgaben. Die Mission ist es, den SSV Senftenberg e.V. weiterhin zu einem wachsenden und erfolgreichen, regionalen Verein zu entwickeln. Dem Vorstandsteam liegt es sehr am Herzen, den Verein zusammenzuhalten und das Wir-Gef\u00fchl zu st\u00e4rken.<\/p>\n<p style=\"text-align: left;\">\u201e<em>Unsere Mitglieder, ob jung oder alt, sind unser Fundament und das Herzst\u00fcck des Vereins, hier werden wir unsere ganze Energie einsetzen, damit kein Mitglied verloren geht und wir wachsen. Dies ist aktuell unsere gr\u00f6\u00dfte Herausforderung durch die vor\u00fcbergehende Schlie\u00dfung unserer Trainingsst\u00e4tte in Senftenberg<\/em>\u201c, so Christian Hahn.<\/p>\n<p style=\"text-align: left;\">Der stellvertretende Vorsitzende Hendrik Just hat w\u00e4hrend seiner \u00fcber 40j\u00e4hrigen Schwimmkarriere Erfahrungen im Trainings- und Leistungssportbereich gemacht \u201e<em>Mein zentrales Anliegen ist es, in den n\u00e4chsten Jahren meine langj\u00e4hrigen Erfahrungen im und am Becken einzubringen und unsere Arbeit im Vorstand an gro\u00dfe Vereine anzulehnen<\/em>\u201c, erkl\u00e4rte der neue stellvertretende Vorsitzende.<\/p>\n<p style=\"text-align: left;\">\u201e<em>Mit den neuen Vorstandsmitgliedern haben wir ein starkes, gut vernetztes Team. Auf die Zusammenarbeit und den Erfahrungsaustausch freuen wir uns sehr<\/em>\u201c, so Christian Hahn &amp; Hendrik Just.<\/p>\n<p style=\"text-align: left;\"><em>Sportliche Gr\u00fc\u00dfe<\/em><br \/>\n<strong><em>Stephanie Thiel<\/em><\/strong><\/p>\n<p style=\"text-align: left;\">\n","protected":false},"excerpt":{"rendered":"<p>Der SSV Senftenberg e.V. hat ein neues F\u00fchrungsteam: Christian Hahn aus H\u00f6rlitz und Hendrik Just aus Senftenberg wurden auf der Mitgliederversammlung am 19. Mai 2022 zum neuen Vorstandsvorsitzenden und stellvertretenden Vorsitzenden gew\u00e4hlt. Der amtierende Vorstand hatte bereits im Vorfeld angek\u00fcndigt f\u00fcr eine Neuwahl nicht zur Verf\u00fcgung zu stehen. Das Gremium hat nach \u00fcber 10 Jahren &hellip; <\/p>\n<p class=\"link-more\"><a href=\"https:\/\/www.ssv-senftenberg.de\/konzept\/frischer-wind-in-neuen-segeln-wahl-des-vereinsvorstands-am-19-05-2022\/\" class=\"more-link\"><span class=\"screen-reader-text\">\u201eFrischer Wind in neuen Segeln | Wahl des Vereinsvorstands am 19.05.2022\u201c <\/span>weiterlesen<\/a><\/p>\n","protected":false},"author":5,"featured_media":0,"comment_status":"closed","ping_status":"closed","sticky":false,"template":"","format":"standard","meta":{"footnotes":""},"categories":[1],"tags":[13,12],"class_list":["post-6161","post","type-post","status-publish","format-standard","hentry","category-allgemein","tag-mitgleiderversammlung","tag-vorstand"],"_links":{"self":[{"href":"https:\/\/www.ssv-senftenberg.de\/konzept\/wp-json\/wp\/v2\/posts\/6161","targetHints":{"allow":["GET"]}}],"collection":[{"href":"https:\/\/www.ssv-senftenberg.de\/konzept\/wp-json\/wp\/v2\/posts"}],"about":[{"href":"https:\/\/www.ssv-senftenberg.de\/konzept\/wp-json\/wp\/v2\/types\/post"}],"author":[{"embeddable":true,"href":"https:\/\/www.ssv-senftenberg.de\/konzept\/wp-json\/wp\/v2\/users\/5"}],"replies":[{"embeddable":true,"href":"https:\/\/www.ssv-senftenberg.de\/konzept\/wp-json\/wp\/v2\/comments?post=6161"}],"version-history":[{"count":11,"href":"https:\/\/www.ssv-senftenberg.de\/konzept\/wp-json\/wp\/v2\/posts\/6161\/revisions"}],"predecessor-version":[{"id":6343,"href":"https:\/\/www.ssv-senftenberg.de\/konzept\/wp-json\/wp\/v2\/posts\/6161\/revisions\/6343"}],"wp:attachment":[{"href":"https:\/\/www.ssv-senftenberg.de\/konzept\/wp-json\/wp\/v2\/media?parent=6161"}],"wp:term":[{"taxonomy":"category","embeddable":true,"href":"https:\/\/www.ssv-senftenberg.de\/konzept\/wp-json\/wp\/v2\/categories?post=6161"},{"taxonomy":"post_tag","embeddable":true,"href":"https:\/\/www.ssv-senftenberg.de\/konzept\/wp-json\/wp\/v2\/tags?post=6161"}],"curies":[{"name":"wp","href":"https:\/\/api.w.org\/{rel}","templated":true}]}}