{"id":6308,"date":"2022-06-20T22:28:24","date_gmt":"2022-06-20T20:28:24","guid":{"rendered":"https:\/\/www.ssv-senftenberg.de\/konzept\/?p=6308"},"modified":"2023-03-13T14:15:21","modified_gmt":"2023-03-13T13:15:21","slug":"der-vorstand-unterwegs-an-der-kueste-17-rostock-master-sprint-cup","status":"publish","type":"post","link":"https:\/\/www.ssv-senftenberg.de\/konzept\/der-vorstand-unterwegs-an-der-kueste-17-rostock-master-sprint-cup\/","title":{"rendered":"Der Vorstand unterwegs an der K\u00fcste I 17. Rostock Master Sprint Cup"},"content":{"rendered":"<p style=\"text-align: left;\">Am 11.06.2022 waren unsere Schwimmer nicht nur in Forst im Becken. Drei Masters hat es nach Rostock gezogen, um dort beim 17. Master Sprint Cup Bestzeiten zu schwimmen und Ostseehallenluft zu schnuppern.<\/p>\n<p style=\"text-align: center;\"><a href=\"https:\/\/www.ssv-senftenberg.de\/konzept\/wp-content\/uploads\/2022\/06\/795a6f68-e94f-4498-a829-aca9b6abb3f8-e1655883192991.jpg\"><img loading=\"lazy\" decoding=\"async\" class=\"aligncenter wp-image-6311 size-large\" src=\"https:\/\/www.ssv-senftenberg.de\/konzept\/wp-content\/uploads\/2022\/06\/795a6f68-e94f-4498-a829-aca9b6abb3f8-e1655883192991-1024x530.jpg\" alt=\"\" width=\"525\" height=\"272\" srcset=\"https:\/\/www.ssv-senftenberg.de\/konzept\/wp-content\/uploads\/2022\/06\/795a6f68-e94f-4498-a829-aca9b6abb3f8-e1655883192991-1024x530.jpg 1024w, https:\/\/www.ssv-senftenberg.de\/konzept\/wp-content\/uploads\/2022\/06\/795a6f68-e94f-4498-a829-aca9b6abb3f8-e1655883192991-300x155.jpg 300w, https:\/\/www.ssv-senftenberg.de\/konzept\/wp-content\/uploads\/2022\/06\/795a6f68-e94f-4498-a829-aca9b6abb3f8-e1655883192991-768x397.jpg 768w, https:\/\/www.ssv-senftenberg.de\/konzept\/wp-content\/uploads\/2022\/06\/795a6f68-e94f-4498-a829-aca9b6abb3f8-e1655883192991-1536x794.jpg 1536w, https:\/\/www.ssv-senftenberg.de\/konzept\/wp-content\/uploads\/2022\/06\/795a6f68-e94f-4498-a829-aca9b6abb3f8-e1655883192991.jpg 2048w\" sizes=\"auto, (max-width: 525px) 100vw, 525px\" \/><\/a><\/p>\n<p style=\"text-align: left;\"><!--more-->Christian Hahn und Hendrik Just vom Vorstand sowie unser langj\u00e4hriges Vereinsmitglied Prof. Dr. Michael Metz starteten erfolgreich f\u00fcr den SSV Senftenberg e. <span style=\"font-size: 1rem;\">V. gegen 30 andere Vereine.<\/span><\/p>\n<p style=\"text-align: center;\"><a href=\"https:\/\/www.ssv-senftenberg.de\/konzept\/wp-content\/uploads\/2022\/06\/6c508c3c-3a71-451f-abc4-45373887048a.jpg\"><img loading=\"lazy\" decoding=\"async\" class=\"alignnone wp-image-6309 size-large\" style=\"font-size: 1rem;\" src=\"https:\/\/www.ssv-senftenberg.de\/konzept\/wp-content\/uploads\/2022\/06\/6c508c3c-3a71-451f-abc4-45373887048a-768x1024.jpg\" alt=\"\" width=\"525\" height=\"700\" srcset=\"https:\/\/www.ssv-senftenberg.de\/konzept\/wp-content\/uploads\/2022\/06\/6c508c3c-3a71-451f-abc4-45373887048a-768x1024.jpg 768w, https:\/\/www.ssv-senftenberg.de\/konzept\/wp-content\/uploads\/2022\/06\/6c508c3c-3a71-451f-abc4-45373887048a-225x300.jpg 225w, https:\/\/www.ssv-senftenberg.de\/konzept\/wp-content\/uploads\/2022\/06\/6c508c3c-3a71-451f-abc4-45373887048a-1152x1536.jpg 1152w, https:\/\/www.ssv-senftenberg.de\/konzept\/wp-content\/uploads\/2022\/06\/6c508c3c-3a71-451f-abc4-45373887048a.jpg 1536w\" sizes=\"auto, (max-width: 525px) 100vw, 525px\" \/><\/a><\/p>\n<p style=\"text-align: left;\"><span style=\"font-size: 1rem;\">Olympisches Feeling im Wasser gab es durch den Olympioniken Stev Theloke.<\/span><\/p>\n<p style=\"text-align: left;\">Es war ein spannender Wettkampf und eine gro\u00dfar<span style=\"font-size: 1rem;\">tige Atmosph\u00e4re. Das famili\u00e4re Klima in der Halle sorgte f\u00fcr eine super Stimmung. Am Abend gab es f\u00fcr alle Sportler einen fantastischen Sonnenuntergang und ein k\u00fchles Getr\u00e4nk in der Hafenbar Pear615.<\/span><\/p>\n<p style=\"text-align: left;\"><span style=\"font-size: 1rem;\"><a href=\"https:\/\/www.ssv-senftenberg.de\/konzept\/wp-content\/uploads\/2022\/06\/6d583efa-b22e-4918-b730-b75128c0849c.jpg\"><img loading=\"lazy\" decoding=\"async\" class=\"alignnone wp-image-6310 size-large\" style=\"font-size: 1rem;\" src=\"https:\/\/www.ssv-senftenberg.de\/konzept\/wp-content\/uploads\/2022\/06\/6d583efa-b22e-4918-b730-b75128c0849c-768x1024.jpg\" alt=\"\" width=\"525\" height=\"700\" srcset=\"https:\/\/www.ssv-senftenberg.de\/konzept\/wp-content\/uploads\/2022\/06\/6d583efa-b22e-4918-b730-b75128c0849c-768x1024.jpg 768w, https:\/\/www.ssv-senftenberg.de\/konzept\/wp-content\/uploads\/2022\/06\/6d583efa-b22e-4918-b730-b75128c0849c-225x300.jpg 225w, https:\/\/www.ssv-senftenberg.de\/konzept\/wp-content\/uploads\/2022\/06\/6d583efa-b22e-4918-b730-b75128c0849c-1152x1536.jpg 1152w, https:\/\/www.ssv-senftenberg.de\/konzept\/wp-content\/uploads\/2022\/06\/6d583efa-b22e-4918-b730-b75128c0849c.jpg 1536w\" sizes=\"auto, (max-width: 525px) 100vw, 525px\" \/><\/a><\/span><\/p>\n<p style=\"text-align: left;\">Wir freuen <span style=\"font-size: 1rem;\">uns schon auf den n\u00e4chsten Rosto<\/span><span style=\"font-size: 1rem;\">cker Master Sprint Cup<\/span><\/p>\n<p style=\"text-align: left;\">Sportliche Gr\u00fc\u00dfe<br \/>\n<strong><em>Stephanie Thiel<\/em><\/strong><br \/>\nPresse &amp; \u00d6ffentlichkeitsarbeit<\/p>\n<p style=\"text-align: center;\">\n","protected":false},"excerpt":{"rendered":"<p>Am 11.06.2022 waren unsere Schwimmer nicht nur in Forst im Becken. Drei Masters hat es nach Rostock gezogen, um dort beim 17. Master Sprint Cup Bestzeiten zu schwimmen und Ostseehallenluft zu schnuppern.<\/p>\n","protected":false},"author":9,"featured_media":0,"comment_status":"closed","ping_status":"closed","sticky":false,"template":"","format":"standard","meta":{"footnotes":""},"categories":[18],"tags":[],"class_list":["post-6308","post","type-post","status-publish","format-standard","hentry","category-wk-bericht"],"_links":{"self":[{"href":"https:\/\/www.ssv-senftenberg.de\/konzept\/wp-json\/wp\/v2\/posts\/6308","targetHints":{"allow":["GET"]}}],"collection":[{"href":"https:\/\/www.ssv-senftenberg.de\/konzept\/wp-json\/wp\/v2\/posts"}],"about":[{"href":"https:\/\/www.ssv-senftenberg.de\/konzept\/wp-json\/wp\/v2\/types\/post"}],"author":[{"embeddable":true,"href":"https:\/\/www.ssv-senftenberg.de\/konzept\/wp-json\/wp\/v2\/users\/9"}],"replies":[{"embeddable":true,"href":"https:\/\/www.ssv-senftenberg.de\/konzept\/wp-json\/wp\/v2\/comments?post=6308"}],"version-history":[{"count":11,"href":"https:\/\/www.ssv-senftenberg.de\/konzept\/wp-json\/wp\/v2\/posts\/6308\/revisions"}],"predecessor-version":[{"id":6370,"href":"https:\/\/www.ssv-senftenberg.de\/konzept\/wp-json\/wp\/v2\/posts\/6308\/revisions\/6370"}],"wp:attachment":[{"href":"https:\/\/www.ssv-senftenberg.de\/konzept\/wp-json\/wp\/v2\/media?parent=6308"}],"wp:term":[{"taxonomy":"category","embeddable":true,"href":"https:\/\/www.ssv-senftenberg.de\/konzept\/wp-json\/wp\/v2\/categories?post=6308"},{"taxonomy":"post_tag","embeddable":true,"href":"https:\/\/www.ssv-senftenberg.de\/konzept\/wp-json\/wp\/v2\/tags?post=6308"}],"curies":[{"name":"wp","href":"https:\/\/api.w.org\/{rel}","templated":true}]}}