{"id":6494,"date":"2022-07-05T14:00:49","date_gmt":"2022-07-05T12:00:49","guid":{"rendered":"https:\/\/www.ssv-senftenberg.de\/konzept\/?p=6494"},"modified":"2022-07-05T14:29:11","modified_gmt":"2022-07-05T12:29:11","slug":"6494-2","status":"publish","type":"post","link":"https:\/\/www.ssv-senftenberg.de\/konzept\/6494-2\/","title":{"rendered":"Schwups ist die Saison vorbei und wir haben unseren Abschluss gefeiert"},"content":{"rendered":"<p>\u00dcber 130 Sportler*innen und Familienangeh\u00f6rige haben am Montag, den 04.07.2022, traditionell den Saisonabschluss im Schullandheim Niemtsch gefeiert.<\/p>\n<p>Neben einer kleinen Er\u00f6ffnungsrede durch den Vorstand, Christian Hahn &amp;\u00a0 Hendrik Just, wurden aus jeder Trainingsgruppe Sportler geehrt.<\/p>\n<p><img loading=\"lazy\" decoding=\"async\" class=\"alignnone wp-image-6498 size-full\" src=\"https:\/\/www.ssv-senftenberg.de\/konzept\/wp-content\/uploads\/2022\/07\/fd3a29be-27ae-44e4-a959-1c9d0dc4e0d3.jpg\" alt=\"\" width=\"1024\" height=\"768\" srcset=\"https:\/\/www.ssv-senftenberg.de\/konzept\/wp-content\/uploads\/2022\/07\/fd3a29be-27ae-44e4-a959-1c9d0dc4e0d3.jpg 1024w, https:\/\/www.ssv-senftenberg.de\/konzept\/wp-content\/uploads\/2022\/07\/fd3a29be-27ae-44e4-a959-1c9d0dc4e0d3-300x225.jpg 300w, https:\/\/www.ssv-senftenberg.de\/konzept\/wp-content\/uploads\/2022\/07\/fd3a29be-27ae-44e4-a959-1c9d0dc4e0d3-768x576.jpg 768w\" sizes=\"auto, (max-width: 767px) 89vw, (max-width: 1000px) 54vw, (max-width: 1071px) 543px, 580px\" \/><\/p>\n<p><!--more-->Frieda Tannert (Trainingsgruppe Antje Lukas),<br \/>Leon Buchwald (Trainingsgruppe Antje Lukas),<br \/>Nele Neumann (Trainingsgruppe Steffen Baumann),<br \/>Leonie Zschiesche (Trainingsgruppe Anne Leufgen),<br \/>Timo Schorten (Trainingsgruppe Christian Hahn),<br \/>Vivien Gr\u00f6ger (Trainingsgruppe Hendrik Just),<\/p>\n<p>konnten sich \u00fcber eine neue Badekappe von Swimfreaks sowie ein Brillenetui und eine Badetasche freuen.<\/p>\n<p>Nach den ganzen Gratulationen ging es ab in den See und aufs Volleyballfeld zu einem Spa\u00dfturnier.\u00a0 Andere Sportler*innen spielten Tischtennis und V\u00f6lkerball. Nebenher wurden flei\u00dfig Bratw\u00fcrste gegrillt und ausreichend Getr\u00e4nke an alle verteilt.<\/p>\n<p>Gesponsert wurde die Veranstaltung unter anderem durch Rewe Radke und Quartiergold. Mit guter Laune, Sporteinheiten und vielen netten Gespr\u00e4chen geht es nun in die Sommerpause.<\/p>\n<p>Wer Lust hat, kann sich bei Christian Hahn gern zum Sommertraining melden. Das Training soll 1x in der Woche im Freibad Gro\u00dfr\u00e4schen stattfinden.<\/p>\n<p>Genie\u00dft den Sommer und sammelt viel Energie f\u00fcr die kommende Saison.<\/p>\n<p>Sportliche Gr\u00fc\u00dfe<br \/><em><strong>Stephanie Thiel<\/strong><\/em><br \/>Presse &amp; \u00d6ffentlichkeitsarbeit<\/p>\n\n\n<div class=\"wp-block-group\"><div class=\"wp-block-group__inner-container is-layout-flow wp-block-group-is-layout-flow\">\n<div class=\"wp-block-columns are-vertically-aligned-bottom is-layout-flex wp-container-core-columns-is-layout-9d6595d7 wp-block-columns-is-layout-flex\">\n<div class=\"wp-block-column is-vertically-aligned-bottom is-layout-flow wp-block-column-is-layout-flow\" style=\"flex-basis:100%\">\n<div class=\"wp-block-group\"><div class=\"wp-block-group__inner-container is-layout-flow wp-block-group-is-layout-flow\">\n<figure class=\"wp-block-image size-large\"><img loading=\"lazy\" decoding=\"async\" width=\"1024\" height=\"768\" src=\"https:\/\/www.ssv-senftenberg.de\/konzept\/wp-content\/uploads\/2022\/07\/Beachvolleyball1-1024x768.jpg\" alt=\"\" class=\"wp-image-6504\" srcset=\"https:\/\/www.ssv-senftenberg.de\/konzept\/wp-content\/uploads\/2022\/07\/Beachvolleyball1-1024x768.jpg 1024w, https:\/\/www.ssv-senftenberg.de\/konzept\/wp-content\/uploads\/2022\/07\/Beachvolleyball1-300x225.jpg 300w, https:\/\/www.ssv-senftenberg.de\/konzept\/wp-content\/uploads\/2022\/07\/Beachvolleyball1-768x576.jpg 768w, https:\/\/www.ssv-senftenberg.de\/konzept\/wp-content\/uploads\/2022\/07\/Beachvolleyball1-1536x1152.jpg 1536w, https:\/\/www.ssv-senftenberg.de\/konzept\/wp-content\/uploads\/2022\/07\/Beachvolleyball1.jpg 1600w\" sizes=\"auto, (max-width: 767px) 89vw, (max-width: 1000px) 54vw, (max-width: 1071px) 543px, 580px\" \/><\/figure>\n\n\n\n<figure class=\"wp-block-image size-large\"><img loading=\"lazy\" decoding=\"async\" width=\"1024\" height=\"768\" src=\"https:\/\/www.ssv-senftenberg.de\/konzept\/wp-content\/uploads\/2022\/07\/Feier1-1024x768.jpg\" alt=\"\" class=\"wp-image-6503\" srcset=\"https:\/\/www.ssv-senftenberg.de\/konzept\/wp-content\/uploads\/2022\/07\/Feier1-1024x768.jpg 1024w, https:\/\/www.ssv-senftenberg.de\/konzept\/wp-content\/uploads\/2022\/07\/Feier1-300x225.jpg 300w, https:\/\/www.ssv-senftenberg.de\/konzept\/wp-content\/uploads\/2022\/07\/Feier1-768x576.jpg 768w, https:\/\/www.ssv-senftenberg.de\/konzept\/wp-content\/uploads\/2022\/07\/Feier1-1536x1152.jpg 1536w, https:\/\/www.ssv-senftenberg.de\/konzept\/wp-content\/uploads\/2022\/07\/Feier1.jpg 1600w\" sizes=\"auto, (max-width: 767px) 89vw, (max-width: 1000px) 54vw, (max-width: 1071px) 543px, 580px\" \/><\/figure>\n\n\n\n<figure class=\"wp-block-image size-large\"><img loading=\"lazy\" decoding=\"async\" width=\"1024\" height=\"768\" src=\"https:\/\/www.ssv-senftenberg.de\/konzept\/wp-content\/uploads\/2022\/07\/Feier2-1024x768.jpg\" alt=\"\" class=\"wp-image-6507\" srcset=\"https:\/\/www.ssv-senftenberg.de\/konzept\/wp-content\/uploads\/2022\/07\/Feier2-1024x768.jpg 1024w, https:\/\/www.ssv-senftenberg.de\/konzept\/wp-content\/uploads\/2022\/07\/Feier2-300x225.jpg 300w, https:\/\/www.ssv-senftenberg.de\/konzept\/wp-content\/uploads\/2022\/07\/Feier2-768x576.jpg 768w, https:\/\/www.ssv-senftenberg.de\/konzept\/wp-content\/uploads\/2022\/07\/Feier2-1536x1152.jpg 1536w, https:\/\/www.ssv-senftenberg.de\/konzept\/wp-content\/uploads\/2022\/07\/Feier2.jpg 2048w\" sizes=\"auto, (max-width: 767px) 89vw, (max-width: 1000px) 54vw, (max-width: 1071px) 543px, 580px\" \/><\/figure>\n\n\n\n<figure class=\"wp-block-image size-large\"><img loading=\"lazy\" decoding=\"async\" width=\"1024\" height=\"768\" src=\"https:\/\/www.ssv-senftenberg.de\/konzept\/wp-content\/uploads\/2022\/07\/Feier3-1024x768.jpg\" alt=\"\" class=\"wp-image-6505\" srcset=\"https:\/\/www.ssv-senftenberg.de\/konzept\/wp-content\/uploads\/2022\/07\/Feier3-1024x768.jpg 1024w, https:\/\/www.ssv-senftenberg.de\/konzept\/wp-content\/uploads\/2022\/07\/Feier3-300x225.jpg 300w, https:\/\/www.ssv-senftenberg.de\/konzept\/wp-content\/uploads\/2022\/07\/Feier3-768x576.jpg 768w, https:\/\/www.ssv-senftenberg.de\/konzept\/wp-content\/uploads\/2022\/07\/Feier3-1536x1152.jpg 1536w, https:\/\/www.ssv-senftenberg.de\/konzept\/wp-content\/uploads\/2022\/07\/Feier3.jpg 2000w\" sizes=\"auto, (max-width: 767px) 89vw, (max-width: 1000px) 54vw, (max-width: 1071px) 543px, 580px\" \/><\/figure>\n\n\n\n<figure class=\"wp-block-image size-large\"><img loading=\"lazy\" decoding=\"async\" width=\"768\" height=\"1024\" src=\"https:\/\/www.ssv-senftenberg.de\/konzept\/wp-content\/uploads\/2022\/07\/Sport1-768x1024.jpg\" alt=\"\" class=\"wp-image-6506\" srcset=\"https:\/\/www.ssv-senftenberg.de\/konzept\/wp-content\/uploads\/2022\/07\/Sport1-768x1024.jpg 768w, https:\/\/www.ssv-senftenberg.de\/konzept\/wp-content\/uploads\/2022\/07\/Sport1-225x300.jpg 225w, https:\/\/www.ssv-senftenberg.de\/konzept\/wp-content\/uploads\/2022\/07\/Sport1-1152x1536.jpg 1152w, https:\/\/www.ssv-senftenberg.de\/konzept\/wp-content\/uploads\/2022\/07\/Sport1.jpg 1536w\" sizes=\"auto, (max-width: 767px) 89vw, (max-width: 1000px) 54vw, (max-width: 1071px) 543px, 580px\" \/><\/figure>\n\n\n\n<figure class=\"wp-block-image size-large\"><img loading=\"lazy\" decoding=\"async\" width=\"1024\" height=\"768\" src=\"https:\/\/www.ssv-senftenberg.de\/konzept\/wp-content\/uploads\/2022\/07\/Sport2-1024x768.jpg\" alt=\"\" class=\"wp-image-6508\" srcset=\"https:\/\/www.ssv-senftenberg.de\/konzept\/wp-content\/uploads\/2022\/07\/Sport2-1024x768.jpg 1024w, https:\/\/www.ssv-senftenberg.de\/konzept\/wp-content\/uploads\/2022\/07\/Sport2-300x225.jpg 300w, https:\/\/www.ssv-senftenberg.de\/konzept\/wp-content\/uploads\/2022\/07\/Sport2-768x576.jpg 768w, https:\/\/www.ssv-senftenberg.de\/konzept\/wp-content\/uploads\/2022\/07\/Sport2-1536x1152.jpg 1536w, https:\/\/www.ssv-senftenberg.de\/konzept\/wp-content\/uploads\/2022\/07\/Sport2.jpg 2000w\" sizes=\"auto, (max-width: 767px) 89vw, (max-width: 1000px) 54vw, (max-width: 1071px) 543px, 580px\" \/><\/figure>\n\n\n\n<figure class=\"wp-block-image size-large\"><img loading=\"lazy\" decoding=\"async\" width=\"1024\" height=\"768\" src=\"https:\/\/www.ssv-senftenberg.de\/konzept\/wp-content\/uploads\/2022\/07\/Sport3-1024x768.jpg\" alt=\"\" class=\"wp-image-6510\" srcset=\"https:\/\/www.ssv-senftenberg.de\/konzept\/wp-content\/uploads\/2022\/07\/Sport3-1024x768.jpg 1024w, https:\/\/www.ssv-senftenberg.de\/konzept\/wp-content\/uploads\/2022\/07\/Sport3-300x225.jpg 300w, https:\/\/www.ssv-senftenberg.de\/konzept\/wp-content\/uploads\/2022\/07\/Sport3-768x576.jpg 768w, https:\/\/www.ssv-senftenberg.de\/konzept\/wp-content\/uploads\/2022\/07\/Sport3-1536x1152.jpg 1536w, https:\/\/www.ssv-senftenberg.de\/konzept\/wp-content\/uploads\/2022\/07\/Sport3.jpg 2000w\" sizes=\"auto, (max-width: 767px) 89vw, (max-width: 1000px) 54vw, (max-width: 1071px) 543px, 580px\" \/><\/figure>\n\n\n\n<figure class=\"wp-block-image size-large\"><img loading=\"lazy\" decoding=\"async\" width=\"1024\" height=\"768\" src=\"https:\/\/www.ssv-senftenberg.de\/konzept\/wp-content\/uploads\/2022\/07\/Sport4-1024x768.jpg\" alt=\"\" class=\"wp-image-6509\" srcset=\"https:\/\/www.ssv-senftenberg.de\/konzept\/wp-content\/uploads\/2022\/07\/Sport4-1024x768.jpg 1024w, https:\/\/www.ssv-senftenberg.de\/konzept\/wp-content\/uploads\/2022\/07\/Sport4-300x225.jpg 300w, https:\/\/www.ssv-senftenberg.de\/konzept\/wp-content\/uploads\/2022\/07\/Sport4-768x576.jpg 768w, https:\/\/www.ssv-senftenberg.de\/konzept\/wp-content\/uploads\/2022\/07\/Sport4-1536x1152.jpg 1536w, https:\/\/www.ssv-senftenberg.de\/konzept\/wp-content\/uploads\/2022\/07\/Sport4.jpg 2048w\" sizes=\"auto, (max-width: 767px) 89vw, (max-width: 1000px) 54vw, (max-width: 1071px) 543px, 580px\" \/><\/figure>\n<\/div><\/div>\n<\/div>\n<\/div>\n<\/div><\/div>\n","protected":false},"excerpt":{"rendered":"<p>\u00dcber 130 Sportler*innen und Familienangeh\u00f6rige haben am Montag, den 04.07.2022, traditionell den Saisonabschluss im Schullandheim Niemtsch gefeiert. Neben einer kleinen Er\u00f6ffnungsrede durch den Vorstand, Christian Hahn &amp;\u00a0 Hendrik Just, wurden aus jeder Trainingsgruppe Sportler geehrt.<\/p>\n","protected":false},"author":9,"featured_media":0,"comment_status":"closed","ping_status":"closed","sticky":false,"template":"","format":"standard","meta":{"footnotes":""},"categories":[1],"tags":[],"class_list":["post-6494","post","type-post","status-publish","format-standard","hentry","category-allgemein"],"_links":{"self":[{"href":"https:\/\/www.ssv-senftenberg.de\/konzept\/wp-json\/wp\/v2\/posts\/6494","targetHints":{"allow":["GET"]}}],"collection":[{"href":"https:\/\/www.ssv-senftenberg.de\/konzept\/wp-json\/wp\/v2\/posts"}],"about":[{"href":"https:\/\/www.ssv-senftenberg.de\/konzept\/wp-json\/wp\/v2\/types\/post"}],"author":[{"embeddable":true,"href":"https:\/\/www.ssv-senftenberg.de\/konzept\/wp-json\/wp\/v2\/users\/9"}],"replies":[{"embeddable":true,"href":"https:\/\/www.ssv-senftenberg.de\/konzept\/wp-json\/wp\/v2\/comments?post=6494"}],"version-history":[{"count":8,"href":"https:\/\/www.ssv-senftenberg.de\/konzept\/wp-json\/wp\/v2\/posts\/6494\/revisions"}],"predecessor-version":[{"id":6515,"href":"https:\/\/www.ssv-senftenberg.de\/konzept\/wp-json\/wp\/v2\/posts\/6494\/revisions\/6515"}],"wp:attachment":[{"href":"https:\/\/www.ssv-senftenberg.de\/konzept\/wp-json\/wp\/v2\/media?parent=6494"}],"wp:term":[{"taxonomy":"category","embeddable":true,"href":"https:\/\/www.ssv-senftenberg.de\/konzept\/wp-json\/wp\/v2\/categories?post=6494"},{"taxonomy":"post_tag","embeddable":true,"href":"https:\/\/www.ssv-senftenberg.de\/konzept\/wp-json\/wp\/v2\/tags?post=6494"}],"curies":[{"name":"wp","href":"https:\/\/api.w.org\/{rel}","templated":true}]}}