{"id":6533,"date":"2022-07-11T22:13:33","date_gmt":"2022-07-11T20:13:33","guid":{"rendered":"https:\/\/www.ssv-senftenberg.de\/konzept\/?p=6533"},"modified":"2022-07-11T22:24:59","modified_gmt":"2022-07-11T20:24:59","slug":"vorstandssitzung-die-1-im-garten-bei-stephanie-henrik","status":"publish","type":"post","link":"https:\/\/www.ssv-senftenberg.de\/konzept\/vorstandssitzung-die-1-im-garten-bei-stephanie-henrik\/","title":{"rendered":"Vorstandssitzung die 1. im Garten bei Stephanie &#038; Henrik"},"content":{"rendered":"<p>Unser neuer Vorstand hat offiziell im Juni das erste Mal getagt. Das gute Wetter wurde genutzt und bei einem sch\u00f6nen lauen Sommerabend auf der Terrasse bei Stephanie &amp; Henrik \u00fcber wichtige Punkte gesprochen.<\/p>\n<figure id=\"attachment_6534\" aria-describedby=\"caption-attachment-6534\" style=\"width: 525px\" class=\"wp-caption alignnone\"><img loading=\"lazy\" decoding=\"async\" class=\"wp-image-6534 size-large\" src=\"https:\/\/www.ssv-senftenberg.de\/konzept\/wp-content\/uploads\/2022\/07\/Vorstandssitzung300622-1024x768.jpg\" alt=\"\" width=\"525\" height=\"394\" srcset=\"https:\/\/www.ssv-senftenberg.de\/konzept\/wp-content\/uploads\/2022\/07\/Vorstandssitzung300622-1024x768.jpg 1024w, https:\/\/www.ssv-senftenberg.de\/konzept\/wp-content\/uploads\/2022\/07\/Vorstandssitzung300622-300x225.jpg 300w, https:\/\/www.ssv-senftenberg.de\/konzept\/wp-content\/uploads\/2022\/07\/Vorstandssitzung300622-768x576.jpg 768w, https:\/\/www.ssv-senftenberg.de\/konzept\/wp-content\/uploads\/2022\/07\/Vorstandssitzung300622-1536x1152.jpg 1536w, https:\/\/www.ssv-senftenberg.de\/konzept\/wp-content\/uploads\/2022\/07\/Vorstandssitzung300622.jpg 1600w\" sizes=\"auto, (max-width: 525px) 100vw, 525px\" \/><figcaption id=\"caption-attachment-6534\" class=\"wp-caption-text\">v. l. n. r. Stephanie Hoffmann, Henrik Hoffmann, Christian Hahn, Alexander D\u00fcffort, Hendrik Just, Stephanie Thiel<\/figcaption><\/figure>\n<p><!--more-->Unter anderem ging es um die n\u00e4chste Mitgliederversammlung, Zukunftspl\u00e4ne f\u00fcr den Verein und die Planung der 100 Jahr Feier.<\/p>\n<p>Achtung, diese soll noch in diesem Jahr durchgef\u00fchrt werden.<\/p>\n<p>Alle wichtigen Informationen \u00fcber den Verein erfahrt Ihr hier oder in unseren social media Kan\u00e4len bei Instagram und Facebook.<\/p>\n<p>Genie\u00dft den Sommer.<\/p>\n<p>Sportliche Gr\u00fc\u00dfe<br \/>\n<strong><em>Stephanie Thiel<\/em><\/strong><br \/>\nPresse &amp; \u00d6ffentlichkeitsarbeit<\/p>\n","protected":false},"excerpt":{"rendered":"<p>Unser neuer Vorstand hat offiziell im Juni das erste Mal getagt. Das gute Wetter wurde genutzt und bei einem sch\u00f6nen lauen Sommerabend auf der Terrasse bei Stephanie &amp; Henrik \u00fcber wichtige Punkte gesprochen.<\/p>\n","protected":false},"author":9,"featured_media":0,"comment_status":"closed","ping_status":"closed","sticky":false,"template":"","format":"standard","meta":{"footnotes":""},"categories":[1],"tags":[],"class_list":["post-6533","post","type-post","status-publish","format-standard","hentry","category-allgemein"],"_links":{"self":[{"href":"https:\/\/www.ssv-senftenberg.de\/konzept\/wp-json\/wp\/v2\/posts\/6533","targetHints":{"allow":["GET"]}}],"collection":[{"href":"https:\/\/www.ssv-senftenberg.de\/konzept\/wp-json\/wp\/v2\/posts"}],"about":[{"href":"https:\/\/www.ssv-senftenberg.de\/konzept\/wp-json\/wp\/v2\/types\/post"}],"author":[{"embeddable":true,"href":"https:\/\/www.ssv-senftenberg.de\/konzept\/wp-json\/wp\/v2\/users\/9"}],"replies":[{"embeddable":true,"href":"https:\/\/www.ssv-senftenberg.de\/konzept\/wp-json\/wp\/v2\/comments?post=6533"}],"version-history":[{"count":8,"href":"https:\/\/www.ssv-senftenberg.de\/konzept\/wp-json\/wp\/v2\/posts\/6533\/revisions"}],"predecessor-version":[{"id":6543,"href":"https:\/\/www.ssv-senftenberg.de\/konzept\/wp-json\/wp\/v2\/posts\/6533\/revisions\/6543"}],"wp:attachment":[{"href":"https:\/\/www.ssv-senftenberg.de\/konzept\/wp-json\/wp\/v2\/media?parent=6533"}],"wp:term":[{"taxonomy":"category","embeddable":true,"href":"https:\/\/www.ssv-senftenberg.de\/konzept\/wp-json\/wp\/v2\/categories?post=6533"},{"taxonomy":"post_tag","embeddable":true,"href":"https:\/\/www.ssv-senftenberg.de\/konzept\/wp-json\/wp\/v2\/tags?post=6533"}],"curies":[{"name":"wp","href":"https:\/\/api.w.org\/{rel}","templated":true}]}}