{"id":6586,"date":"2022-09-11T12:16:45","date_gmt":"2022-09-11T10:16:45","guid":{"rendered":"https:\/\/www.ssv-senftenberg.de\/konzept\/?p=6586"},"modified":"2022-09-11T12:22:06","modified_gmt":"2022-09-11T10:22:06","slug":"wir-schwimmer-koennen-uns-nicht-nur-gut-ueber-wasser-halten","status":"publish","type":"post","link":"https:\/\/www.ssv-senftenberg.de\/konzept\/wir-schwimmer-koennen-uns-nicht-nur-gut-ueber-wasser-halten\/","title":{"rendered":"Wir Schwimmer k\u00f6nnen uns nicht nur gut \u00fcber Wasser halten."},"content":{"rendered":"<figure id=\"attachment_6590\" aria-describedby=\"caption-attachment-6590\" style=\"width: 169px\" class=\"wp-caption alignnone\"><img loading=\"lazy\" decoding=\"async\" class=\"wp-image-6590 size-medium\" style=\"font-weight: bold; color: #666666; font-size: 0.8125rem; font-style: italic;\" src=\"https:\/\/www.ssv-senftenberg.de\/konzept\/wp-content\/uploads\/2022\/09\/photo_2022-09-11_11-59-23-169x300.jpg\" alt=\"\" width=\"169\" height=\"300\" srcset=\"https:\/\/www.ssv-senftenberg.de\/konzept\/wp-content\/uploads\/2022\/09\/photo_2022-09-11_11-59-23-169x300.jpg 169w, https:\/\/www.ssv-senftenberg.de\/konzept\/wp-content\/uploads\/2022\/09\/photo_2022-09-11_11-59-23-576x1024.jpg 576w, https:\/\/www.ssv-senftenberg.de\/konzept\/wp-content\/uploads\/2022\/09\/photo_2022-09-11_11-59-23.jpg 720w\" sizes=\"auto, (max-width: 169px) 100vw, 169px\" \/><figcaption id=\"caption-attachment-6590\" class=\"wp-caption-text\">Alexander D\u00fcffort<\/figcaption><\/figure>\n<figure id=\"attachment_6588\" aria-describedby=\"caption-attachment-6588\" style=\"width: 169px\" class=\"wp-caption alignnone\"><img loading=\"lazy\" decoding=\"async\" class=\"wp-image-6588 size-medium\" style=\"font-size: 1rem;\" src=\"https:\/\/www.ssv-senftenberg.de\/konzept\/wp-content\/uploads\/2022\/09\/photo_2022-09-11_11-59-23-3-169x300.jpg\" alt=\"\" width=\"169\" height=\"300\" srcset=\"https:\/\/www.ssv-senftenberg.de\/konzept\/wp-content\/uploads\/2022\/09\/photo_2022-09-11_11-59-23-3-169x300.jpg 169w, https:\/\/www.ssv-senftenberg.de\/konzept\/wp-content\/uploads\/2022\/09\/photo_2022-09-11_11-59-23-3-576x1024.jpg 576w, https:\/\/www.ssv-senftenberg.de\/konzept\/wp-content\/uploads\/2022\/09\/photo_2022-09-11_11-59-23-3.jpg 720w\" sizes=\"auto, (max-width: 169px) 100vw, 169px\" \/><figcaption id=\"caption-attachment-6588\" class=\"wp-caption-text\">Carl D\u00fcffort<\/figcaption><\/figure>\n<p>Einige aus unserem Verein zieht es neben dem Schwimmtraining oft ans Land zum Radfahren und Laufen oder auch zum Athletiktraining oder Volleyball spielen.<\/p>\n<p>So auch unser Vereinsmitglied Alexander D\u00fcffort. Er ist leidenschaftlicher Triathlet und l\u00e4sst kaum einen Wettkampf aus. Eigentlich wollten er uns sein Sohn Carl beim Knappenman starten, dieser wurde jedoch abgesagt. Kein Problem dachte sich Alexander also meldete er sich und Carl, auch SSV Mitglied, beim BerlinWoMan Triathlon an.<!--more--><\/p>\n<p>Der Triathlonverein die Weltraumj<span style=\"font-size: 1rem;\">ogger luden zum BerlinWoMan ein und Athleten aus 12 L\u00e4ndern folgten der Einladung, sie trafen sich alle im gr\u00f6\u00dften Strandbad Europas \u2013 dem Strandbad Wannsee<\/span><span style=\"font-size: 1rem;\">.<\/span><\/p>\n<p>F\u00fcr Alexander war es der 6 Mitteldistanz Triathlon in diesem Jahr und f\u00fcr Carl der erste Swim &amp; Run. Nach einer 100 m Strecke im Freiwasser, wechselte Carl mit sandigen F\u00fc\u00dfen in die Laufschuhe um 500 m zu laufen, inklusive 90 Treppenstufen.<\/p>\n<p>Eine super sportliche Leistungen von beiden.<\/p>\n<p>Vielleicht steckt die Motivation der beiden den ein oder anderen Schwimmer an und wir k\u00f6nnen f\u00fcr die n\u00e4chste Triathlon-Saison mehr SSV Teilnehmer mobilisieren zum Beispiel f\u00fcr den F60 Triathlon oder Knappenman.<\/p>\n<p>Sportliche Gr\u00fc\u00dfe<br \/>\n<strong><em>Stephanie Thiel<\/em><\/strong><br \/>\nPresse &amp; \u00d6ffentlichkeitsarbeit<\/p>\n<p><img loading=\"lazy\" decoding=\"async\" class=\"alignnone wp-image-6587 size-large\" style=\"font-size: 1rem;\" src=\"https:\/\/www.ssv-senftenberg.de\/konzept\/wp-content\/uploads\/2022\/09\/photo_2022-09-11_11-59-23-2-576x1024.jpg\" alt=\"\" width=\"525\" height=\"933\" srcset=\"https:\/\/www.ssv-senftenberg.de\/konzept\/wp-content\/uploads\/2022\/09\/photo_2022-09-11_11-59-23-2-576x1024.jpg 576w, https:\/\/www.ssv-senftenberg.de\/konzept\/wp-content\/uploads\/2022\/09\/photo_2022-09-11_11-59-23-2-169x300.jpg 169w, https:\/\/www.ssv-senftenberg.de\/konzept\/wp-content\/uploads\/2022\/09\/photo_2022-09-11_11-59-23-2.jpg 720w\" sizes=\"auto, (max-width: 525px) 100vw, 525px\" \/><img loading=\"lazy\" decoding=\"async\" class=\"alignnone wp-image-6591 size-large\" style=\"font-size: 1rem;\" src=\"https:\/\/www.ssv-senftenberg.de\/konzept\/wp-content\/uploads\/2022\/09\/photo_2022-09-11_11-59-24-2-576x1024.jpg\" alt=\"\" width=\"525\" height=\"933\" srcset=\"https:\/\/www.ssv-senftenberg.de\/konzept\/wp-content\/uploads\/2022\/09\/photo_2022-09-11_11-59-24-2-576x1024.jpg 576w, https:\/\/www.ssv-senftenberg.de\/konzept\/wp-content\/uploads\/2022\/09\/photo_2022-09-11_11-59-24-2-169x300.jpg 169w, https:\/\/www.ssv-senftenberg.de\/konzept\/wp-content\/uploads\/2022\/09\/photo_2022-09-11_11-59-24-2.jpg 720w\" sizes=\"auto, (max-width: 525px) 100vw, 525px\" \/><img loading=\"lazy\" decoding=\"async\" class=\"alignnone wp-image-6592 size-large\" style=\"font-size: 1rem;\" src=\"https:\/\/www.ssv-senftenberg.de\/konzept\/wp-content\/uploads\/2022\/09\/photo_2022-09-11_11-59-24-3-576x1024.jpg\" alt=\"\" width=\"525\" height=\"933\" srcset=\"https:\/\/www.ssv-senftenberg.de\/konzept\/wp-content\/uploads\/2022\/09\/photo_2022-09-11_11-59-24-3-576x1024.jpg 576w, https:\/\/www.ssv-senftenberg.de\/konzept\/wp-content\/uploads\/2022\/09\/photo_2022-09-11_11-59-24-3-169x300.jpg 169w, https:\/\/www.ssv-senftenberg.de\/konzept\/wp-content\/uploads\/2022\/09\/photo_2022-09-11_11-59-24-3.jpg 720w\" sizes=\"auto, (max-width: 525px) 100vw, 525px\" \/> <img loading=\"lazy\" decoding=\"async\" class=\"alignnone wp-image-6593 size-large\" style=\"font-size: 1rem;\" src=\"https:\/\/www.ssv-senftenberg.de\/konzept\/wp-content\/uploads\/2022\/09\/photo_2022-09-11_11-59-24-4-576x1024.jpg\" alt=\"\" width=\"525\" height=\"933\" srcset=\"https:\/\/www.ssv-senftenberg.de\/konzept\/wp-content\/uploads\/2022\/09\/photo_2022-09-11_11-59-24-4-576x1024.jpg 576w, https:\/\/www.ssv-senftenberg.de\/konzept\/wp-content\/uploads\/2022\/09\/photo_2022-09-11_11-59-24-4-169x300.jpg 169w, https:\/\/www.ssv-senftenberg.de\/konzept\/wp-content\/uploads\/2022\/09\/photo_2022-09-11_11-59-24-4.jpg 720w\" sizes=\"auto, (max-width: 525px) 100vw, 525px\" \/> <img loading=\"lazy\" decoding=\"async\" class=\"alignnone wp-image-6594 size-large\" style=\"font-size: 1rem;\" src=\"https:\/\/www.ssv-senftenberg.de\/konzept\/wp-content\/uploads\/2022\/09\/photo_2022-09-11_11-59-24-5-576x1024.jpg\" alt=\"\" width=\"525\" height=\"933\" srcset=\"https:\/\/www.ssv-senftenberg.de\/konzept\/wp-content\/uploads\/2022\/09\/photo_2022-09-11_11-59-24-5-576x1024.jpg 576w, https:\/\/www.ssv-senftenberg.de\/konzept\/wp-content\/uploads\/2022\/09\/photo_2022-09-11_11-59-24-5-169x300.jpg 169w, https:\/\/www.ssv-senftenberg.de\/konzept\/wp-content\/uploads\/2022\/09\/photo_2022-09-11_11-59-24-5.jpg 720w\" sizes=\"auto, (max-width: 525px) 100vw, 525px\" \/> <img loading=\"lazy\" decoding=\"async\" class=\"alignnone wp-image-6595 size-large\" style=\"font-size: 1rem;\" src=\"https:\/\/www.ssv-senftenberg.de\/konzept\/wp-content\/uploads\/2022\/09\/photo_2022-09-11_11-59-24-576x1024.jpg\" alt=\"\" width=\"525\" height=\"933\" srcset=\"https:\/\/www.ssv-senftenberg.de\/konzept\/wp-content\/uploads\/2022\/09\/photo_2022-09-11_11-59-24-576x1024.jpg 576w, https:\/\/www.ssv-senftenberg.de\/konzept\/wp-content\/uploads\/2022\/09\/photo_2022-09-11_11-59-24-169x300.jpg 169w, https:\/\/www.ssv-senftenberg.de\/konzept\/wp-content\/uploads\/2022\/09\/photo_2022-09-11_11-59-24.jpg 720w\" sizes=\"auto, (max-width: 525px) 100vw, 525px\" \/><\/p>\n<p><img loading=\"lazy\" decoding=\"async\" class=\"alignnone wp-image-6589 size-large\" style=\"font-size: 1rem;\" src=\"https:\/\/www.ssv-senftenberg.de\/konzept\/wp-content\/uploads\/2022\/09\/photo_2022-09-11_11-59-23-4-576x1024.jpg\" alt=\"\" width=\"525\" height=\"933\" srcset=\"https:\/\/www.ssv-senftenberg.de\/konzept\/wp-content\/uploads\/2022\/09\/photo_2022-09-11_11-59-23-4-576x1024.jpg 576w, https:\/\/www.ssv-senftenberg.de\/konzept\/wp-content\/uploads\/2022\/09\/photo_2022-09-11_11-59-23-4-169x300.jpg 169w, https:\/\/www.ssv-senftenberg.de\/konzept\/wp-content\/uploads\/2022\/09\/photo_2022-09-11_11-59-23-4.jpg 720w\" sizes=\"auto, (max-width: 525px) 100vw, 525px\" \/><\/p>\n","protected":false},"excerpt":{"rendered":"<p>Einige aus unserem Verein zieht es neben dem Schwimmtraining oft ans Land zum Radfahren und Laufen oder auch zum Athletiktraining oder Volleyball spielen. So auch unser Vereinsmitglied Alexander D\u00fcffort. Er ist leidenschaftlicher Triathlet und l\u00e4sst kaum einen Wettkampf aus. Eigentlich wollten er uns sein Sohn Carl beim Knappenman starten, dieser wurde jedoch abgesagt. Kein Problem &hellip; <\/p>\n<p class=\"link-more\"><a href=\"https:\/\/www.ssv-senftenberg.de\/konzept\/wir-schwimmer-koennen-uns-nicht-nur-gut-ueber-wasser-halten\/\" class=\"more-link\"><span class=\"screen-reader-text\">\u201eWir Schwimmer k\u00f6nnen uns nicht nur gut \u00fcber Wasser halten.\u201c <\/span>weiterlesen<\/a><\/p>\n","protected":false},"author":9,"featured_media":0,"comment_status":"closed","ping_status":"closed","sticky":false,"template":"","format":"gallery","meta":{"footnotes":""},"categories":[1],"tags":[],"class_list":["post-6586","post","type-post","status-publish","format-gallery","hentry","category-allgemein","post_format-post-format-gallery"],"_links":{"self":[{"href":"https:\/\/www.ssv-senftenberg.de\/konzept\/wp-json\/wp\/v2\/posts\/6586","targetHints":{"allow":["GET"]}}],"collection":[{"href":"https:\/\/www.ssv-senftenberg.de\/konzept\/wp-json\/wp\/v2\/posts"}],"about":[{"href":"https:\/\/www.ssv-senftenberg.de\/konzept\/wp-json\/wp\/v2\/types\/post"}],"author":[{"embeddable":true,"href":"https:\/\/www.ssv-senftenberg.de\/konzept\/wp-json\/wp\/v2\/users\/9"}],"replies":[{"embeddable":true,"href":"https:\/\/www.ssv-senftenberg.de\/konzept\/wp-json\/wp\/v2\/comments?post=6586"}],"version-history":[{"count":8,"href":"https:\/\/www.ssv-senftenberg.de\/konzept\/wp-json\/wp\/v2\/posts\/6586\/revisions"}],"predecessor-version":[{"id":6604,"href":"https:\/\/www.ssv-senftenberg.de\/konzept\/wp-json\/wp\/v2\/posts\/6586\/revisions\/6604"}],"wp:attachment":[{"href":"https:\/\/www.ssv-senftenberg.de\/konzept\/wp-json\/wp\/v2\/media?parent=6586"}],"wp:term":[{"taxonomy":"category","embeddable":true,"href":"https:\/\/www.ssv-senftenberg.de\/konzept\/wp-json\/wp\/v2\/categories?post=6586"},{"taxonomy":"post_tag","embeddable":true,"href":"https:\/\/www.ssv-senftenberg.de\/konzept\/wp-json\/wp\/v2\/tags?post=6586"}],"curies":[{"name":"wp","href":"https:\/\/api.w.org\/{rel}","templated":true}]}}