{"id":6689,"date":"2022-10-11T11:11:25","date_gmt":"2022-10-11T09:11:25","guid":{"rendered":"https:\/\/www.ssv-senftenberg.de\/konzept\/?p=6689"},"modified":"2022-10-11T11:26:22","modified_gmt":"2022-10-11T09:26:22","slug":"100-jahresfeier-i-aufgeschoben-ist-nicht-aufgehoben","status":"publish","type":"post","link":"https:\/\/www.ssv-senftenberg.de\/konzept\/100-jahresfeier-i-aufgeschoben-ist-nicht-aufgehoben\/","title":{"rendered":"100 Jahresfeier I Aufgeschoben ist nicht aufgehoben"},"content":{"rendered":"<p><img loading=\"lazy\" decoding=\"async\" class=\"alignnone wp-image-6682 size-full\" src=\"https:\/\/www.ssv-senftenberg.de\/konzept\/wp-content\/uploads\/2022\/10\/100-Jahre-SSV-Webseite-14-\u00d7-16-cm.png\" alt=\"\" width=\"1654\" height=\"1890\" srcset=\"https:\/\/www.ssv-senftenberg.de\/konzept\/wp-content\/uploads\/2022\/10\/100-Jahre-SSV-Webseite-14-\u00d7-16-cm.png 1654w, https:\/\/www.ssv-senftenberg.de\/konzept\/wp-content\/uploads\/2022\/10\/100-Jahre-SSV-Webseite-14-\u00d7-16-cm-263x300.png 263w, https:\/\/www.ssv-senftenberg.de\/konzept\/wp-content\/uploads\/2022\/10\/100-Jahre-SSV-Webseite-14-\u00d7-16-cm-896x1024.png 896w, https:\/\/www.ssv-senftenberg.de\/konzept\/wp-content\/uploads\/2022\/10\/100-Jahre-SSV-Webseite-14-\u00d7-16-cm-768x878.png 768w, https:\/\/www.ssv-senftenberg.de\/konzept\/wp-content\/uploads\/2022\/10\/100-Jahre-SSV-Webseite-14-\u00d7-16-cm-1344x1536.png 1344w\" sizes=\"auto, (max-width: 767px) 89vw, (max-width: 1000px) 54vw, (max-width: 1071px) 543px, 580px\" \/><\/p>\n<p>Mit dem Vorstandswechsel haben wir die Organisation der 100 Jahresfeier \u00fcbernommen, die leider auf Grund von Corona 2021 verschoben werden musste.<\/p>\n<p>Voller Freude auf ein Widersehen mit allen ehemaligen und aktiven Schwimmmitgliedern und eine gro\u00dfe Party zu feiern, haben wir versucht die Jahresfeier spontan noch dieses Jahr durchzuf\u00fchren. Leider kamen mittlerweile so viele R\u00fcckmeldungen, dass Sportler nicht k\u00f6nnen, und das wollen wir nicht.<!--more--><\/p>\n<p>Aller guten Dinge sind drei.<\/p>\n<p>Wir planen die Feier f\u00fcr M\u00e4rz 2023 und werden auch zeitnah einen Termin verk\u00fcnden. Bis dahin werden wir die Zeit nutzen ein einzigartiges Event f\u00fcr alle aktiven Mitglieder und ehemaligen Mitglieder zu organisieren.<\/p>\n<p>Danke f\u00fcr euer Verst\u00e4ndnis.<\/p>\n<p>Sportliche Gr\u00fc\u00dfe<br \/>\n<strong><em>Stephanie Thiel<\/em><\/strong><br \/>\nPresse &amp; \u00d6ffentlichkeitsarbeit<\/p>\n<p>&nbsp;<\/p>\n","protected":false},"excerpt":{"rendered":"<p>Mit dem Vorstandswechsel haben wir die Organisation der 100 Jahresfeier \u00fcbernommen, die leider auf Grund von Corona 2021 verschoben werden musste. Voller Freude auf ein Widersehen mit allen ehemaligen und aktiven Schwimmmitgliedern und eine gro\u00dfe Party zu feiern, haben wir versucht die Jahresfeier spontan noch dieses Jahr durchzuf\u00fchren. Leider kamen mittlerweile so viele R\u00fcckmeldungen, dass &hellip; <\/p>\n<p class=\"link-more\"><a href=\"https:\/\/www.ssv-senftenberg.de\/konzept\/100-jahresfeier-i-aufgeschoben-ist-nicht-aufgehoben\/\" class=\"more-link\"><span class=\"screen-reader-text\">\u201e100 Jahresfeier I Aufgeschoben ist nicht aufgehoben\u201c <\/span>weiterlesen<\/a><\/p>\n","protected":false},"author":9,"featured_media":0,"comment_status":"closed","ping_status":"closed","sticky":false,"template":"","format":"standard","meta":{"footnotes":""},"categories":[1],"tags":[],"class_list":["post-6689","post","type-post","status-publish","format-standard","hentry","category-allgemein"],"_links":{"self":[{"href":"https:\/\/www.ssv-senftenberg.de\/konzept\/wp-json\/wp\/v2\/posts\/6689","targetHints":{"allow":["GET"]}}],"collection":[{"href":"https:\/\/www.ssv-senftenberg.de\/konzept\/wp-json\/wp\/v2\/posts"}],"about":[{"href":"https:\/\/www.ssv-senftenberg.de\/konzept\/wp-json\/wp\/v2\/types\/post"}],"author":[{"embeddable":true,"href":"https:\/\/www.ssv-senftenberg.de\/konzept\/wp-json\/wp\/v2\/users\/9"}],"replies":[{"embeddable":true,"href":"https:\/\/www.ssv-senftenberg.de\/konzept\/wp-json\/wp\/v2\/comments?post=6689"}],"version-history":[{"count":3,"href":"https:\/\/www.ssv-senftenberg.de\/konzept\/wp-json\/wp\/v2\/posts\/6689\/revisions"}],"predecessor-version":[{"id":6692,"href":"https:\/\/www.ssv-senftenberg.de\/konzept\/wp-json\/wp\/v2\/posts\/6689\/revisions\/6692"}],"wp:attachment":[{"href":"https:\/\/www.ssv-senftenberg.de\/konzept\/wp-json\/wp\/v2\/media?parent=6689"}],"wp:term":[{"taxonomy":"category","embeddable":true,"href":"https:\/\/www.ssv-senftenberg.de\/konzept\/wp-json\/wp\/v2\/categories?post=6689"},{"taxonomy":"post_tag","embeddable":true,"href":"https:\/\/www.ssv-senftenberg.de\/konzept\/wp-json\/wp\/v2\/tags?post=6689"}],"curies":[{"name":"wp","href":"https:\/\/api.w.org\/{rel}","templated":true}]}}