{"id":6710,"date":"2022-11-12T11:50:48","date_gmt":"2022-11-12T10:50:48","guid":{"rendered":"https:\/\/www.ssv-senftenberg.de\/konzept\/?p=6710"},"modified":"2023-03-13T14:14:26","modified_gmt":"2023-03-13T13:14:26","slug":"ferien-in-brandenburg-wettkampf-in-sachsen-i-neisse-pokal-in-goerlitz","status":"publish","type":"post","link":"https:\/\/www.ssv-senftenberg.de\/konzept\/ferien-in-brandenburg-wettkampf-in-sachsen-i-neisse-pokal-in-goerlitz\/","title":{"rendered":"Ferien in Brandenburg, Wettkampf in Sachsen I Neisse-Pokal in G\u00f6rlitz"},"content":{"rendered":"<p><img loading=\"lazy\" decoding=\"async\" class=\"alignnone size-full wp-image-6752\" src=\"https:\/\/www.ssv-senftenberg.de\/konzept\/wp-content\/uploads\/2022\/11\/477d4cae-ba74-4dcf-8c43-40b9ba5f4567_inPixio-Copy.jpg\" alt=\"\" width=\"768\" height=\"1024\" srcset=\"https:\/\/www.ssv-senftenberg.de\/konzept\/wp-content\/uploads\/2022\/11\/477d4cae-ba74-4dcf-8c43-40b9ba5f4567_inPixio-Copy.jpg 768w, https:\/\/www.ssv-senftenberg.de\/konzept\/wp-content\/uploads\/2022\/11\/477d4cae-ba74-4dcf-8c43-40b9ba5f4567_inPixio-Copy-225x300.jpg 225w\" sizes=\"auto, (max-width: 767px) 89vw, (max-width: 1000px) 54vw, (max-width: 1071px) 543px, 580px\" \/>Aufgrund dieser Tatsache kam es zustande, dass nur ein Sportler der TG Leufgen am Wettkampf in G\u00f6rlitz teilgenommen hat &#8211; unser J\u00fcngster &#8211; Moritz Thie\u00df (Jg. 2013).<\/p>\n<p>Auf der Fahrt dorthin hat Moritz ein wenig geschlummert und vor Ort genoss er die 1:1-Betreuung; \u201cIst richtig entspannt ohne die Trainingsgruppe&#8220;, so Moritz.<\/p>\n<p>Der Wettkampf war gut durchorganisiert, Zeitplan perfekt, Versorgung drumherum gew\u00e4hrleistet, Siegerehrungen gut integriert \u2026 rundum ein sch\u00f6ner Wettkampf.<!--more--><\/p>\n<p>Moritz ist vier Mal gestartet: 100m R\u00fccken, 100m Freistil, 100m Lagen, 100m Brust.<\/p>\n<p>100m R\u00fccken &#8211; seine \u201eAngststrecke bez\u00fcglich der Wenden\u201c beendete er nach 1:52,49 Min. mit einer Bronzemedaille, super Leistung.<\/p>\n<p>100m Freistil &#8211; da schwamm er vor vier Wochen beim Halleschen Salzpokal gerade erst eine Bestzeit und knackte\u00a0 hier nun die 1:50,00 Min. und belegte mit 1:49,09 Min. den 4. Platz.<\/p>\n<p>Vor Ort -&gt; ein stolzes gl\u00fcckliches Kind und eine stolze Trainerin.<\/p>\n<p>Zwei Strecken standen noch aus; 100m Lagen &#8211; super geschwommen &#8211; am Ende aber disqualifiziert, da er bei Brust seine Beine nicht in einer waagerechten Ebene hatte. War uns v\u00f6llig neu, gab es bei Moritz im Training und bei Wettk\u00e4mpfen noch nie.<\/p>\n<p>Nun standen noch die 100m Brust aus &#8211; oje, das, wo er doch die Beine scheinbar nicht richtig macht und auch noch auf der Au\u00dfenbahn im vollen Blickfeld des Seitenrichters startete.<\/p>\n<p>Ich habe seine Beinbewegung gefilmt, um herauszufinden, ob er es tats\u00e4chlich falsch macht. Sah alles super aus.<\/p>\n<p>Doch was passierte? Er wurde disqualifiziert &#8211; oh nein.<\/p>\n<p>Und man glaube es nicht, Au\u00dfenbahn, der Seitenrichter lief st\u00e4ndig nebenher und beobachtete ihn und nein, es waren nicht die Beine in nicht waagerechter Ebene, diesmal war es ein Anschlag &#8211; bei der dritten Wende nicht mit beiden H\u00e4nden gleichzeitig angeschlagen. Das hatte ich leider nicht gefilmt, aber den Anschlag geh\u00f6rt und gesehen, den er, da alle Kinder unserer TG wissen, was daran h\u00e4ngt, so auff\u00e4llig an die \u201eBeckenwand gedonnert\u201c hat, dass es uns ein R\u00e4tsel ist, wie man sowas nicht gleichzeitig machen kann.<\/p>\n<p>Aber gut &#8211; so ist das Wettkampfleben mit all seinen Erfahrungen und Erlebnissen.<\/p>\n<p>Moritz war stolz auf sein Erreichtes, ich ebenso! Und die Eltern berichteten von einem ersch\u00f6pften, aber gl\u00fccklichen Kind nach R\u00fcckkehr.<\/p>\n<p><img loading=\"lazy\" decoding=\"async\" class=\"alignnone wp-image-6715 size-full\" src=\"https:\/\/www.ssv-senftenberg.de\/konzept\/wp-content\/uploads\/2022\/11\/412876a7-88b4-4508-96bd-3bc54a05745e.jpg\" alt=\"\" width=\"768\" height=\"1024\" srcset=\"https:\/\/www.ssv-senftenberg.de\/konzept\/wp-content\/uploads\/2022\/11\/412876a7-88b4-4508-96bd-3bc54a05745e.jpg 768w, https:\/\/www.ssv-senftenberg.de\/konzept\/wp-content\/uploads\/2022\/11\/412876a7-88b4-4508-96bd-3bc54a05745e-225x300.jpg 225w\" sizes=\"auto, (max-width: 767px) 89vw, (max-width: 1000px) 54vw, (max-width: 1071px) 543px, 580px\" \/> <img loading=\"lazy\" decoding=\"async\" class=\"alignnone wp-image-6714 size-full\" src=\"https:\/\/www.ssv-senftenberg.de\/konzept\/wp-content\/uploads\/2022\/11\/662a649f-fb17-4eac-abda-71a41be89801.jpg\" alt=\"\" width=\"768\" height=\"1024\" srcset=\"https:\/\/www.ssv-senftenberg.de\/konzept\/wp-content\/uploads\/2022\/11\/662a649f-fb17-4eac-abda-71a41be89801.jpg 768w, https:\/\/www.ssv-senftenberg.de\/konzept\/wp-content\/uploads\/2022\/11\/662a649f-fb17-4eac-abda-71a41be89801-225x300.jpg 225w\" sizes=\"auto, (max-width: 767px) 89vw, (max-width: 1000px) 54vw, (max-width: 1071px) 543px, 580px\" \/> \u00a0<img loading=\"lazy\" decoding=\"async\" class=\"alignnone wp-image-6712 size-full\" src=\"https:\/\/www.ssv-senftenberg.de\/konzept\/wp-content\/uploads\/2022\/11\/5bc6eaa5-177d-42ab-a101-77a16c02ff3a.jpg\" alt=\"\" width=\"768\" height=\"1024\" srcset=\"https:\/\/www.ssv-senftenberg.de\/konzept\/wp-content\/uploads\/2022\/11\/5bc6eaa5-177d-42ab-a101-77a16c02ff3a.jpg 768w, https:\/\/www.ssv-senftenberg.de\/konzept\/wp-content\/uploads\/2022\/11\/5bc6eaa5-177d-42ab-a101-77a16c02ff3a-225x300.jpg 225w\" sizes=\"auto, (max-width: 767px) 89vw, (max-width: 1000px) 54vw, (max-width: 1071px) 543px, 580px\" \/><\/p>\n<p class=\"Text\">Sportliche Gr\u00fc\u00dfe<br \/>\n<strong>Anne-Kathrin Leufgen<\/strong><br \/>\n<em>Trainerin Jhg. 2008 \u2013 2013<\/em><\/p>\n","protected":false},"excerpt":{"rendered":"<p>Aufgrund dieser Tatsache kam es zustande, dass nur ein Sportler der TG Leufgen am Wettkampf in G\u00f6rlitz teilgenommen hat &#8211; unser J\u00fcngster &#8211; Moritz Thie\u00df (Jg. 2013). Auf der Fahrt dorthin hat Moritz ein wenig geschlummert und vor Ort genoss er die 1:1-Betreuung; \u201cIst richtig entspannt ohne die Trainingsgruppe&#8220;, so Moritz. Der Wettkampf war gut &hellip; <\/p>\n<p class=\"link-more\"><a href=\"https:\/\/www.ssv-senftenberg.de\/konzept\/ferien-in-brandenburg-wettkampf-in-sachsen-i-neisse-pokal-in-goerlitz\/\" class=\"more-link\"><span class=\"screen-reader-text\">\u201eFerien in Brandenburg, Wettkampf in Sachsen I Neisse-Pokal in G\u00f6rlitz\u201c <\/span>weiterlesen<\/a><\/p>\n","protected":false},"author":9,"featured_media":0,"comment_status":"closed","ping_status":"closed","sticky":false,"template":"","format":"standard","meta":{"footnotes":""},"categories":[18],"tags":[],"class_list":["post-6710","post","type-post","status-publish","format-standard","hentry","category-wk-bericht"],"_links":{"self":[{"href":"https:\/\/www.ssv-senftenberg.de\/konzept\/wp-json\/wp\/v2\/posts\/6710","targetHints":{"allow":["GET"]}}],"collection":[{"href":"https:\/\/www.ssv-senftenberg.de\/konzept\/wp-json\/wp\/v2\/posts"}],"about":[{"href":"https:\/\/www.ssv-senftenberg.de\/konzept\/wp-json\/wp\/v2\/types\/post"}],"author":[{"embeddable":true,"href":"https:\/\/www.ssv-senftenberg.de\/konzept\/wp-json\/wp\/v2\/users\/9"}],"replies":[{"embeddable":true,"href":"https:\/\/www.ssv-senftenberg.de\/konzept\/wp-json\/wp\/v2\/comments?post=6710"}],"version-history":[{"count":5,"href":"https:\/\/www.ssv-senftenberg.de\/konzept\/wp-json\/wp\/v2\/posts\/6710\/revisions"}],"predecessor-version":[{"id":6753,"href":"https:\/\/www.ssv-senftenberg.de\/konzept\/wp-json\/wp\/v2\/posts\/6710\/revisions\/6753"}],"wp:attachment":[{"href":"https:\/\/www.ssv-senftenberg.de\/konzept\/wp-json\/wp\/v2\/media?parent=6710"}],"wp:term":[{"taxonomy":"category","embeddable":true,"href":"https:\/\/www.ssv-senftenberg.de\/konzept\/wp-json\/wp\/v2\/categories?post=6710"},{"taxonomy":"post_tag","embeddable":true,"href":"https:\/\/www.ssv-senftenberg.de\/konzept\/wp-json\/wp\/v2\/tags?post=6710"}],"curies":[{"name":"wp","href":"https:\/\/api.w.org\/{rel}","templated":true}]}}