{"id":6754,"date":"2022-11-23T10:51:53","date_gmt":"2022-11-23T09:51:53","guid":{"rendered":"https:\/\/www.ssv-senftenberg.de\/konzept\/?p=6754"},"modified":"2023-03-13T14:14:18","modified_gmt":"2023-03-13T13:14:18","slug":"herbstschwimmfest-in-finsterwalde-i-44-urkunden-fuer-ssv-senftenberg-e-v","status":"publish","type":"post","link":"https:\/\/www.ssv-senftenberg.de\/konzept\/herbstschwimmfest-in-finsterwalde-i-44-urkunden-fuer-ssv-senftenberg-e-v\/","title":{"rendered":"Herbstschwimmfest in Finsterwalde I 44 Urkunden f\u00fcr Senftenberg"},"content":{"rendered":"<p><a href=\"https:\/\/www.ssv-senftenberg.de\/konzept\/wp-content\/uploads\/2022\/11\/20221112_084418-scaled-e1669222962455.jpg\"><img loading=\"lazy\" decoding=\"async\" class=\"alignnone wp-image-6755 size-full\" src=\"https:\/\/www.ssv-senftenberg.de\/konzept\/wp-content\/uploads\/2022\/11\/20221112_084418-scaled-e1669222962455.jpg\" alt=\"\" width=\"2176\" height=\"940\" srcset=\"https:\/\/www.ssv-senftenberg.de\/konzept\/wp-content\/uploads\/2022\/11\/20221112_084418-scaled-e1669222962455.jpg 2176w, https:\/\/www.ssv-senftenberg.de\/konzept\/wp-content\/uploads\/2022\/11\/20221112_084418-scaled-e1669222962455-300x130.jpg 300w, https:\/\/www.ssv-senftenberg.de\/konzept\/wp-content\/uploads\/2022\/11\/20221112_084418-scaled-e1669222962455-1024x442.jpg 1024w, https:\/\/www.ssv-senftenberg.de\/konzept\/wp-content\/uploads\/2022\/11\/20221112_084418-scaled-e1669222962455-768x332.jpg 768w, https:\/\/www.ssv-senftenberg.de\/konzept\/wp-content\/uploads\/2022\/11\/20221112_084418-scaled-e1669222962455-1536x664.jpg 1536w, https:\/\/www.ssv-senftenberg.de\/konzept\/wp-content\/uploads\/2022\/11\/20221112_084418-scaled-e1669222962455-2048x885.jpg 2048w\" sizes=\"auto, (max-width: 767px) 89vw, (max-width: 1000px) 54vw, (max-width: 1071px) 543px, 580px\" \/><\/a><\/p>\n<p>Am 12.11.2022 nahmen 28 Sportler der Jahrg\u00e4nge 2007 bis 2015 und ein Sportler aus der Mastersgruppe unseres Vereins am Herbstschwimmfest in der Schwimmhalle \u201eFIWAVE\u201c in Finsterwalde teil<\/p>\n<p>Es konnten die 50m in allen Lagen geschwommen werden &#8211; f\u00fcr die j\u00fcngeren Teilnehmer gab es auch \u201eBeine-Wettk\u00e4mpfe\u201c und die Allerj\u00fcngsten k\u00e4mpften auf der 25m Distanz.<\/p>\n<p>Nach l\u00e4ngerer Zeit war es mal wieder ein Wettkampf, an dem Sportler aus allen unseren Trainingsgruppen gemeinsam teilnahmen &#8211; f\u00fcr manche war es der erste Wettkampf \u00fcberhaupt und andere sind nat\u00fcrlich schon alte Hasen.<!--more--><\/p>\n<p>In unserer Ecke in der Schwimmhalle herrschte ein ziemliches Gewusel aufgrund der doch beachtlichen Mannschaftsgr\u00f6\u00dfe und mit den J\u00fcngeren war auch \u201edas Sortieren\u201c beim Vorstart schon fast ein Abenteuer, damit jeder im richtigen Lauf und auf der richtigen Bahn startet.<\/p>\n<p>Es wurden viele Bestzeiten geschwommen, auch entt\u00e4uschte Gesichter gab es und es kullerten auch schon mal ein paar Tr\u00e4nen. Im Gro\u00dfen und Ganzen waren die Trainer mit ihren Sportlern zufrieden.<\/p>\n<p>Trotz der deutlich reduzierten Trainingseinheiten, die wir aufgrund der Schlie\u00dfung unserer Schwimmhalle haben, konnte unser Verein gut mitschwimmen und auch voran schwimmen.<\/p>\n<p>So war jedes Mal die Aufregung gro\u00df, wenn zur Siegerehrung gebeten wurde.<\/p>\n<p>7 x standen Sportler unseres Vereins auf dem Siegertreppchen &#8211; Martin Schultz, Jg. 2009, gleich dreimal, John Hoffmann, Jg. 2014 zweimal und auch Yasmine Brown, Jg. 2012, und Rebecca Hoffmann, Jg. 2015 belegten einen 1. Platz.<\/p>\n<p>13 x wurde der 2. Platz belegt und 24 x der 3. Platz.<\/p>\n<p>F\u00fcnf Sportler schafften es bei all ihren Starts unter die ersten Drei.<\/p>\n<p>Allen voran unsere j\u00fcngste Sportlerin Rebecca Hoffmann, Jg. 2015. Sie startete f\u00fcnfmal und holte sich f\u00fcnfmal eine Urkunde ab.<\/p>\n<p>Josefine Jahn, Jg. 2007, Martin Schultz, Jg. 2009, und Carlo Hanschmann, Jg. 2008, starteten viermal und nahmen jeweils vier Urkunden mit.<\/p>\n<p>Und unser Vertreter der Masters, Henrik Hoffmann, startete zweimal und belegte zweimal den 2. Platz.<\/p>\n<p>Disqualifikationen hatten wir auch zu verzeichnen. Gleich sieben Sportler \u201eerwischte\u201c es von uns und nein, nicht etwa nur unsere Neulinge, nein, auch die Wettkampferprobten. Sportler und Trainer wissen nun, was mehr ge\u00fcbt werden muss, manchmal ist es aber auch einfach nur eine Konzentrationsfrage oder Aufregung.<\/p>\n<p>Allen platzierten Sportlern herzliche Gl\u00fcckw\u00fcnsche und allen Teilnehmern danke f\u00fcr die gezeigten Leistungen und einen sch\u00f6nen Tag, den wir als gro\u00dfe Mannschaft gemeinsam verbringen konnten.<\/p>\n<p>Das gesamte Protokoll kann <a href=\"https:\/\/www.ssv-senftenberg.de\/konzept\/wp-content\/uploads\/2022\/11\/2022-11-12-Finsterw-Pr.pdf\">&gt;hier&lt;<\/a> eingesehen werden.<\/p>\n\n\t\t<!-- MasterSlider -->\n\t\t<div id=\"P_MS69f49959160e8\" class=\"master-slider-parent msl ms-parent-id-13\" style=\"\">\n\n\t\t\t\n\t\t\t<!-- MasterSlider Main -->\n\t\t\t<div id=\"MS69f49959160e8\" class=\"master-slider ms-skin-default\" >\n\t\t\t\t \t\t\t\t \n\t\t\t\t<div  class=\"ms-slide\" data-delay=\"3\" data-fill-mode=\"fill\"  >\n\t\t\t\t\t<img decoding=\"async\" src=\"https:\/\/www.ssv-senftenberg.de\/konzept\/wp-content\/plugins\/master-slider\/public\/assets\/css\/blank.gif\" alt=\"\" title=\"\" data-src=\"https:\/\/www.ssv-senftenberg.de\/konzept\/wp-content\/uploads\/2022\/11\/20221112_140057-scaled.jpg\" \/>\n\n\n\t<img decoding=\"async\" class=\"ms-thumb\" src=\"https:\/\/www.ssv-senftenberg.de\/konzept\/wp-content\/uploads\/2022\/11\/20221112_140057-scaled-140x80.jpg\" alt=\"\" \/>\n\t<div class=\"ms-thumb\" ><div class=\"ms-tab-context\"><div class=&quot;ms-tab-context&quot;><\/div><\/div>\n<\/div>\n\t\t\t\t<\/div>\n\t\t\t\t<div  class=\"ms-slide\" data-delay=\"3\" data-fill-mode=\"fill\"  >\n\t\t\t\t\t<img decoding=\"async\" src=\"https:\/\/www.ssv-senftenberg.de\/konzept\/wp-content\/plugins\/master-slider\/public\/assets\/css\/blank.gif\" alt=\"\" title=\"\" data-src=\"https:\/\/www.ssv-senftenberg.de\/konzept\/wp-content\/uploads\/2022\/11\/20221112_084738-1-scaled.jpg\" \/>\n\n\n\t<img decoding=\"async\" class=\"ms-thumb\" src=\"https:\/\/www.ssv-senftenberg.de\/konzept\/wp-content\/uploads\/2022\/11\/20221112_084738-1-scaled-140x80.jpg\" alt=\"\" \/>\n\t<div class=\"ms-thumb\" ><div class=\"ms-tab-context\"><div class=&quot;ms-tab-context&quot;><\/div><\/div>\n<\/div>\n\t\t\t\t<\/div>\n\t\t\t\t<div  class=\"ms-slide\" data-delay=\"3\" data-fill-mode=\"fill\"  >\n\t\t\t\t\t<img decoding=\"async\" src=\"https:\/\/www.ssv-senftenberg.de\/konzept\/wp-content\/plugins\/master-slider\/public\/assets\/css\/blank.gif\" alt=\"\" title=\"\" data-src=\"https:\/\/www.ssv-senftenberg.de\/konzept\/wp-content\/uploads\/2022\/11\/20221112_084727-scaled.jpg\" \/>\n\n\n\t<img decoding=\"async\" class=\"ms-thumb\" src=\"https:\/\/www.ssv-senftenberg.de\/konzept\/wp-content\/uploads\/2022\/11\/20221112_084727-scaled-140x80.jpg\" alt=\"\" \/>\n\t<div class=\"ms-thumb\" ><div class=\"ms-tab-context\"><div class=&quot;ms-tab-context&quot;><\/div><\/div>\n<\/div>\n\t\t\t\t<\/div>\n\t\t\t\t<div  class=\"ms-slide\" data-delay=\"3\" data-fill-mode=\"fill\"  >\n\t\t\t\t\t<img decoding=\"async\" src=\"https:\/\/www.ssv-senftenberg.de\/konzept\/wp-content\/plugins\/master-slider\/public\/assets\/css\/blank.gif\" alt=\"\" title=\"\" data-src=\"https:\/\/www.ssv-senftenberg.de\/konzept\/wp-content\/uploads\/2022\/11\/20221112_084418-1-scaled.jpg\" \/>\n\n\n\t<img decoding=\"async\" class=\"ms-thumb\" src=\"https:\/\/www.ssv-senftenberg.de\/konzept\/wp-content\/uploads\/2022\/11\/20221112_084418-1-scaled-140x80.jpg\" alt=\"\" \/>\n\t<div class=\"ms-thumb\" ><div class=\"ms-tab-context\"><div class=&quot;ms-tab-context&quot;><\/div><\/div>\n<\/div>\n\t\t\t\t<\/div>\n\n\t\t\t<\/div>\n\t\t\t<!-- END MasterSlider Main -->\n\n\t\t\t \n\t\t<\/div>\n\t\t<!-- END MasterSlider -->\n\n\t\t<script>\n\t\t(function ( $ ) {\n\t\t\t\"use strict\";\n\n\t\t\t$(function () {\n\t\t\t\tvar masterslider_60e8 = new MasterSlider();\n\n\t\t\t\t\/\/ slider controls\n\t\t\t\tmasterslider_60e8.control('arrows'     ,{ autohide:false, overVideo:true  });\t\t\t\tmasterslider_60e8.control('bullets'    ,{ autohide:false, overVideo:true, dir:'h', align:'bottom' , margin:10  });\n\n\t\t\t\tmasterslider_60e8.control('thumblist'  ,{ autohide:false, overVideo:true, dir:'h', speed:17, inset:false, arrows:false, hover:false, customClass:'', align:'bottom',type:'thumbs', margin:5, width:140, height:80, space:5, fillMode:'fill'  });\n\t\t\t\t\/\/ slider setup\n\t\t\t\tmasterslider_60e8.setup(\"MS69f49959160e8\", {\n\t\t\t\t\t\twidth           : 800,\n\t\t\t\t\t\theight          : 480,\n\t\t\t\t\t\tminHeight       : 0,\n\t\t\t\t\t\tspace           : 0,\n\t\t\t\t\t\tstart           : 1,\n\t\t\t\t\t\tgrabCursor      : true,\n\t\t\t\t\t\tswipe           : true,\n\t\t\t\t\t\tmouse           : true,\n\t\t\t\t\t\tlayout          : \"fullwidth\",\n\t\t\t\t\t\twheel           : false,\n\t\t\t\t\t\tautoplay        : false,\n\t\t\t\t\t\tinstantStartLayers:false,\n\t\t\t\t\t\tloop            : false,\n\t\t\t\t\t\tshuffle         : false,\n\t\t\t\t\t\tpreload         : 0,\n\t\t\t\t\t\theightLimit     : true,\n\t\t\t\t\t\tautoHeight      : false,\n\t\t\t\t\t\tsmoothHeight    : true,\n\t\t\t\t\t\tendPause        : false,\n\t\t\t\t\t\toverPause       : true,\n\t\t\t\t\t\tfillMode        : \"fill\",\n\t\t\t\t\t\tcenterControls  : true,\n\t\t\t\t\t\tstartOnAppear   : false,\n\t\t\t\t\t\tlayersMode      : \"center\",\n\t\t\t\t\t\thideLayers      : false,\n\t\t\t\t\t\tfullscreenMargin: 0,\n\t\t\t\t\t\tspeed           : 20,\n\t\t\t\t\t\tdir             : \"h\",\n\t\t\t\t\t\tparallaxMode    : 'swipe',\n\t\t\t\t\t\tview            : \"basic\"\n\t\t\t\t});\n\n\t\t\t\t\n\t\t\t\twindow.masterslider_instances = window.masterslider_instances || [];\n\t\t\t\twindow.masterslider_instances.push( masterslider_60e8 );\n\t\t\t });\n\n\t\t})(jQuery);\n\t\t<\/script>\n\n\n<p>Sportliche Gr\u00fc\u00dfe<br \/>\n<strong>Anne-Kathrin Leufgen<\/strong><br \/>\n<em>Trainerin Jhg. 2008 \u2013 2013<\/em><\/p>\n","protected":false},"excerpt":{"rendered":"<p>Am 12.11.2022 nahmen 28 Sportler der Jahrg\u00e4nge 2007 bis 2015 und ein Sportler aus der Mastersgruppe unseres Vereins am Herbstschwimmfest in der Schwimmhalle \u201eFIWAVE\u201c in Finsterwalde teil Es konnten die 50m in allen Lagen geschwommen werden &#8211; f\u00fcr die j\u00fcngeren Teilnehmer gab es auch \u201eBeine-Wettk\u00e4mpfe\u201c und die Allerj\u00fcngsten k\u00e4mpften auf der 25m Distanz. Nach l\u00e4ngerer &hellip; <\/p>\n<p class=\"link-more\"><a href=\"https:\/\/www.ssv-senftenberg.de\/konzept\/herbstschwimmfest-in-finsterwalde-i-44-urkunden-fuer-ssv-senftenberg-e-v\/\" class=\"more-link\"><span class=\"screen-reader-text\">\u201eHerbstschwimmfest in Finsterwalde I 44 Urkunden f\u00fcr Senftenberg\u201c <\/span>weiterlesen<\/a><\/p>\n","protected":false},"author":9,"featured_media":0,"comment_status":"closed","ping_status":"closed","sticky":false,"template":"","format":"standard","meta":{"footnotes":""},"categories":[18],"tags":[],"class_list":["post-6754","post","type-post","status-publish","format-standard","hentry","category-wk-bericht"],"_links":{"self":[{"href":"https:\/\/www.ssv-senftenberg.de\/konzept\/wp-json\/wp\/v2\/posts\/6754","targetHints":{"allow":["GET"]}}],"collection":[{"href":"https:\/\/www.ssv-senftenberg.de\/konzept\/wp-json\/wp\/v2\/posts"}],"about":[{"href":"https:\/\/www.ssv-senftenberg.de\/konzept\/wp-json\/wp\/v2\/types\/post"}],"author":[{"embeddable":true,"href":"https:\/\/www.ssv-senftenberg.de\/konzept\/wp-json\/wp\/v2\/users\/9"}],"replies":[{"embeddable":true,"href":"https:\/\/www.ssv-senftenberg.de\/konzept\/wp-json\/wp\/v2\/comments?post=6754"}],"version-history":[{"count":7,"href":"https:\/\/www.ssv-senftenberg.de\/konzept\/wp-json\/wp\/v2\/posts\/6754\/revisions"}],"predecessor-version":[{"id":6818,"href":"https:\/\/www.ssv-senftenberg.de\/konzept\/wp-json\/wp\/v2\/posts\/6754\/revisions\/6818"}],"wp:attachment":[{"href":"https:\/\/www.ssv-senftenberg.de\/konzept\/wp-json\/wp\/v2\/media?parent=6754"}],"wp:term":[{"taxonomy":"category","embeddable":true,"href":"https:\/\/www.ssv-senftenberg.de\/konzept\/wp-json\/wp\/v2\/categories?post=6754"},{"taxonomy":"post_tag","embeddable":true,"href":"https:\/\/www.ssv-senftenberg.de\/konzept\/wp-json\/wp\/v2\/tags?post=6754"}],"curies":[{"name":"wp","href":"https:\/\/api.w.org\/{rel}","templated":true}]}}