{"id":6935,"date":"2023-01-07T18:25:22","date_gmt":"2023-01-07T17:25:22","guid":{"rendered":"https:\/\/www.ssv-senftenberg.de\/konzept\/?p=6935"},"modified":"2023-01-07T19:16:47","modified_gmt":"2023-01-07T18:16:47","slug":"masterstammtisch-am-26-01-2022","status":"publish","type":"post","link":"https:\/\/www.ssv-senftenberg.de\/konzept\/masterstammtisch-am-26-01-2022\/","title":{"rendered":"Masterstammtisch am 26.01.2023"},"content":{"rendered":"<p><img loading=\"lazy\" decoding=\"async\" class=\"alignnone wp-image-6936 size-full\" src=\"https:\/\/www.ssv-senftenberg.de\/konzept\/wp-content\/uploads\/2023\/01\/Stammtisch-Masters-Webseite-14x16-cm.png\" alt=\"\" width=\"1654\" height=\"1890\" srcset=\"https:\/\/www.ssv-senftenberg.de\/konzept\/wp-content\/uploads\/2023\/01\/Stammtisch-Masters-Webseite-14x16-cm.png 1654w, https:\/\/www.ssv-senftenberg.de\/konzept\/wp-content\/uploads\/2023\/01\/Stammtisch-Masters-Webseite-14x16-cm-263x300.png 263w, https:\/\/www.ssv-senftenberg.de\/konzept\/wp-content\/uploads\/2023\/01\/Stammtisch-Masters-Webseite-14x16-cm-896x1024.png 896w, https:\/\/www.ssv-senftenberg.de\/konzept\/wp-content\/uploads\/2023\/01\/Stammtisch-Masters-Webseite-14x16-cm-768x878.png 768w, https:\/\/www.ssv-senftenberg.de\/konzept\/wp-content\/uploads\/2023\/01\/Stammtisch-Masters-Webseite-14x16-cm-1344x1536.png 1344w\" sizes=\"auto, (max-width: 767px) 89vw, (max-width: 1000px) 54vw, (max-width: 1071px) 543px, 580px\" \/><\/p>\n<p>Liebe Masters,<\/p>\n<p style=\"font-weight: 400;\">wir laden euch herzlich zum ersten Masters Stammtisch im Jahr 2023 ein.<\/p>\n<p style=\"font-weight: 400;\">Das Treffen findet am\u00a0<strong>26.01.2023<\/strong>\u00a0um\u00a0<strong>19:00 Uhr<\/strong> in der <strong>Niederlausitzhalle <\/strong>statt. <!--more--><\/p>\n<p style=\"font-weight: 400;\">Es wird folgende Tagesordnung vorgeschlagen:<\/p>\n<ol>\n<li style=\"font-weight: 400;\">Aktuelles aus dem Verein<\/li>\n<li style=\"font-weight: 400;\">Zukunft der Masters (z. B. Trainer, Fachwart)<\/li>\n<li style=\"font-weight: 400;\">Satzungs\u00e4nderungen<\/li>\n<li style=\"font-weight: 400;\">Bildung Gremium f\u00fcr Ehrenmitglieder \/ Ehrenordnung<\/li>\n<li style=\"font-weight: 400;\">Weiteres (z. B. Feedback Newsletter)<\/li>\n<\/ol>\n<p style=\"font-weight: 400;\">F\u00fcr die bessere Planung bitten wir um R\u00fcckmeldung, wer daran teilnimmt und ob TOPS erg\u00e4nzt werden sollen. Hier bitte folgenden Kontakt nutzen: <a href=\"mailto:mitglieder@ssv-senftenberg.de\">mitglieder@ssv-senftenberg.de<\/a><\/p>\n<p>Sportliche Gr\u00fc\u00dfe<br \/>\n<strong><em>Stephanie Hoffmann<\/em><\/strong><br \/>\nMitgliederwart<\/p>\n","protected":false},"excerpt":{"rendered":"<p>Liebe Masters, wir laden euch herzlich zum ersten Masters Stammtisch im Jahr 2023 ein. Das Treffen findet am\u00a026.01.2023\u00a0um\u00a019:00 Uhr in der Niederlausitzhalle statt.<\/p>\n","protected":false},"author":9,"featured_media":0,"comment_status":"closed","ping_status":"closed","sticky":false,"template":"","format":"standard","meta":{"footnotes":""},"categories":[1],"tags":[],"class_list":["post-6935","post","type-post","status-publish","format-standard","hentry","category-allgemein"],"_links":{"self":[{"href":"https:\/\/www.ssv-senftenberg.de\/konzept\/wp-json\/wp\/v2\/posts\/6935","targetHints":{"allow":["GET"]}}],"collection":[{"href":"https:\/\/www.ssv-senftenberg.de\/konzept\/wp-json\/wp\/v2\/posts"}],"about":[{"href":"https:\/\/www.ssv-senftenberg.de\/konzept\/wp-json\/wp\/v2\/types\/post"}],"author":[{"embeddable":true,"href":"https:\/\/www.ssv-senftenberg.de\/konzept\/wp-json\/wp\/v2\/users\/9"}],"replies":[{"embeddable":true,"href":"https:\/\/www.ssv-senftenberg.de\/konzept\/wp-json\/wp\/v2\/comments?post=6935"}],"version-history":[{"count":6,"href":"https:\/\/www.ssv-senftenberg.de\/konzept\/wp-json\/wp\/v2\/posts\/6935\/revisions"}],"predecessor-version":[{"id":6942,"href":"https:\/\/www.ssv-senftenberg.de\/konzept\/wp-json\/wp\/v2\/posts\/6935\/revisions\/6942"}],"wp:attachment":[{"href":"https:\/\/www.ssv-senftenberg.de\/konzept\/wp-json\/wp\/v2\/media?parent=6935"}],"wp:term":[{"taxonomy":"category","embeddable":true,"href":"https:\/\/www.ssv-senftenberg.de\/konzept\/wp-json\/wp\/v2\/categories?post=6935"},{"taxonomy":"post_tag","embeddable":true,"href":"https:\/\/www.ssv-senftenberg.de\/konzept\/wp-json\/wp\/v2\/tags?post=6935"}],"curies":[{"name":"wp","href":"https:\/\/api.w.org\/{rel}","templated":true}]}}