{"id":6963,"date":"2023-02-08T18:04:37","date_gmt":"2023-02-08T17:04:37","guid":{"rendered":"https:\/\/www.ssv-senftenberg.de\/konzept\/?p=6963"},"modified":"2023-03-27T10:36:02","modified_gmt":"2023-03-27T08:36:02","slug":"erste-wettkaempfe-im-neuen-jahr-flinke-beine-tag-und-delphinpokal","status":"publish","type":"post","link":"https:\/\/www.ssv-senftenberg.de\/konzept\/erste-wettkaempfe-im-neuen-jahr-flinke-beine-tag-und-delphinpokal\/","title":{"rendered":"Erste Wettk\u00e4mpfe im neuen Jahr | &#8222;Flinke Beine Tag&#8220; und Delphinpokal"},"content":{"rendered":"<p style=\"text-align: center;\">Nach gut einem Monat Weihnachts- und Neujahrspause hie\u00df es am 21.01.2023 wieder zeitig aufstehen, denn unsere Sportler, Mannschaftsbetreuer und Wettkampfrichter waren auf gleich zwei Wettk\u00e4mpfen zahlreich vertreten.<\/p>\n<p style=\"text-align: center;\">Insgesamt 21 Kinder der Trainingsgruppen Lukas und Hahn (Jahrg\u00e4nge 2011-2015) absolvierten beim &#8222;<strong>Flinke Beine Tag<\/strong>&#8220; in <strong>Finsterwalde<\/strong> 61 Einzel- sowie einen Staffelstart.<a href=\"https:\/\/www.ssv-senftenberg.de\/konzept\/wp-content\/uploads\/2023\/01\/20230121-Fiwa-FlinkeBeine.jpeg\"><img loading=\"lazy\" decoding=\"async\" class=\" wp-image-6968 aligncenter\" src=\"https:\/\/www.ssv-senftenberg.de\/konzept\/wp-content\/uploads\/2023\/01\/20230121-Fiwa-FlinkeBeine-300x135.jpeg\" alt=\"\" width=\"542\" height=\"244\" srcset=\"https:\/\/www.ssv-senftenberg.de\/konzept\/wp-content\/uploads\/2023\/01\/20230121-Fiwa-FlinkeBeine-300x135.jpeg 300w, https:\/\/www.ssv-senftenberg.de\/konzept\/wp-content\/uploads\/2023\/01\/20230121-Fiwa-FlinkeBeine-1024x461.jpeg 1024w, https:\/\/www.ssv-senftenberg.de\/konzept\/wp-content\/uploads\/2023\/01\/20230121-Fiwa-FlinkeBeine-768x346.jpeg 768w, https:\/\/www.ssv-senftenberg.de\/konzept\/wp-content\/uploads\/2023\/01\/20230121-Fiwa-FlinkeBeine-1536x691.jpeg 1536w, https:\/\/www.ssv-senftenberg.de\/konzept\/wp-content\/uploads\/2023\/01\/20230121-Fiwa-FlinkeBeine.jpeg 1600w\" sizes=\"auto, (max-width: 542px) 100vw, 542px\" \/><\/a><\/p>\n<p style=\"text-align: center;\">In <strong>Ludwigsfelde<\/strong> traten 8 Jugendliche der Trainingsgruppen Leufgen und Just sowie Trainer Hendrik Just selbst im Kampf um den <strong>Delphinpokal<\/strong> an. Sie absolvierten 31 Einzel- sowie einen Staffelstart.<\/p>\n<p style=\"text-align: center;\"><!--more--><\/p>\n<p style=\"text-align: center;\">Der <strong>&#8222;Flinke Beine Tag&#8220;<\/strong> ist ein spezieller Wettkampf der Abt. Schwimmen des Neptun 08 Finsterwalde e.V. bei dem ausschlie\u00dflich die j\u00fcngeren Kinder ihr K\u00f6nnen in allen Beine-Strecken \u00fcber 25m und 50m messen k\u00f6nnen. Wir freuten uns sehr dass dieses Format, welches\u00a0 wegen Corona zwei Jahre ausgefallen ist, wieder stattgefunden hat. Neben den Gastgebern traten auch die Sportfreunde der Vereine PSV Cottbus, SV Spremberg und SSV Hoyerswerda an. Insgesamt war die Teilnahme mit 147 Sportlern in 502 Einzel- und 10 Staffelstarts geringer als beim letzten Mal in 2020 &#8211; die Stimmung in der Halle war aber wie immer gro\u00dfartig. F\u00fcr viele unserer Kinder war es die erste Wettkampfteilnahme \u00fcberhaupt und somit eine ganz besondere Erfahrung ihren Namen im Lautsprecher zu h\u00f6ren und zum Start zu laufen, w\u00e4hrend die stolzen Eltern von der Trib\u00fcne aus zugejubelt haben. Wer gerade nicht geschwommen ist hat die anderen beobachtet und angefeuert. Es gab sowohl Entt\u00e4uschung \u00fcber die ein oder andere Disqualifikation als auch gro\u00dfe Freude \u00fcber neue Bestzeiten und Platzierungen auf dem Podium.<\/p>\n<p style=\"text-align: center;\">Wir gratulieren besonders<br \/>\nRebecca Hoffmann (JG 2015) zu <img loading=\"lazy\" decoding=\"async\" class=\"alignnone size-medium wp-image-6966\" src=\"https:\/\/www.ssv-senftenberg.de\/konzept\/wp-content\/uploads\/2023\/01\/gold.png\" alt=\"\" width=\"20\" height=\"33\" \/> und <img loading=\"lazy\" decoding=\"async\" class=\"alignnone size-full wp-image-6965\" src=\"https:\/\/www.ssv-senftenberg.de\/konzept\/wp-content\/uploads\/2023\/01\/silber.png\" alt=\"\" width=\"22\" height=\"32\" \/> f\u00fcr 25m R-Beine in 00:29,73 und f\u00fcr 50m K-Beine in 01:00,80,<br \/>\nCharlotte Muschter (JG 2012) zu\u00a0 <img loading=\"lazy\" decoding=\"async\" class=\"alignnone size-full wp-image-6964\" src=\"https:\/\/www.ssv-senftenberg.de\/konzept\/wp-content\/uploads\/2023\/01\/bronze.png\" alt=\"\" width=\"25\" height=\"33\" \/> f\u00fcr 50m K-Beine in 01:03,23,<br \/>\nWilhelm D\u00fcffort (JG 2015) zu <img loading=\"lazy\" decoding=\"async\" class=\"alignnone size-full wp-image-6964\" src=\"https:\/\/www.ssv-senftenberg.de\/konzept\/wp-content\/uploads\/2023\/01\/bronze.png\" alt=\"\" width=\"25\" height=\"33\" \/>f\u00fcr 50m B-Beine in 01:42,08,<br \/>\nJannik Weinert (JG 2012) zu <img loading=\"lazy\" decoding=\"async\" class=\"alignnone size-full wp-image-6964\" src=\"https:\/\/www.ssv-senftenberg.de\/konzept\/wp-content\/uploads\/2023\/01\/bronze.png\" alt=\"\" width=\"25\" height=\"33\" \/>f\u00fcr 50mK-Beine in 00:58,41<\/p>\n<p style=\"text-align: center;\">Eine Zusammenfassung aller Ergebnisse aus Senftenberger Sicht gibt es in unserem <a href=\"https:\/\/ssv-senftenberg.webclub.app\/oeffentlich-ergebnisse.php?openid=7\">Webclub<\/a> und das vollst\u00e4ndige Protokoll gibt es hier zum <a href=\"https:\/\/www.ssv-senftenberg.de\/konzept\/wp-content\/uploads\/2023\/01\/2023-01-21-Finsterw-Pr.pdf\">Download<\/a>.<\/p>\n<p style=\"text-align: center;\">Auch die Teilnahme am <strong>Delphinpokal<\/strong> in <strong>Ludwigsfelde<\/strong> hat f\u00fcr Senftenberg bereits Tradition, die wir nun nach den Corona-Ausf\u00e4llen 2020, 2021 und 2022 nun endlich wieder Fortsetzen konnten. Es k\u00e4mpften 151 Teilnehmer aus 6 brandenburgischen und 2 Berliner Vereinen in 501 Einzel- und 13 Staffelstarts um den begehrten Pokal.\u00a0 Auch wenn der Wettkampf eine Stunde sp\u00e4ter als der in Finsterwalde startete, konnten unsere Mannschaftsbetreuer und Sportler wegen der l\u00e4ngeren Anreise auch nicht ausschlafen. Aufgrund der kleinen Mannschaftsst\u00e4rke spielte Senftenberg beim Rennen um das Pokal keine Rolle, konnte aber immerhin den TSV Spandau hinter sich lassen.<\/p>\n<p style=\"text-align: center;\">Neben zahlreichen Bestzeiten gab es zwei Podiumsplatzierungen zu bejubeln:<br \/>\nCarlo Hanschmann (JG 2008) zu <img loading=\"lazy\" decoding=\"async\" class=\"alignnone size-full wp-image-6964\" src=\"https:\/\/www.ssv-senftenberg.de\/konzept\/wp-content\/uploads\/2023\/01\/bronze.png\" alt=\"\" width=\"25\" height=\"33\" \/> f\u00fcr 50m R\u00fccken in 00:37,19 sowie<br \/>\nOliver Hoffmann (JG 2011) zu <img loading=\"lazy\" decoding=\"async\" class=\"alignnone size-full wp-image-6964\" src=\"https:\/\/www.ssv-senftenberg.de\/konzept\/wp-content\/uploads\/2023\/01\/bronze.png\" alt=\"\" width=\"25\" height=\"33\" \/> f\u00fcr 50m R\u00fccken in 00:42,78.<\/p>\n<p style=\"text-align: center;\">Eine Zusammenfassung aller Ergebnisse aus Senftenberger Sicht gibt es im <a href=\"https:\/\/ssv-senftenberg.webclub.app\/oeffentlich-ergebnisse.php?openid=6\">Webclub<\/a> und das\u00a0 vollst\u00e4ndige Protokoll gibt hier zum <a href=\"https:\/\/www.ssv-senftenberg.de\/konzept\/wp-content\/uploads\/2023\/01\/20230121_Protokoll_DelPok.pdf\">Download<\/a>.<\/p>\n<p>Sportliche Gr\u00fc\u00dfe<br \/>\n<strong><em>Henrik Hoffmann<\/em><\/strong><br \/>\nSchwimmtrainer<\/p>\n","protected":false},"excerpt":{"rendered":"<p>Nach gut einem Monat Weihnachts- und Neujahrspause hie\u00df es am 21.01.2023 wieder zeitig aufstehen, denn unsere Sportler, Mannschaftsbetreuer und Wettkampfrichter waren auf gleich zwei Wettk\u00e4mpfen zahlreich vertreten. Insgesamt 21 Kinder der Trainingsgruppen Lukas und Hahn (Jahrg\u00e4nge 2011-2015) absolvierten beim &#8222;Flinke Beine Tag&#8220; in Finsterwalde 61 Einzel- sowie einen Staffelstart. In Ludwigsfelde traten 8 Jugendliche der &hellip; <\/p>\n<p class=\"link-more\"><a href=\"https:\/\/www.ssv-senftenberg.de\/konzept\/erste-wettkaempfe-im-neuen-jahr-flinke-beine-tag-und-delphinpokal\/\" class=\"more-link\"><span class=\"screen-reader-text\">\u201eErste Wettk\u00e4mpfe im neuen Jahr | &#8222;Flinke Beine Tag&#8220; und Delphinpokal\u201c <\/span>weiterlesen<\/a><\/p>\n","protected":false},"author":5,"featured_media":0,"comment_status":"closed","ping_status":"closed","sticky":false,"template":"","format":"standard","meta":{"footnotes":""},"categories":[18],"tags":[],"class_list":["post-6963","post","type-post","status-publish","format-standard","hentry","category-wk-bericht"],"_links":{"self":[{"href":"https:\/\/www.ssv-senftenberg.de\/konzept\/wp-json\/wp\/v2\/posts\/6963","targetHints":{"allow":["GET"]}}],"collection":[{"href":"https:\/\/www.ssv-senftenberg.de\/konzept\/wp-json\/wp\/v2\/posts"}],"about":[{"href":"https:\/\/www.ssv-senftenberg.de\/konzept\/wp-json\/wp\/v2\/types\/post"}],"author":[{"embeddable":true,"href":"https:\/\/www.ssv-senftenberg.de\/konzept\/wp-json\/wp\/v2\/users\/5"}],"replies":[{"embeddable":true,"href":"https:\/\/www.ssv-senftenberg.de\/konzept\/wp-json\/wp\/v2\/comments?post=6963"}],"version-history":[{"count":15,"href":"https:\/\/www.ssv-senftenberg.de\/konzept\/wp-json\/wp\/v2\/posts\/6963\/revisions"}],"predecessor-version":[{"id":7587,"href":"https:\/\/www.ssv-senftenberg.de\/konzept\/wp-json\/wp\/v2\/posts\/6963\/revisions\/7587"}],"wp:attachment":[{"href":"https:\/\/www.ssv-senftenberg.de\/konzept\/wp-json\/wp\/v2\/media?parent=6963"}],"wp:term":[{"taxonomy":"category","embeddable":true,"href":"https:\/\/www.ssv-senftenberg.de\/konzept\/wp-json\/wp\/v2\/categories?post=6963"},{"taxonomy":"post_tag","embeddable":true,"href":"https:\/\/www.ssv-senftenberg.de\/konzept\/wp-json\/wp\/v2\/tags?post=6963"}],"curies":[{"name":"wp","href":"https:\/\/api.w.org\/{rel}","templated":true}]}}