{"id":7051,"date":"2023-02-14T11:10:04","date_gmt":"2023-02-14T10:10:04","guid":{"rendered":"https:\/\/www.ssv-senftenberg.de\/konzept\/?p=7051"},"modified":"2023-02-15T15:19:59","modified_gmt":"2023-02-15T14:19:59","slug":"eventuelle-schliessung-der-schwimmhalle-bis-2025","status":"publish","type":"post","link":"https:\/\/www.ssv-senftenberg.de\/konzept\/eventuelle-schliessung-der-schwimmhalle-bis-2025\/","title":{"rendered":"Eventuelle Schlie\u00dfung der Schwimmhalle bis 2025"},"content":{"rendered":"<p>Liebe Mitglieder des Schwimmvereins,<\/p>\n<p>wir alle haben den Artikel vom 11.02.2023, von der Lausitzer Rundschau, gelesen und dadurch erfahren, dass wir die Schwimmhalle in Senftenberg als Trainingsst\u00e4tte voraussichtlich erst in 2025 nutzen k\u00f6nnen.<\/p>\n<p>Anfang des Jahres hat der erste Vorsitzende des SSV e. V., Christian Hahn, ein Gespr\u00e4ch mit der Stadt Senftenberg gef\u00fchrt. In diesem Gespr\u00e4ch wurde die Frage gestellt, ob es beim Fertigstellungstermin Anfang 2024 bleibt, hier gab es ein klares Ja.<\/p>\n<p>Anfang Februar schien die Situation nicht mehr so klar zu sein. In der Lausitzer Rundschau hie\u00df es geschrieben, dass es aktuell einen Baustopp gibt aufgrund einer sogenannten Carbonatisierung. (<a href=\"https:\/\/de.wikipedia.org\/wiki\/Carbonatisierung_(Beton)\">https:\/\/de.wikipedia.org\/wiki\/Carbonatisierung_(Beton)<\/a>).<\/p>\n<p><!--more--><\/p>\n<p><strong><em>Timeline:<\/em><\/strong><\/p>\n<p>Die Sch\u00e4den werden aktuell begutachtet und sobald das Ergebnis vorliegt, wird die weitere Vorgehensweise in der n\u00e4chsten Sitzung des <strong>Bauausschusses<\/strong>, <strong>am 1. M\u00e4rz 2023<\/strong>, besprochen.<\/p>\n<p>Am <strong>16.02.2023<\/strong> wird der Vorstand am <a href=\"https:\/\/www1.senftenberg.de\/sessionnet\/buergerinfo\/to0040.php?__ksinr=6010\"><strong>Ausschuss f\u00fcr Soziales, Bildung, Kultur und Sport<\/strong><\/a> teilnehmen und unter anderem Fragen zum Bauablauf, Fertigstellungstermin und Stand Gutachten, mitnehmen.<\/p>\n<p>Gern k\u00f6nnt ihr als Mitglieder uns noch weitere Fragen, bis zum Donnerstag, den 16.02.2023, zukommen lassen, per Mail an <a href=\"mailto:Info@ssv-senftenberg.de\">Info@ssv-senftenberg.de<\/a>.<\/p>\n<p>Am <strong>15.03.2023<\/strong> findet die Senftenberger <strong>Stadtverordnetenversammlung<\/strong> statt auch hier werden Vertreter des Vorstandes teilnehmen, um unseren Verein zu vertreten und Fragen zu stellen.<\/p>\n<p>Am <strong>23.03.2023<\/strong> findet ein Termin bei der <strong>Stadt Senftenberg<\/strong> statt mit allen Vereinsvertretern, welche mit der Schwimmhalle Senftenberg eng verbunden sind. Dieser Termin stand schon vor dem Zeitungsartikelfest und wird uns hoffentlich vorerst die letzten offenen Fragen nehmen.<\/p>\n<p>In unserer Sondersitzung, am 13.02.2023, war es uns wichtig, dass wir den Fokus nicht verlieren und weiterhin f\u00fcr unseren Verein und deren Mitglieder sorgen. Das Trainingsjahr 2023 ist Dank der zugesicherten, finanziellen Unterst\u00fctzung der Stadt Senftenberg gesichert. Wir haben gro\u00dfartige Partner gefunden unter anderem das Schwimmbad in Lauchhammer und die Lagune Cottbus, wo wir unseren Trainingsbetrieb weiterf\u00fchren k\u00f6nnen. Auch planen wir Wettk\u00e4mpfe, die unser Verein austr\u00e4gt. Des Weiteren haben wir immer die Mehrausgaben im Blick, um proaktiv zu reagieren und nach Alternativen zu suchen.<\/p>\n<p>Wir werden alles Erdenkliche tun, um unseren Verein am Leben zu erhalten und die 100j\u00e4hrige Tradition fortzuf\u00fchren. Denn was w\u00e4re die Seestadt ohne einen Schwimmverein.<\/p>\n<p>Wir halten euch \u00fcber alles auf dem Laufenden, via Mail, WhatsApp und Webseite, und werden nach unserer Feier einen n\u00e4chsten Stammtisch planen.<\/p>\n<p>Sportliche Gr\u00fc\u00dfe<br \/>\n<strong><em>Stephanie Thiel<\/em><\/strong><br \/>\nPresse &amp; \u00d6ffentlichkeitsarbeit<\/p>\n<p>&nbsp;<\/p>\n","protected":false},"excerpt":{"rendered":"<p>Liebe Mitglieder des Schwimmvereins, wir alle haben den Artikel vom 11.02.2023, von der Lausitzer Rundschau, gelesen und dadurch erfahren, dass wir die Schwimmhalle in Senftenberg als Trainingsst\u00e4tte voraussichtlich erst in 2025 nutzen k\u00f6nnen. Anfang des Jahres hat der erste Vorsitzende des SSV e. V., Christian Hahn, ein Gespr\u00e4ch mit der Stadt Senftenberg gef\u00fchrt. In diesem &hellip; <\/p>\n<p class=\"link-more\"><a href=\"https:\/\/www.ssv-senftenberg.de\/konzept\/eventuelle-schliessung-der-schwimmhalle-bis-2025\/\" class=\"more-link\"><span class=\"screen-reader-text\">\u201eEventuelle Schlie\u00dfung der Schwimmhalle bis 2025\u201c <\/span>weiterlesen<\/a><\/p>\n","protected":false},"author":9,"featured_media":0,"comment_status":"closed","ping_status":"closed","sticky":false,"template":"","format":"standard","meta":{"footnotes":""},"categories":[15],"tags":[],"class_list":["post-7051","post","type-post","status-publish","format-standard","hentry","category-umbau-schwimmhalle"],"_links":{"self":[{"href":"https:\/\/www.ssv-senftenberg.de\/konzept\/wp-json\/wp\/v2\/posts\/7051","targetHints":{"allow":["GET"]}}],"collection":[{"href":"https:\/\/www.ssv-senftenberg.de\/konzept\/wp-json\/wp\/v2\/posts"}],"about":[{"href":"https:\/\/www.ssv-senftenberg.de\/konzept\/wp-json\/wp\/v2\/types\/post"}],"author":[{"embeddable":true,"href":"https:\/\/www.ssv-senftenberg.de\/konzept\/wp-json\/wp\/v2\/users\/9"}],"replies":[{"embeddable":true,"href":"https:\/\/www.ssv-senftenberg.de\/konzept\/wp-json\/wp\/v2\/comments?post=7051"}],"version-history":[{"count":5,"href":"https:\/\/www.ssv-senftenberg.de\/konzept\/wp-json\/wp\/v2\/posts\/7051\/revisions"}],"predecessor-version":[{"id":7057,"href":"https:\/\/www.ssv-senftenberg.de\/konzept\/wp-json\/wp\/v2\/posts\/7051\/revisions\/7057"}],"wp:attachment":[{"href":"https:\/\/www.ssv-senftenberg.de\/konzept\/wp-json\/wp\/v2\/media?parent=7051"}],"wp:term":[{"taxonomy":"category","embeddable":true,"href":"https:\/\/www.ssv-senftenberg.de\/konzept\/wp-json\/wp\/v2\/categories?post=7051"},{"taxonomy":"post_tag","embeddable":true,"href":"https:\/\/www.ssv-senftenberg.de\/konzept\/wp-json\/wp\/v2\/tags?post=7051"}],"curies":[{"name":"wp","href":"https:\/\/api.w.org\/{rel}","templated":true}]}}