{"id":7644,"date":"2023-04-20T13:07:06","date_gmt":"2023-04-20T11:07:06","guid":{"rendered":"https:\/\/www.ssv-senftenberg.de\/konzept\/?p=7644"},"modified":"2023-04-20T13:15:34","modified_gmt":"2023-04-20T11:15:34","slug":"dresdner-fruehjahrespreis-2023-was-geht","status":"publish","type":"post","link":"https:\/\/www.ssv-senftenberg.de\/konzept\/dresdner-fruehjahrespreis-2023-was-geht\/","title":{"rendered":"Dresdner Fr\u00fchjahrespreis 2023: Was geht?"},"content":{"rendered":"<div style=\"text-align: center;\" data-canvas-width=\"589.7760000000003\"><em>Ja was geht noch nach einem Jahr Hallenschlie\u00dfzeit?<\/em><br \/>\nScheinbar doch noch eine ganze Menge. Am 25. Und 26.03. diesen Jahres fand in Dresden der Fr\u00fchjahrspreis statt, bei dem eine Abordnung aus drei Trainingsgruppen um Medaillen und Platzierungen k\u00e4mpfte.<\/div>\n<div style=\"text-align: center;\" data-canvas-width=\"589.7760000000003\">\n<p>Die Trainingsgruppen von <em>Anne Leufgen<\/em> und <em>Annett Klose<\/em> und<em> Hendrik Just<\/em> waren schon am Sonnabend zugegen. Dort k\u00e4mpften sie <em>(Luise Thie\u00df, Martin Schultz, Moritz Ludewig, Carlo Hanschmann)<\/em> am Vormittag um gute Platzierungen \u00fcber 400m Freistil. Ein erster Test, der gar nicht so schlecht verlief.<\/p>\n<\/div>\n<div style=\"text-align: center;\" data-canvas-width=\"603.5520000000005\">\n<p>Am Nachmittag kam <em>Anne Leufgen`s<\/em> Trainingsgruppe mit <em>Oliver Hoffmann, Fynn Wilimek, Amy Luca Hoffmann und Jette Lachmann<\/em> dazu. Sie traten in den Wettk\u00e4mpfen \u00fcber die Strecken 50m Freistil, 200m Lagen, 50m Schmetterling, 200m R\u00fccken und 100m Brust an, bei den wir 5., 6., 8. und 9. Pl\u00e4tze erreichten.<\/p>\n\n\t\t<!-- MasterSlider -->\n\t\t<div id=\"P_MS69f4cb74b0ae1\" class=\"master-slider-parent msl ms-parent-id-31\" style=\"max-width:800px;\">\n\n\t\t\t\n\t\t\t<!-- MasterSlider Main -->\n\t\t\t<div id=\"MS69f4cb74b0ae1\" class=\"master-slider ms-skin-default\" >\n\t\t\t\t \t\t\t\t \n\t\t\t\t<div  class=\"ms-slide\" data-delay=\"3\" data-fill-mode=\"fill\"  >\n\t\t\t\t\t<img decoding=\"async\" src=\"https:\/\/www.ssv-senftenberg.de\/konzept\/wp-content\/plugins\/master-slider\/public\/assets\/css\/blank.gif\" alt=\"Eingangsbereich\" title=\"\" data-src=\"https:\/\/www.ssv-senftenberg.de\/konzept\/wp-content\/uploads\/2023\/04\/6c109883-efe3-4ed0-bfa8-6c9086671d34.jpg\" \/>\n\t<a href=\"https:\/\/www.ssv-senftenberg.de\/konzept\/wp-content\/uploads\/2023\/04\/6c109883-efe3-4ed0-bfa8-6c9086671d34.jpg\"     ><\/a>\n\n\n\t<img decoding=\"async\" class=\"ms-thumb\" src=\"https:\/\/www.ssv-senftenberg.de\/konzept\/wp-content\/uploads\/2023\/04\/6c109883-efe3-4ed0-bfa8-6c9086671d34-140x80.jpg\" alt=\"Eingangsbereich\" \/>\n\t<div class=\"ms-thumb\" ><div class=\"ms-tab-context\"><div class=&quot;ms-tab-context&quot;><\/div><\/div>\n<\/div>\n\t\t\t\t<\/div>\n\t\t\t\t<div  class=\"ms-slide\" data-delay=\"3\" data-fill-mode=\"fill\"  >\n\t\t\t\t\t<img decoding=\"async\" src=\"https:\/\/www.ssv-senftenberg.de\/konzept\/wp-content\/plugins\/master-slider\/public\/assets\/css\/blank.gif\" alt=\"\" title=\"\" data-src=\"https:\/\/www.ssv-senftenberg.de\/konzept\/wp-content\/uploads\/2023\/04\/4a5a56a8-d984-4cc0-b7e0-e6477817bb6a.jpg\" \/>\n\t<a href=\"https:\/\/www.ssv-senftenberg.de\/konzept\/wp-content\/uploads\/2023\/04\/4a5a56a8-d984-4cc0-b7e0-e6477817bb6a.jpg\"     ><\/a>\n\n\n\t<img decoding=\"async\" class=\"ms-thumb\" src=\"https:\/\/www.ssv-senftenberg.de\/konzept\/wp-content\/uploads\/2023\/04\/4a5a56a8-d984-4cc0-b7e0-e6477817bb6a-140x80.jpg\" alt=\"\" \/>\n\t<div class=\"ms-thumb\" ><div class=\"ms-tab-context\"><div class=&quot;ms-tab-context&quot;><\/div><\/div>\n<\/div>\n\t\t\t\t<\/div>\n\t\t\t\t<div  class=\"ms-slide\" data-delay=\"3\" data-fill-mode=\"fit\"  >\n\t\t\t\t\t<img decoding=\"async\" src=\"https:\/\/www.ssv-senftenberg.de\/konzept\/wp-content\/plugins\/master-slider\/public\/assets\/css\/blank.gif\" alt=\"Eingangsbereich\" title=\"\" data-src=\"https:\/\/www.ssv-senftenberg.de\/konzept\/wp-content\/uploads\/2023\/04\/WhatsApp-Image-2023-03-26-at-10.21.37.jpeg\" \/>\n\t<a href=\"https:\/\/www.ssv-senftenberg.de\/konzept\/wp-content\/uploads\/2023\/04\/WhatsApp-Image-2023-03-26-at-10.21.37.jpeg\"     ><\/a>\n\n\n\t<img decoding=\"async\" class=\"ms-thumb\" src=\"https:\/\/www.ssv-senftenberg.de\/konzept\/wp-content\/uploads\/2023\/04\/WhatsApp-Image-2023-03-26-at-10.21.37-140x80.jpeg\" alt=\"Eingangsbereich\" \/>\n\t<div class=\"ms-thumb\" ><div class=\"ms-tab-context\"><div class=&quot;ms-tab-context&quot;><\/div><\/div>\n<\/div>\n\t\t\t\t<\/div>\n\t\t\t\t<div  class=\"ms-slide\" data-delay=\"3\" data-fill-mode=\"fill\"  >\n\t\t\t\t\t<img decoding=\"async\" src=\"https:\/\/www.ssv-senftenberg.de\/konzept\/wp-content\/plugins\/master-slider\/public\/assets\/css\/blank.gif\" alt=\"\" title=\"\" data-src=\"https:\/\/www.ssv-senftenberg.de\/konzept\/wp-content\/uploads\/2023\/04\/6b5ada77-36c9-480e-b31c-28a896561fa1.jpg\" \/>\n\t<a href=\"https:\/\/www.ssv-senftenberg.de\/konzept\/wp-content\/uploads\/2023\/04\/6b5ada77-36c9-480e-b31c-28a896561fa1.jpg\"     ><\/a>\n\n\n\t<img decoding=\"async\" class=\"ms-thumb\" src=\"https:\/\/www.ssv-senftenberg.de\/konzept\/wp-content\/uploads\/2023\/04\/6b5ada77-36c9-480e-b31c-28a896561fa1-140x80.jpg\" alt=\"\" \/>\n\t<div class=\"ms-thumb\" ><div class=\"ms-tab-context\"><div class=&quot;ms-tab-context&quot;><\/div><\/div>\n<\/div>\n\t\t\t\t<\/div>\n\t\t\t\t<div  class=\"ms-slide\" data-delay=\"3\" data-fill-mode=\"fill\"  >\n\t\t\t\t\t<img decoding=\"async\" src=\"https:\/\/www.ssv-senftenberg.de\/konzept\/wp-content\/plugins\/master-slider\/public\/assets\/css\/blank.gif\" alt=\"Eingangsbereich\" title=\"\" data-src=\"https:\/\/www.ssv-senftenberg.de\/konzept\/wp-content\/uploads\/2023\/04\/9f6055d6-e301-4585-9e50-b2c90f3a4e2c.jpg\" \/>\n\t<a href=\"https:\/\/www.ssv-senftenberg.de\/konzept\/wp-content\/uploads\/2023\/04\/9f6055d6-e301-4585-9e50-b2c90f3a4e2c.jpg\"     ><\/a>\n\n\n\t<img decoding=\"async\" class=\"ms-thumb\" src=\"https:\/\/www.ssv-senftenberg.de\/konzept\/wp-content\/uploads\/2023\/04\/9f6055d6-e301-4585-9e50-b2c90f3a4e2c-140x80.jpg\" alt=\"Eingangsbereich\" \/>\n\t<div class=\"ms-thumb\" ><div class=\"ms-tab-context\"><div class=&quot;ms-tab-context&quot;><\/div><\/div>\n<\/div>\n\t\t\t\t<\/div>\n\t\t\t\t<div  class=\"ms-slide\" data-delay=\"3\" data-fill-mode=\"fit\"  >\n\t\t\t\t\t<img decoding=\"async\" src=\"https:\/\/www.ssv-senftenberg.de\/konzept\/wp-content\/plugins\/master-slider\/public\/assets\/css\/blank.gif\" alt=\"Eingangsbereich\" title=\"\" data-src=\"https:\/\/www.ssv-senftenberg.de\/konzept\/wp-content\/uploads\/2023\/04\/IMG_2487-scaled.jpg\" \/>\n\t<a href=\"https:\/\/www.ssv-senftenberg.de\/konzept\/wp-content\/uploads\/2023\/04\/IMG_2487-scaled.jpg\"     ><\/a>\n\n\n\t<img decoding=\"async\" class=\"ms-thumb\" src=\"https:\/\/www.ssv-senftenberg.de\/konzept\/wp-content\/uploads\/2023\/04\/IMG_2487-scaled-140x80.jpg\" alt=\"Eingangsbereich\" \/>\n\t<div class=\"ms-thumb\" ><div class=\"ms-tab-context\"><div class=&quot;ms-tab-context&quot;><\/div><\/div>\n<\/div>\n\t\t\t\t<\/div>\n\t\t\t\t<div  class=\"ms-slide\" data-delay=\"3\" data-fill-mode=\"fit\"  >\n\t\t\t\t\t<img decoding=\"async\" src=\"https:\/\/www.ssv-senftenberg.de\/konzept\/wp-content\/plugins\/master-slider\/public\/assets\/css\/blank.gif\" alt=\"Umkleiden\" title=\"\" data-src=\"https:\/\/www.ssv-senftenberg.de\/konzept\/wp-content\/uploads\/2023\/04\/7eab52da-410c-4591-9ca5-9624ae152a7a-e1681983927818.jpg\" \/>\n\t<a href=\"https:\/\/www.ssv-senftenberg.de\/konzept\/wp-content\/uploads\/2023\/04\/7eab52da-410c-4591-9ca5-9624ae152a7a-e1681983927818.jpg\"     ><\/a>\n\n\n\t<img decoding=\"async\" class=\"ms-thumb\" src=\"https:\/\/www.ssv-senftenberg.de\/konzept\/wp-content\/uploads\/2023\/04\/7eab52da-410c-4591-9ca5-9624ae152a7a-e1681983927818-140x80.jpg\" alt=\"Umkleiden\" \/>\n\t<div class=\"ms-thumb\" ><div class=\"ms-tab-context\"><div class=&quot;ms-tab-context&quot;><\/div><\/div>\n<\/div>\n\t\t\t\t<\/div>\n\t\t\t\t<div  class=\"ms-slide\" data-delay=\"3\" data-fill-mode=\"fit\"  >\n\t\t\t\t\t<img decoding=\"async\" src=\"https:\/\/www.ssv-senftenberg.de\/konzept\/wp-content\/plugins\/master-slider\/public\/assets\/css\/blank.gif\" alt=\"Eingangsbereich\" title=\"\" data-src=\"https:\/\/www.ssv-senftenberg.de\/konzept\/wp-content\/uploads\/2023\/04\/27798e34-baec-43ee-b15d-ae802744c289.jpg\" \/>\n\t<a href=\"https:\/\/www.ssv-senftenberg.de\/konzept\/wp-content\/uploads\/2023\/04\/27798e34-baec-43ee-b15d-ae802744c289.jpg\"     ><\/a>\n\n\n\t<img decoding=\"async\" class=\"ms-thumb\" src=\"https:\/\/www.ssv-senftenberg.de\/konzept\/wp-content\/uploads\/2023\/04\/27798e34-baec-43ee-b15d-ae802744c289-140x80.jpg\" alt=\"Eingangsbereich\" \/>\n\t<div class=\"ms-thumb\" ><div class=\"ms-tab-context\"><div class=&quot;ms-tab-context&quot;><\/div><\/div>\n<\/div>\n\t\t\t\t<\/div>\n\t\t\t\t<div  class=\"ms-slide\" data-delay=\"3\" data-fill-mode=\"fill\"  >\n\t\t\t\t\t<img decoding=\"async\" src=\"https:\/\/www.ssv-senftenberg.de\/konzept\/wp-content\/plugins\/master-slider\/public\/assets\/css\/blank.gif\" alt=\"Eingangsbereich\" title=\"\" data-src=\"https:\/\/www.ssv-senftenberg.de\/konzept\/wp-content\/uploads\/2023\/04\/e98985c7-bf4c-4379-b1b4-23c3f15d3e3d.jpg\" \/>\n\t<a href=\"https:\/\/www.ssv-senftenberg.de\/konzept\/wp-content\/uploads\/2023\/04\/e98985c7-bf4c-4379-b1b4-23c3f15d3e3d.jpg\"     ><\/a>\n\n\n\t<img decoding=\"async\" class=\"ms-thumb\" src=\"https:\/\/www.ssv-senftenberg.de\/konzept\/wp-content\/uploads\/2023\/04\/e98985c7-bf4c-4379-b1b4-23c3f15d3e3d-140x80.jpg\" alt=\"Eingangsbereich\" \/>\n\t<div class=\"ms-thumb\" ><div class=\"ms-tab-context\"><div class=&quot;ms-tab-context&quot;><\/div><\/div>\n<\/div>\n\t\t\t\t<\/div>\n\t\t\t\t<div  class=\"ms-slide\" data-delay=\"3\" data-fill-mode=\"fit\"  >\n\t\t\t\t\t<img decoding=\"async\" src=\"https:\/\/www.ssv-senftenberg.de\/konzept\/wp-content\/plugins\/master-slider\/public\/assets\/css\/blank.gif\" alt=\"Eingangsbereich\" title=\"\" data-src=\"https:\/\/www.ssv-senftenberg.de\/konzept\/wp-content\/uploads\/2023\/04\/WhatsApp-Image-2023-03-26-at-09.56.08-1.jpeg\" \/>\n\t<a href=\"https:\/\/www.ssv-senftenberg.de\/konzept\/wp-content\/uploads\/2023\/04\/WhatsApp-Image-2023-03-26-at-09.56.08-1.jpeg\"     ><\/a>\n\n\n\t<img decoding=\"async\" class=\"ms-thumb\" src=\"https:\/\/www.ssv-senftenberg.de\/konzept\/wp-content\/uploads\/2023\/04\/WhatsApp-Image-2023-03-26-at-09.56.08-1-140x80.jpeg\" alt=\"Eingangsbereich\" \/>\n\t<div class=\"ms-thumb\" ><div class=\"ms-tab-context\"><div class=&quot;ms-tab-context&quot;><\/div><\/div>\n<\/div>\n\t\t\t\t<\/div>\n\t\t\t\t<div  class=\"ms-slide\" data-delay=\"3\" data-fill-mode=\"fit\"  >\n\t\t\t\t\t<img decoding=\"async\" src=\"https:\/\/www.ssv-senftenberg.de\/konzept\/wp-content\/plugins\/master-slider\/public\/assets\/css\/blank.gif\" alt=\"Eingangsbereich\" title=\"\" data-src=\"https:\/\/www.ssv-senftenberg.de\/konzept\/wp-content\/uploads\/2023\/04\/f7199ba8-47ef-4f47-8c8b-fcba73790c48.jpg\" \/>\n\t<a href=\"https:\/\/www.ssv-senftenberg.de\/konzept\/wp-content\/uploads\/2023\/04\/f7199ba8-47ef-4f47-8c8b-fcba73790c48.jpg\"     ><\/a>\n\n\n\t<img decoding=\"async\" class=\"ms-thumb\" src=\"https:\/\/www.ssv-senftenberg.de\/konzept\/wp-content\/uploads\/2023\/04\/f7199ba8-47ef-4f47-8c8b-fcba73790c48-140x80.jpg\" alt=\"Eingangsbereich\" \/>\n\t<div class=\"ms-thumb\" ><div class=\"ms-tab-context\"><div class=&quot;ms-tab-context&quot;><\/div><\/div>\n<\/div>\n\t\t\t\t<\/div>\n\t\t\t\t<div  class=\"ms-slide\" data-delay=\"3\" data-fill-mode=\"fit\"  >\n\t\t\t\t\t<img decoding=\"async\" src=\"https:\/\/www.ssv-senftenberg.de\/konzept\/wp-content\/plugins\/master-slider\/public\/assets\/css\/blank.gif\" alt=\"Eingangsbereich\" title=\"\" data-src=\"https:\/\/www.ssv-senftenberg.de\/konzept\/wp-content\/uploads\/2023\/04\/WhatsApp-Image-2023-03-26-at-13.10.40.jpeg\" \/>\n\t<a href=\"https:\/\/www.ssv-senftenberg.de\/konzept\/wp-content\/uploads\/2023\/04\/WhatsApp-Image-2023-03-26-at-13.10.40.jpeg\"     ><\/a>\n\n\n\t<img decoding=\"async\" class=\"ms-thumb\" src=\"https:\/\/www.ssv-senftenberg.de\/konzept\/wp-content\/uploads\/2023\/04\/WhatsApp-Image-2023-03-26-at-13.10.40-140x80.jpeg\" alt=\"Eingangsbereich\" \/>\n\t<div class=\"ms-thumb\" ><div class=\"ms-tab-context\"><div class=&quot;ms-tab-context&quot;><\/div><\/div>\n<\/div>\n\t\t\t\t<\/div>\n\n\t\t\t<\/div>\n\t\t\t<!-- END MasterSlider Main -->\n\n\t\t\t \n\t\t<\/div>\n\t\t<!-- END MasterSlider -->\n\n\t\t<script>\n\t\t(function ( $ ) {\n\t\t\t\"use strict\";\n\n\t\t\t$(function () {\n\t\t\t\tvar masterslider_0ae1 = new MasterSlider();\n\n\t\t\t\t\/\/ slider controls\n\t\t\t\tmasterslider_0ae1.control('arrows'     ,{ autohide:false, overVideo:true  });\t\t\t\tmasterslider_0ae1.control('bullets'    ,{ autohide:false, overVideo:true, dir:'h', align:'bottom' , margin:10  });\n\n\t\t\t\tmasterslider_0ae1.control('thumblist'  ,{ autohide:false, overVideo:true, dir:'h', speed:17, inset:false, arrows:false, hover:false, customClass:'', align:'bottom',type:'thumbs', margin:5, width:140, height:80, space:5, fillMode:'fill'  });\n\t\t\t\t\/\/ slider setup\n\t\t\t\tmasterslider_0ae1.setup(\"MS69f4cb74b0ae1\", {\n\t\t\t\t\t\twidth           : 800,\n\t\t\t\t\t\theight          : 480,\n\t\t\t\t\t\tminHeight       : 0,\n\t\t\t\t\t\tspace           : 0,\n\t\t\t\t\t\tstart           : 1,\n\t\t\t\t\t\tgrabCursor      : true,\n\t\t\t\t\t\tswipe           : true,\n\t\t\t\t\t\tmouse           : true,\n\t\t\t\t\t\tlayout          : \"boxed\",\n\t\t\t\t\t\twheel           : false,\n\t\t\t\t\t\tautoplay        : false,\n\t\t\t\t\t\tinstantStartLayers:false,\n\t\t\t\t\t\tloop            : false,\n\t\t\t\t\t\tshuffle         : false,\n\t\t\t\t\t\tpreload         : 0,\n\t\t\t\t\t\theightLimit     : true,\n\t\t\t\t\t\tautoHeight      : false,\n\t\t\t\t\t\tsmoothHeight    : true,\n\t\t\t\t\t\tendPause        : false,\n\t\t\t\t\t\toverPause       : true,\n\t\t\t\t\t\tfillMode        : \"fill\",\n\t\t\t\t\t\tcenterControls  : true,\n\t\t\t\t\t\tstartOnAppear   : false,\n\t\t\t\t\t\tlayersMode      : \"center\",\n\t\t\t\t\t\thideLayers      : false,\n\t\t\t\t\t\tfullscreenMargin: 0,\n\t\t\t\t\t\tspeed           : 20,\n\t\t\t\t\t\tdir             : \"h\",\n\t\t\t\t\t\tparallaxMode    : 'swipe',\n\t\t\t\t\t\tview            : \"basic\"\n\t\t\t\t});\n\n\t\t\t\t\n\t\t\t\twindow.masterslider_instances = window.masterslider_instances || [];\n\t\t\t\twindow.masterslider_instances.push( masterslider_0ae1 );\n\t\t\t });\n\n\t\t})(jQuery);\n\t\t<\/script>\n\n\n<\/div>\n<p><!--more--><\/p>\n<div style=\"text-align: center;\" data-canvas-width=\"603.5520000000005\">\n<p>Am Sonntag konnten wir dann mit allen gemeldeten Trainingsgruppen, also auch der Trainingsgruppe von <em>Christian Hahn<\/em> in das Geschehen eingreifen. <em>John Hoffmann, Leon Kroggel, Clara Elise P\u00f6tschke, Emily Krengel, Frieda Tannert und Charlotte Muschter<\/em>, die j\u00fcngsten Starter konnten in dieser Halle erstmals auf der 50m Bahn schwimmen und sahen gar nicht schlecht aus. <em>Clara<\/em> erreichte sogar einen sehr guten 2. Platz \u00fcber 50m Brust. Mit 5. Und 6. Pl\u00e4tzen in den Strecken 50m Brust, 50m R\u00fccken, 200m Freistil, 100m Schmetterling, 100m Freistil <em>(ein 4. Platz von John Hoffmann)<\/em>, 200m Brust und 100m R\u00fccken konnte auch beachtenswerte Ergebnisse erreicht werden.<\/p>\n<\/div>\n<div style=\"text-align: center;\" data-canvas-width=\"603.5520000000005\">\n<p>Die <a href=\"https:\/\/ssv-senftenberg.webclub.app\/oeffentlich-ergebnisse.php?openid=13\">Zusammenfassung der Ergebnisse<\/a> sowie das vollst\u00e4ndige <a href=\"https:\/\/www.ssv-senftenberg.de\/konzept\/wp-content\/uploads\/2023\/03\/20230326_Fruehjahrspreis-PR.pdf\">Protokoll<\/a> stehen im <a href=\"https:\/\/ssv-senftenberg.webclub.app\/oeffentlich-ergebnisse.php?openid=13\">Webclub<\/a> bereit.<\/p>\n<\/div>\n<div style=\"text-align: center;\" data-canvas-width=\"603.5520000000005\">\n<p>Die Ergebnisse der Wettk\u00e4mpfe zeigen nat\u00fcrlich, dass der Bedarf an zus\u00e4tzlichen Schwimmzeiten sehr hoch ist, aber auch dass trotz dieser Umst\u00e4nde mit unseren Schwimmern zu rechnen ist. Ein gro\u00dfer Dank dabei gilt nat\u00fcrlich allen Trainer:innen und Assistenztrainer:innen.<br \/>\n<em>(<a href=\"https:\/\/www.ssv-senftenberg.de\/konzept\/trainer-wettkampfrichter-werden#trainer\">&#8211;&gt; Wie werde ich Trainer:in bzw. Assistenztrainer:in?<\/a>)<\/em><\/p>\n<\/div>\n<div style=\"text-align: center;\" data-canvas-width=\"72.648\">Sportliche Gr\u00fc\u00dfe<br \/>\n<strong><em>Hendrik Just<\/em><\/strong><br \/>\n2. Vositzender des Vorstand &amp; Schwimmtrainer<\/div>\n<div style=\"text-align: center;\" data-canvas-width=\"72.648\"><\/div>\n","protected":false},"excerpt":{"rendered":"<p>Ja was geht noch nach einem Jahr Hallenschlie\u00dfzeit? Scheinbar doch noch eine ganze Menge. Am 25. Und 26.03. diesen Jahres fand in Dresden der Fr\u00fchjahrspreis statt, bei dem eine Abordnung aus drei Trainingsgruppen um Medaillen und Platzierungen k\u00e4mpfte. Die Trainingsgruppen von Anne Leufgen und Annett Klose und Hendrik Just waren schon am Sonnabend zugegen. Dort &hellip; <\/p>\n<p class=\"link-more\"><a href=\"https:\/\/www.ssv-senftenberg.de\/konzept\/dresdner-fruehjahrespreis-2023-was-geht\/\" class=\"more-link\"><span class=\"screen-reader-text\">\u201eDresdner Fr\u00fchjahrespreis 2023: Was geht?\u201c <\/span>weiterlesen<\/a><\/p>\n","protected":false},"author":5,"featured_media":0,"comment_status":"closed","ping_status":"closed","sticky":false,"template":"","format":"standard","meta":{"footnotes":""},"categories":[18],"tags":[],"class_list":["post-7644","post","type-post","status-publish","format-standard","hentry","category-wk-bericht"],"_links":{"self":[{"href":"https:\/\/www.ssv-senftenberg.de\/konzept\/wp-json\/wp\/v2\/posts\/7644","targetHints":{"allow":["GET"]}}],"collection":[{"href":"https:\/\/www.ssv-senftenberg.de\/konzept\/wp-json\/wp\/v2\/posts"}],"about":[{"href":"https:\/\/www.ssv-senftenberg.de\/konzept\/wp-json\/wp\/v2\/types\/post"}],"author":[{"embeddable":true,"href":"https:\/\/www.ssv-senftenberg.de\/konzept\/wp-json\/wp\/v2\/users\/5"}],"replies":[{"embeddable":true,"href":"https:\/\/www.ssv-senftenberg.de\/konzept\/wp-json\/wp\/v2\/comments?post=7644"}],"version-history":[{"count":8,"href":"https:\/\/www.ssv-senftenberg.de\/konzept\/wp-json\/wp\/v2\/posts\/7644\/revisions"}],"predecessor-version":[{"id":7667,"href":"https:\/\/www.ssv-senftenberg.de\/konzept\/wp-json\/wp\/v2\/posts\/7644\/revisions\/7667"}],"wp:attachment":[{"href":"https:\/\/www.ssv-senftenberg.de\/konzept\/wp-json\/wp\/v2\/media?parent=7644"}],"wp:term":[{"taxonomy":"category","embeddable":true,"href":"https:\/\/www.ssv-senftenberg.de\/konzept\/wp-json\/wp\/v2\/categories?post=7644"},{"taxonomy":"post_tag","embeddable":true,"href":"https:\/\/www.ssv-senftenberg.de\/konzept\/wp-json\/wp\/v2\/tags?post=7644"}],"curies":[{"name":"wp","href":"https:\/\/api.w.org\/{rel}","templated":true}]}}