{"id":7668,"date":"2023-04-26T08:27:28","date_gmt":"2023-04-26T06:27:28","guid":{"rendered":"https:\/\/www.ssv-senftenberg.de\/konzept\/?p=7668"},"modified":"2023-04-26T08:38:21","modified_gmt":"2023-04-26T06:38:21","slug":"der-sonne-entgegen-i-mitglieder-des-ssv-waren-bei-den-27-mom-2023-in-palma-de-mallorca","status":"publish","type":"post","link":"https:\/\/www.ssv-senftenberg.de\/konzept\/der-sonne-entgegen-i-mitglieder-des-ssv-waren-bei-den-27-mom-2023-in-palma-de-mallorca\/","title":{"rendered":"Der Sonne entgegen I Mitglieder des SSV waren bei den 27.  \u201eMOM 2023\u201c in Palma de Mallorca"},"content":{"rendered":"<figure id=\"attachment_7670\" aria-describedby=\"caption-attachment-7670\" style=\"width: 1277px\" class=\"wp-caption alignnone\"><img loading=\"lazy\" decoding=\"async\" class=\"wp-image-7670 size-full\" style=\"font-weight: bold; color: #666666; font-size: 0.8125rem; font-style: italic;\" src=\"https:\/\/www.ssv-senftenberg.de\/konzept\/wp-content\/uploads\/2023\/04\/MOM_Riska_2023_105-002.jpg\" alt=\"\" width=\"1277\" height=\"842\" srcset=\"https:\/\/www.ssv-senftenberg.de\/konzept\/wp-content\/uploads\/2023\/04\/MOM_Riska_2023_105-002.jpg 1277w, https:\/\/www.ssv-senftenberg.de\/konzept\/wp-content\/uploads\/2023\/04\/MOM_Riska_2023_105-002-300x198.jpg 300w, https:\/\/www.ssv-senftenberg.de\/konzept\/wp-content\/uploads\/2023\/04\/MOM_Riska_2023_105-002-1024x675.jpg 1024w, https:\/\/www.ssv-senftenberg.de\/konzept\/wp-content\/uploads\/2023\/04\/MOM_Riska_2023_105-002-768x506.jpg 768w\" sizes=\"auto, (max-width: 767px) 89vw, (max-width: 1000px) 54vw, (max-width: 1071px) 543px, 580px\" \/><figcaption id=\"caption-attachment-7670\" class=\"wp-caption-text\">v.l.n.r. Ulf &amp; Dietlind Riska, Michael Metz, Kerstin &amp; Steffen Baumann<\/figcaption><\/figure>\n<p><span style=\"color: #333333; font-size: 1rem;\">Schon seit mehreren Jahren geh\u00f6ren die internationalen \u201eMallorca Open Masters\u201c (MOM) zum Wettkampfprogramm des SSV Senftenberg.<\/span>In diesem Jahr verzeichnete die 27. Auflage der Meisterschaften nach Jahren der Pandemie einen Teilnehmerrekord von rund 400 Startern. Dennoch verliefen die Wettbewerbe professionell organisiert, routiniert und stimmungsvoll. Insbesondere die Mallorquiner haben in Sachen Stimmung den Festl\u00e4ndern einiges Voraus. Bewegend und von frenetischen Anfeuerungsrufen begleitet absolvierten auch die Aktiven\u00a0 der Altersklassen 85+ problemlos die 50 Meter Distanzen einschlie\u00dflich Startsprung durch das Becken des Schwimmbades \u201eSon Hugo\u201c\u00a0 in Palma.<!--more--><\/p>\n<p><img loading=\"lazy\" decoding=\"async\" class=\"alignnone size-full wp-image-7669\" src=\"https:\/\/www.ssv-senftenberg.de\/konzept\/wp-content\/uploads\/2023\/04\/52828225480_91ec2a304f_o-002-scaled.jpg\" alt=\"\" width=\"2560\" height=\"1707\" srcset=\"https:\/\/www.ssv-senftenberg.de\/konzept\/wp-content\/uploads\/2023\/04\/52828225480_91ec2a304f_o-002-scaled.jpg 2560w, https:\/\/www.ssv-senftenberg.de\/konzept\/wp-content\/uploads\/2023\/04\/52828225480_91ec2a304f_o-002-300x200.jpg 300w, https:\/\/www.ssv-senftenberg.de\/konzept\/wp-content\/uploads\/2023\/04\/52828225480_91ec2a304f_o-002-1024x683.jpg 1024w, https:\/\/www.ssv-senftenberg.de\/konzept\/wp-content\/uploads\/2023\/04\/52828225480_91ec2a304f_o-002-768x512.jpg 768w, https:\/\/www.ssv-senftenberg.de\/konzept\/wp-content\/uploads\/2023\/04\/52828225480_91ec2a304f_o-002-1536x1024.jpg 1536w, https:\/\/www.ssv-senftenberg.de\/konzept\/wp-content\/uploads\/2023\/04\/52828225480_91ec2a304f_o-002-2048x1365.jpg 2048w\" sizes=\"auto, (max-width: 767px) 89vw, (max-width: 1000px) 54vw, (max-width: 1071px) 543px, 580px\" \/><\/p>\n<p>F\u00fcr die Senftenberger Schwimmer war dieser Wettkampf eine mehrfache Herausforderung, schr\u00e4nkten die Pandemie und nun auch die baubedingte Schlie\u00dfung der Senftenberger Trainingsst\u00e4tte die Vorbereitung massiv ein. Dennoch fiel die Medaillenbilanz mit 3 Gold, 3 Silber und 4 Bronzemedaillen beachtlich aus. Kerstin Baumann und Michael Metz waren dabei die aus Senftenberger Sicht mit 3 bzw. 6 Medaillen erfolgreichsten Starter.<\/p>\n<figure id=\"attachment_7671\" aria-describedby=\"caption-attachment-7671\" style=\"width: 2560px\" class=\"wp-caption alignnone\"><img loading=\"lazy\" decoding=\"async\" class=\"wp-image-7671 size-full\" src=\"https:\/\/www.ssv-senftenberg.de\/konzept\/wp-content\/uploads\/2023\/04\/MOM_Riska_2023_160-002-scaled.jpg\" alt=\"\" width=\"2560\" height=\"1172\" srcset=\"https:\/\/www.ssv-senftenberg.de\/konzept\/wp-content\/uploads\/2023\/04\/MOM_Riska_2023_160-002-scaled.jpg 2560w, https:\/\/www.ssv-senftenberg.de\/konzept\/wp-content\/uploads\/2023\/04\/MOM_Riska_2023_160-002-300x137.jpg 300w, https:\/\/www.ssv-senftenberg.de\/konzept\/wp-content\/uploads\/2023\/04\/MOM_Riska_2023_160-002-1024x469.jpg 1024w, https:\/\/www.ssv-senftenberg.de\/konzept\/wp-content\/uploads\/2023\/04\/MOM_Riska_2023_160-002-768x352.jpg 768w, https:\/\/www.ssv-senftenberg.de\/konzept\/wp-content\/uploads\/2023\/04\/MOM_Riska_2023_160-002-1536x703.jpg 1536w, https:\/\/www.ssv-senftenberg.de\/konzept\/wp-content\/uploads\/2023\/04\/MOM_Riska_2023_160-002-2048x937.jpg 2048w\" sizes=\"auto, (max-width: 767px) 89vw, (max-width: 1000px) 54vw, (max-width: 1071px) 543px, 580px\" \/><figcaption id=\"caption-attachment-7671\" class=\"wp-caption-text\">v.l.n.r. Steffen &amp; Kerstin Baumann, Michael Metz, Dietlind &amp; Ulf Riska<\/figcaption><\/figure>\n<p>Die <a href=\"https:\/\/ssv-senftenberg.webclub.app\/oeffentlich-ergebnisse.php?openid=16\">Zusammenfassung der Ergebnisse<\/a> sowie das vollst\u00e4ndige <a href=\"https:\/\/www.ssv-senftenberg.de\/konzept\/wp-content\/uploads\/2023\/04\/ResultadosMOM2023.pdf\">Protokoll<\/a> stehen im <a href=\"https:\/\/ssv-senftenberg.webclub.app\/oeffentlich-ergebnisse.php?openid=16\">Webclub<\/a> bereit.<\/p>\n<p>Weitere Eindr\u00fccke von der Veranstaltung gibt es in der <a href=\"https:\/\/www.ssv-senftenberg.de\/konzept\/vereinsgalerie\/vereinsgalerie-2023\/#mom2023\">Vereinsgallerie<\/a> zu finden.<\/p>\n<p>Sportliche Gr\u00fc\u00dfe<\/p>\n<p><em>Ulf Riska<\/em><\/p>\n","protected":false},"excerpt":{"rendered":"<p>Schon seit mehreren Jahren geh\u00f6ren die internationalen \u201eMallorca Open Masters\u201c (MOM) zum Wettkampfprogramm des SSV Senftenberg.In diesem Jahr verzeichnete die 27. Auflage der Meisterschaften nach Jahren der Pandemie einen Teilnehmerrekord von rund 400 Startern. Dennoch verliefen die Wettbewerbe professionell organisiert, routiniert und stimmungsvoll. Insbesondere die Mallorquiner haben in Sachen Stimmung den Festl\u00e4ndern einiges Voraus. Bewegend &hellip; <\/p>\n<p class=\"link-more\"><a href=\"https:\/\/www.ssv-senftenberg.de\/konzept\/der-sonne-entgegen-i-mitglieder-des-ssv-waren-bei-den-27-mom-2023-in-palma-de-mallorca\/\" class=\"more-link\"><span class=\"screen-reader-text\">\u201eDer Sonne entgegen I Mitglieder des SSV waren bei den 27.  \u201eMOM 2023\u201c in Palma de Mallorca\u201c <\/span>weiterlesen<\/a><\/p>\n","protected":false},"author":9,"featured_media":0,"comment_status":"closed","ping_status":"closed","sticky":false,"template":"","format":"standard","meta":{"footnotes":""},"categories":[18],"tags":[],"class_list":["post-7668","post","type-post","status-publish","format-standard","hentry","category-wk-bericht"],"_links":{"self":[{"href":"https:\/\/www.ssv-senftenberg.de\/konzept\/wp-json\/wp\/v2\/posts\/7668","targetHints":{"allow":["GET"]}}],"collection":[{"href":"https:\/\/www.ssv-senftenberg.de\/konzept\/wp-json\/wp\/v2\/posts"}],"about":[{"href":"https:\/\/www.ssv-senftenberg.de\/konzept\/wp-json\/wp\/v2\/types\/post"}],"author":[{"embeddable":true,"href":"https:\/\/www.ssv-senftenberg.de\/konzept\/wp-json\/wp\/v2\/users\/9"}],"replies":[{"embeddable":true,"href":"https:\/\/www.ssv-senftenberg.de\/konzept\/wp-json\/wp\/v2\/comments?post=7668"}],"version-history":[{"count":3,"href":"https:\/\/www.ssv-senftenberg.de\/konzept\/wp-json\/wp\/v2\/posts\/7668\/revisions"}],"predecessor-version":[{"id":7674,"href":"https:\/\/www.ssv-senftenberg.de\/konzept\/wp-json\/wp\/v2\/posts\/7668\/revisions\/7674"}],"wp:attachment":[{"href":"https:\/\/www.ssv-senftenberg.de\/konzept\/wp-json\/wp\/v2\/media?parent=7668"}],"wp:term":[{"taxonomy":"category","embeddable":true,"href":"https:\/\/www.ssv-senftenberg.de\/konzept\/wp-json\/wp\/v2\/categories?post=7668"},{"taxonomy":"post_tag","embeddable":true,"href":"https:\/\/www.ssv-senftenberg.de\/konzept\/wp-json\/wp\/v2\/tags?post=7668"}],"curies":[{"name":"wp","href":"https:\/\/api.w.org\/{rel}","templated":true}]}}