{"id":7678,"date":"2023-05-08T14:20:09","date_gmt":"2023-05-08T12:20:09","guid":{"rendered":"https:\/\/www.ssv-senftenberg.de\/konzept\/?p=7678"},"modified":"2023-05-08T15:30:50","modified_gmt":"2023-05-08T13:30:50","slug":"super-stimmung-beim-traditionswettkampf-trotz-der-hallenschliessung-34-lagensprintpokal","status":"publish","type":"post","link":"https:\/\/www.ssv-senftenberg.de\/konzept\/super-stimmung-beim-traditionswettkampf-trotz-der-hallenschliessung-34-lagensprintpokal\/","title":{"rendered":"Super Stimmung beim Traditionswettkampf trotz Hallenschlie\u00dfung | 34. Lagensprintpokal"},"content":{"rendered":"<p style=\"text-align: center;\">Nachdem im Jahr 2020 und 2021 wegen der Kontaktbeschr\u00e4nkungen kein Lagensprintpokal stattfinden konnte, hie\u00df es hier vor etwa einem Jahr in den News schon wieder wenig verhei\u00dfungsvoll &#8222;<em>Ein letztes Mal vor der Schlie\u00dfzeit des Erlebnisbades<\/em>&#8222;, als es um den traditionellen Lagensprintpokal unseres Schwimmsportverein Senftenberg ging.<\/p>\n<p style=\"text-align: center;\">Ein Wettkampf, so ungew\u00f6hnlich und beliebt zugleich, &#8222;<em>den wollen wir unbedingt weiter durchf\u00fchren!<\/em>&#8220; &#8211; hat sich der Vorstand des SSV gedacht. Gesagt, getan! Nicht zuletzt dank freundlichen Unterst\u00fctzung der Schwimmhalle Fiwave in Finsterwalde sowie zahlreicher Unterst\u00fctzer konnte dieses Vorhaben auch in die Tat umgesetzt werden.<\/p>\n<p style=\"text-align: center;\">147 Starter und Starterinnen aus 12 Vereinen k\u00e4mpften wieder um die begehrten Pokale. Bei elektrisierter Stimmung und hervorragender leiblicher Versorgung durch die Eltern der Kinder- und Jugendlichen des SSV musste jeder Schwimmer die Strecken 25m, 50m, 75m und 100m absolvieren, wobei jede Schwimmlage einmal geschwommen werden musste. Sieger wurde, wer die geringste Gesamtzeit \u00fcber alle Strecken erreichte. Als kr\u00f6nender Abschluss folgte die gro\u00dfe Lagen-Mixed-Schwellenstaffel.<\/p>\n<p style=\"text-align: center;\"><a href=\"https:\/\/www.ssv-senftenberg.de\/konzept\/wp-content\/uploads\/2023\/05\/DSC00687-scaled.jpg\"><img loading=\"lazy\" decoding=\"async\" class=\"alignnone wp-image-7685\" src=\"https:\/\/www.ssv-senftenberg.de\/konzept\/wp-content\/uploads\/2023\/05\/DSC00687-300x225.jpg\" alt=\"\" width=\"556\" height=\"417\" srcset=\"https:\/\/www.ssv-senftenberg.de\/konzept\/wp-content\/uploads\/2023\/05\/DSC00687-300x225.jpg 300w, https:\/\/www.ssv-senftenberg.de\/konzept\/wp-content\/uploads\/2023\/05\/DSC00687-1024x768.jpg 1024w, https:\/\/www.ssv-senftenberg.de\/konzept\/wp-content\/uploads\/2023\/05\/DSC00687-768x576.jpg 768w, https:\/\/www.ssv-senftenberg.de\/konzept\/wp-content\/uploads\/2023\/05\/DSC00687-1536x1152.jpg 1536w, https:\/\/www.ssv-senftenberg.de\/konzept\/wp-content\/uploads\/2023\/05\/DSC00687-2048x1536.jpg 2048w\" sizes=\"auto, (max-width: 556px) 100vw, 556px\" \/><\/a><\/p>\n<p style=\"text-align: center;\"><!--more--><\/p>\n<p style=\"text-align: center;\">Wir gratulieren dem SV Neptun 08 Finsterwalde zu einem verdienten Pokalsieg in der Mannschaftswertung. Der SSV Senftenberg erschwamm sich in der Pokalwertung den 3. Platz, unmittelbar nach dem SV Spremberg 21.<\/p>\n<p><a href=\"https:\/\/www.ssv-senftenberg.de\/konzept\/wp-content\/uploads\/2023\/05\/IMG_20230506_151037-scaled-e1683549327743.jpg\"><img loading=\"lazy\" decoding=\"async\" class=\" wp-image-7738 aligncenter\" src=\"https:\/\/www.ssv-senftenberg.de\/konzept\/wp-content\/uploads\/2023\/05\/IMG_20230506_151037-scaled-e1683549327743-300x118.jpg\" alt=\"\" width=\"450\" height=\"177\" srcset=\"https:\/\/www.ssv-senftenberg.de\/konzept\/wp-content\/uploads\/2023\/05\/IMG_20230506_151037-scaled-e1683549327743-300x118.jpg 300w, https:\/\/www.ssv-senftenberg.de\/konzept\/wp-content\/uploads\/2023\/05\/IMG_20230506_151037-scaled-e1683549327743-1024x402.jpg 1024w, https:\/\/www.ssv-senftenberg.de\/konzept\/wp-content\/uploads\/2023\/05\/IMG_20230506_151037-scaled-e1683549327743-768x301.jpg 768w, https:\/\/www.ssv-senftenberg.de\/konzept\/wp-content\/uploads\/2023\/05\/IMG_20230506_151037-scaled-e1683549327743-1536x602.jpg 1536w, https:\/\/www.ssv-senftenberg.de\/konzept\/wp-content\/uploads\/2023\/05\/IMG_20230506_151037-scaled-e1683549327743-2048x803.jpg 2048w\" sizes=\"auto, (max-width: 450px) 100vw, 450px\" \/><\/a><\/p>\n<p style=\"text-align: center;\">Auch in der Staffel zeigte der SV Neptun 08 erneut gro\u00dfe Mannschaftsst\u00e4rke und sicherte sich den ersten Platz. Das enge Rennen um Platz zwei konnte der Gastgeber SSV Senftenberg erfolgreich f\u00fcr sich entscheiden und verwies den SV Gera auf Platz 3, Aqua Berlin auf Platz 4, Pro Sport Berlin 24 e.V. auf Platz 5 und Poseidon Radebeul auf Platz 6.<\/p>\n<p style=\"text-align: center;\">Herzlichen Gl\u00fcckwunsch an alle Senftenberger die es auf das Siegerpodest geschafft haben:<\/p>\n<p style=\"text-align: center;\"><img loading=\"lazy\" decoding=\"async\" class=\"alignnone size-full wp-image-6966\" src=\"https:\/\/www.ssv-senftenberg.de\/konzept\/wp-content\/uploads\/2023\/01\/gold.png\" alt=\"\" width=\"20\" height=\"33\" \/> Ulf Riska<br \/>\n<img loading=\"lazy\" decoding=\"async\" class=\"alignnone size-full wp-image-6966\" src=\"https:\/\/www.ssv-senftenberg.de\/konzept\/wp-content\/uploads\/2023\/01\/gold.png\" alt=\"\" width=\"20\" height=\"33\" \/> Hannes Lehmann<br \/>\n<img loading=\"lazy\" decoding=\"async\" class=\"alignnone size-full wp-image-6964\" src=\"https:\/\/www.ssv-senftenberg.de\/konzept\/wp-content\/uploads\/2023\/01\/bronze.png\" alt=\"\" width=\"25\" height=\"33\" \/> Kerstin Baumann<br \/>\n<img loading=\"lazy\" decoding=\"async\" class=\"alignnone size-full wp-image-6964\" src=\"https:\/\/www.ssv-senftenberg.de\/konzept\/wp-content\/uploads\/2023\/01\/bronze.png\" alt=\"\" width=\"25\" height=\"33\" \/> Steffen Baumann<br \/>\n<img loading=\"lazy\" decoding=\"async\" class=\"alignnone size-full wp-image-6964\" src=\"https:\/\/www.ssv-senftenberg.de\/konzept\/wp-content\/uploads\/2023\/01\/bronze.png\" alt=\"\" width=\"25\" height=\"33\" \/> Henrik Hoffmann<\/p>\n<p style=\"text-align: center;\">Weitere Ergebnisse und Einzelheiten k\u00f6nnen dem <a href=\"https:\/\/www.ssv-senftenberg.de\/konzept\/wp-content\/uploads\/2023\/05\/Protokoll-Lagensprintpokal-2023.pdf\">Protokoll<\/a> entnommen werden. <a href=\"https:\/\/www.ssv-senftenberg.de\/konzept\/wp-content\/uploads\/2023\/05\/Protokoll-Lagensprintpokal-2023.pdf\">&gt;Download&lt;<\/a><\/p>\n<p style=\"text-align: center;\">Eine <a href=\"https:\/\/ssv-senftenberg.webclub.app\/oeffentlich-ergebnisse.php?openid=19\">Zusammenfassung der Ergebnisse aus Senftenberger Sicht<\/a>\u00a0stehen im\u00a0<a href=\"https:\/\/ssv-senftenberg.webclub.app\/oeffentlich-ergebnisse.php?openid=19\">Webclub<\/a>\u00a0bereit.<\/p>\n<p style=\"text-align: center;\">In unserer <a href=\"https:\/\/www.ssv-senftenberg.de\/konzept\/vereinsgalerie\/vereinsgalerie-2023\/#lagensprint\">Bildergalerie<\/a> findet ihr weitere Bilder zu diesem rundrum gelungenen Wettkampf.<\/p>\n<p style=\"text-align: center;\">Wir bedanken uns herzlich bei allen Unterst\u00fctzern aus den eigenen Reihen &#8211; egal ob als Schiedsrichter, Wettkampfrichter, Mannschaftsbetreuer, Helfer beim Auf\/Abbau, Verk\u00e4ufer beim Kuchenbasar und allen Kuchenb\u00e4ckern &#8211; ohne euch w\u00e4re das nicht m\u00f6glich gewesen!<br \/>\n<em>(<a href=\"https:\/\/www.ssv-senftenberg.de\/konzept\/trainer-wettkampfrichter-werden#Wettkampfrichter\">\u2013&gt; Wie werde ich Wettkampfrichter?<\/a>)<\/em><\/p>\n<p style=\"text-align: center;\">Danke auch an den SV Gera, f\u00fcr die Bereitstellung einer Schiedsrichterin sowie Rewe Radke aus Senftenberg f\u00fcr die Versorgung des Kampfgerichts mit Getr\u00e4nken und Snacks.<\/p>\n<div style=\"text-align: center;\" data-canvas-width=\"72.648\">Sportliche Gr\u00fc\u00dfe<br \/>\n<strong><em>Henrik Hoffmann<\/em><\/strong><br \/>\nKassenwart &amp; Schwimmtrainer<\/div>\n","protected":false},"excerpt":{"rendered":"<p>Nachdem im Jahr 2020 und 2021 wegen der Kontaktbeschr\u00e4nkungen kein Lagensprintpokal stattfinden konnte, hie\u00df es hier vor etwa einem Jahr in den News schon wieder wenig verhei\u00dfungsvoll &#8222;Ein letztes Mal vor der Schlie\u00dfzeit des Erlebnisbades&#8222;, als es um den traditionellen Lagensprintpokal unseres Schwimmsportverein Senftenberg ging. Ein Wettkampf, so ungew\u00f6hnlich und beliebt zugleich, &#8222;den wollen wir &hellip; <\/p>\n<p class=\"link-more\"><a href=\"https:\/\/www.ssv-senftenberg.de\/konzept\/super-stimmung-beim-traditionswettkampf-trotz-der-hallenschliessung-34-lagensprintpokal\/\" class=\"more-link\"><span class=\"screen-reader-text\">\u201eSuper Stimmung beim Traditionswettkampf trotz Hallenschlie\u00dfung | 34. Lagensprintpokal\u201c <\/span>weiterlesen<\/a><\/p>\n","protected":false},"author":5,"featured_media":0,"comment_status":"closed","ping_status":"closed","sticky":false,"template":"","format":"standard","meta":{"footnotes":""},"categories":[18],"tags":[],"class_list":["post-7678","post","type-post","status-publish","format-standard","hentry","category-wk-bericht"],"_links":{"self":[{"href":"https:\/\/www.ssv-senftenberg.de\/konzept\/wp-json\/wp\/v2\/posts\/7678","targetHints":{"allow":["GET"]}}],"collection":[{"href":"https:\/\/www.ssv-senftenberg.de\/konzept\/wp-json\/wp\/v2\/posts"}],"about":[{"href":"https:\/\/www.ssv-senftenberg.de\/konzept\/wp-json\/wp\/v2\/types\/post"}],"author":[{"embeddable":true,"href":"https:\/\/www.ssv-senftenberg.de\/konzept\/wp-json\/wp\/v2\/users\/5"}],"replies":[{"embeddable":true,"href":"https:\/\/www.ssv-senftenberg.de\/konzept\/wp-json\/wp\/v2\/comments?post=7678"}],"version-history":[{"count":15,"href":"https:\/\/www.ssv-senftenberg.de\/konzept\/wp-json\/wp\/v2\/posts\/7678\/revisions"}],"predecessor-version":[{"id":7680,"href":"https:\/\/www.ssv-senftenberg.de\/konzept\/wp-json\/wp\/v2\/posts\/7678\/revisions\/7680"}],"wp:attachment":[{"href":"https:\/\/www.ssv-senftenberg.de\/konzept\/wp-json\/wp\/v2\/media?parent=7678"}],"wp:term":[{"taxonomy":"category","embeddable":true,"href":"https:\/\/www.ssv-senftenberg.de\/konzept\/wp-json\/wp\/v2\/categories?post=7678"},{"taxonomy":"post_tag","embeddable":true,"href":"https:\/\/www.ssv-senftenberg.de\/konzept\/wp-json\/wp\/v2\/tags?post=7678"}],"curies":[{"name":"wp","href":"https:\/\/api.w.org\/{rel}","templated":true}]}}