{"id":7746,"date":"2023-06-07T01:41:37","date_gmt":"2023-06-06T23:41:37","guid":{"rendered":"https:\/\/www.ssv-senftenberg.de\/konzept\/?p=7746"},"modified":"2023-06-27T21:40:08","modified_gmt":"2023-06-27T19:40:08","slug":"sportliches-wochenende-fuer-den-ssv-deutsche-meisterschaften-der-masters-talentewettkampf-cottbus-tria-hatz-finsterwalde","status":"publish","type":"post","link":"https:\/\/www.ssv-senftenberg.de\/konzept\/sportliches-wochenende-fuer-den-ssv-deutsche-meisterschaften-der-masters-talentewettkampf-cottbus-tria-hatz-finsterwalde\/","title":{"rendered":"Sportliches Wochenende f\u00fcr den SSV! Deutsche Meisterschaften der Masters, Talentewettkampf Cottbus, Tria-Hatz Finsterwalde"},"content":{"rendered":"<p style=\"text-align: left;\">Am vergangenen Wochenende waren unsere Sportler auf gleich drei Veranstaltungen aktiv!<\/p>\n<p style=\"text-align: left;\">In der s\u00e4chsischen Landeshauptstadt fanden die Deutsche Meisterschaften der Masters &#8222;kurze Strecken&#8220; statt. Aus jeder Ecke Deutschlands waren Teilnehmer vertreten, insgesamt traten 987 Sportler aus 251 Vereinen an. Auch zwei Senftenberger konnten die erforderlichen Pflichtzeiten nachweisen und st\u00fcrzten sich ins Get\u00fcmmel: Antje Lukas und Michael Metz.<\/p>\n<p style=\"text-align: left;\">Zeitgleich fand am Samstag den 03.06.2023 f\u00fcr die J\u00fcngsten im Verein in Cottbus der Talentewettkampf statt. 16 Kinder im Alter von 6 bis 10 sammelten flei\u00dfig Wettkampferfahrungen und konnten sich erfolgreich gegen Sportfreunde aus Eisenh\u00fcttenstadt, Forst, Frankfurt (Oder), Finsterwalde, Spremberg und die Gastgeber aus Cottbus behaupten.<\/p>\n<p style=\"text-align: left;\">Am Sonntag den 04.06.2023 lud der Neptun 08 Finsterwalde zum Triathlon Wettkampf &#8222;Tria-Hatz&#8220;. W\u00e4hrend Carl und Alexander D\u00fcffort alle drei Disziplinen im Einzelstart absolvierten, traten Stephanie Hoffmann, Christiane D\u00fcffort und Mary Hoffmann gemeinsam als Staffel an.<\/p>\n<p><a href=\"https:\/\/www.ssv-senftenberg.de\/konzept\/wp-content\/uploads\/2023\/06\/WhatsApp-Image-2023-06-03-at-18.16.28.jpeg\"><img loading=\"lazy\" decoding=\"async\" class=\"size-medium wp-image-7753 alignnone\" src=\"https:\/\/www.ssv-senftenberg.de\/konzept\/wp-content\/uploads\/2023\/06\/WhatsApp-Image-2023-06-03-at-18.16.28-160x300.jpeg\" alt=\"\" width=\"160\" height=\"300\" srcset=\"https:\/\/www.ssv-senftenberg.de\/konzept\/wp-content\/uploads\/2023\/06\/WhatsApp-Image-2023-06-03-at-18.16.28-160x300.jpeg 160w, https:\/\/www.ssv-senftenberg.de\/konzept\/wp-content\/uploads\/2023\/06\/WhatsApp-Image-2023-06-03-at-18.16.28.jpeg 528w\" sizes=\"auto, (max-width: 160px) 100vw, 160px\" \/><\/a> \u00a0<a href=\"https:\/\/www.ssv-senftenberg.de\/konzept\/wp-content\/uploads\/2023\/06\/WhatsApp-Image-2023-06-05-at-10.19.10.jpeg\"><img loading=\"lazy\" decoding=\"async\" class=\"size-medium wp-image-7752 alignnone\" src=\"https:\/\/www.ssv-senftenberg.de\/konzept\/wp-content\/uploads\/2023\/06\/WhatsApp-Image-2023-06-03-at-18.52.03-e1685947236777-249x300.jpeg\" alt=\"\" width=\"249\" height=\"300\" srcset=\"https:\/\/www.ssv-senftenberg.de\/konzept\/wp-content\/uploads\/2023\/06\/WhatsApp-Image-2023-06-03-at-18.52.03-e1685947236777-249x300.jpeg 249w, https:\/\/www.ssv-senftenberg.de\/konzept\/wp-content\/uploads\/2023\/06\/WhatsApp-Image-2023-06-03-at-18.52.03-e1685947236777.jpeg 627w\" sizes=\"auto, (max-width: 249px) 100vw, 249px\" \/> <img loading=\"lazy\" decoding=\"async\" class=\"alignnone size-medium wp-image-7765\" src=\"https:\/\/www.ssv-senftenberg.de\/konzept\/wp-content\/uploads\/2023\/06\/WhatsApp-Image-2023-06-05-at-10.19.09-e1685961806791-300x256.jpeg\" alt=\"\" width=\"300\" height=\"256\" srcset=\"https:\/\/www.ssv-senftenberg.de\/konzept\/wp-content\/uploads\/2023\/06\/WhatsApp-Image-2023-06-05-at-10.19.09-e1685961806791-300x256.jpeg 300w, https:\/\/www.ssv-senftenberg.de\/konzept\/wp-content\/uploads\/2023\/06\/WhatsApp-Image-2023-06-05-at-10.19.09-e1685961806791-768x656.jpeg 768w, https:\/\/www.ssv-senftenberg.de\/konzept\/wp-content\/uploads\/2023\/06\/WhatsApp-Image-2023-06-05-at-10.19.09-e1685961806791.jpeg 788w\" sizes=\"auto, (max-width: 300px) 100vw, 300px\" \/> <img loading=\"lazy\" decoding=\"async\" class=\"alignnone size-medium wp-image-7764\" src=\"https:\/\/www.ssv-senftenberg.de\/konzept\/wp-content\/uploads\/2023\/06\/WhatsApp-Image-2023-06-05-at-10.19.10-225x300.jpeg\" alt=\"\" width=\"225\" height=\"300\" srcset=\"https:\/\/www.ssv-senftenberg.de\/konzept\/wp-content\/uploads\/2023\/06\/WhatsApp-Image-2023-06-05-at-10.19.10-225x300.jpeg 225w, https:\/\/www.ssv-senftenberg.de\/konzept\/wp-content\/uploads\/2023\/06\/WhatsApp-Image-2023-06-05-at-10.19.10.jpeg 768w\" sizes=\"auto, (max-width: 225px) 100vw, 225px\" \/><\/a><\/p>\n<p style=\"text-align: center;\">\u00a0<!--more--><\/p>\n<p style=\"text-align: left;\">W\u00e4hrend Antje Lukas bei den <strong>DMM in Dresden<\/strong> mit sehr guten Zeiten \u00fcber 50m Freistil und 50m Brust die Pl\u00e4tze 12 und 7 in der AK 50-54 f\u00fcr sich sicherte, hatte Michael Metz ein volles Programm zu absolvieren: 100m Schmetterling, 200m Lagen, 200m Freistil, 100m Brust, 50m Schmetterling, 100m Freistil, 100m R\u00fccken, 50m Brust, 50m Freistil und 50m R\u00fccken.<\/p>\n<p style=\"text-align: center;\"><a href=\"https:\/\/www.ssv-senftenberg.de\/konzept\/wp-content\/uploads\/2023\/06\/WhatsApp-Image-2023-06-04-at-23.57.04.jpeg\"><img loading=\"lazy\" decoding=\"async\" class=\"alignleft wp-image-7751 size-full\" style=\"text-align: start;\" src=\"https:\/\/www.ssv-senftenberg.de\/konzept\/wp-content\/uploads\/2023\/06\/WhatsApp-Image-2023-06-04-at-23.57.04.jpeg\" alt=\"\" width=\"1800\" height=\"1626\" srcset=\"https:\/\/www.ssv-senftenberg.de\/konzept\/wp-content\/uploads\/2023\/06\/WhatsApp-Image-2023-06-04-at-23.57.04.jpeg 1800w, https:\/\/www.ssv-senftenberg.de\/konzept\/wp-content\/uploads\/2023\/06\/WhatsApp-Image-2023-06-04-at-23.57.04-300x271.jpeg 300w, https:\/\/www.ssv-senftenberg.de\/konzept\/wp-content\/uploads\/2023\/06\/WhatsApp-Image-2023-06-04-at-23.57.04-1024x925.jpeg 1024w, https:\/\/www.ssv-senftenberg.de\/konzept\/wp-content\/uploads\/2023\/06\/WhatsApp-Image-2023-06-04-at-23.57.04-768x694.jpeg 768w, https:\/\/www.ssv-senftenberg.de\/konzept\/wp-content\/uploads\/2023\/06\/WhatsApp-Image-2023-06-04-at-23.57.04-1536x1388.jpeg 1536w\" sizes=\"auto, (max-width: 767px) 89vw, (max-width: 1000px) 54vw, (max-width: 1071px) 543px, 580px\" \/><\/a><\/p>\n<p>&nbsp;<\/p>\n<p>&nbsp;<\/p>\n<p>&nbsp;<\/p>\n<p>&nbsp;<\/p>\n<p>&nbsp;<\/p>\n<p>&nbsp;<\/p>\n<p style=\"text-align: left;\">Zweimal gelang ihm dabei der Sprung aufs Siegerpodest: \u00fcber 100m Schmetterling erschwamm Michael sich in der AK 75-79\u00a0 <img loading=\"lazy\" decoding=\"async\" class=\"alignnone size-full wp-image-6965\" src=\"https:\/\/www.ssv-senftenberg.de\/konzept\/wp-content\/uploads\/2023\/01\/silber.png\" alt=\"\" width=\"22\" height=\"32\" \/> und <img loading=\"lazy\" decoding=\"async\" class=\"alignnone size-full wp-image-6964\" src=\"https:\/\/www.ssv-senftenberg.de\/konzept\/wp-content\/uploads\/2023\/01\/bronze.png\" alt=\"\" width=\"25\" height=\"33\" \/> \u00fcber 200m Lagen. Herzlichen Gl\u00fcckwunsch an beide Sportler!<\/p>\n<p style=\"text-align: left;\">Das gesamte <a href=\"https:\/\/ssv-senftenberg.webclub.app\/oeffentlich-ergebnisse.php?openid=23\">Protokoll<\/a> des Talentewettkampf und die Ergebnisse aus Senftenberger Sicht stehen in unseren <a href=\"https:\/\/ssv-senftenberg.webclub.app\/oeffentlich-ergebnisse.php?openid=23\">Webclub<\/a> bereit.<\/p>\n<p style=\"text-align: left;\">Auch beim <strong>Talentewettkampf<\/strong> <strong>in Cottbus<\/strong> blieb es nicht nur bei tollen Zeiten, zahlreiche Medaillen lie\u00dfen die Gesichter unserer Kinder strahlen:<\/p>\n<p style=\"text-align: left;\">Rebecca Hoffmann (JG 2015) <img loading=\"lazy\" decoding=\"async\" class=\"alignnone size-full wp-image-6966\" src=\"https:\/\/www.ssv-senftenberg.de\/konzept\/wp-content\/uploads\/2023\/01\/gold.png\" alt=\"\" width=\"20\" height=\"33\" \/> <img loading=\"lazy\" decoding=\"async\" class=\"alignnone size-full wp-image-6966\" src=\"https:\/\/www.ssv-senftenberg.de\/konzept\/wp-content\/uploads\/2023\/01\/gold.png\" alt=\"\" width=\"20\" height=\"33\" \/> <img loading=\"lazy\" decoding=\"async\" class=\"alignnone size-full wp-image-6965\" src=\"https:\/\/www.ssv-senftenberg.de\/konzept\/wp-content\/uploads\/2023\/01\/silber.png\" alt=\"\" width=\"22\" height=\"32\" \/> <img loading=\"lazy\" decoding=\"async\" class=\"alignnone size-full wp-image-6965\" src=\"https:\/\/www.ssv-senftenberg.de\/konzept\/wp-content\/uploads\/2023\/01\/silber.png\" alt=\"\" width=\"22\" height=\"32\" \/> <img loading=\"lazy\" decoding=\"async\" class=\"alignnone size-full wp-image-6965\" src=\"https:\/\/www.ssv-senftenberg.de\/konzept\/wp-content\/uploads\/2023\/01\/silber.png\" alt=\"\" width=\"22\" height=\"32\" \/><br \/>\nTill L\u00f6ber (JG 2015) <img loading=\"lazy\" decoding=\"async\" class=\"alignnone size-full wp-image-6966\" src=\"https:\/\/www.ssv-senftenberg.de\/konzept\/wp-content\/uploads\/2023\/01\/gold.png\" alt=\"\" width=\"20\" height=\"33\" \/><img loading=\"lazy\" decoding=\"async\" class=\"alignnone size-full wp-image-6966\" src=\"https:\/\/www.ssv-senftenberg.de\/konzept\/wp-content\/uploads\/2023\/01\/gold.png\" alt=\"\" width=\"20\" height=\"33\" \/><br \/>\nJannik Weinert (JG 2012) <img loading=\"lazy\" decoding=\"async\" class=\"alignnone size-full wp-image-6966\" src=\"https:\/\/www.ssv-senftenberg.de\/konzept\/wp-content\/uploads\/2023\/01\/gold.png\" alt=\"\" width=\"20\" height=\"33\" \/> <img loading=\"lazy\" decoding=\"async\" class=\"alignnone size-full wp-image-6965\" src=\"https:\/\/www.ssv-senftenberg.de\/konzept\/wp-content\/uploads\/2023\/01\/silber.png\" alt=\"\" width=\"22\" height=\"32\" \/><img loading=\"lazy\" decoding=\"async\" class=\"alignnone size-full wp-image-6965\" src=\"https:\/\/www.ssv-senftenberg.de\/konzept\/wp-content\/uploads\/2023\/01\/silber.png\" alt=\"\" width=\"22\" height=\"32\" \/><br \/>\nLina Maria Tietze (JG 2014) <img loading=\"lazy\" decoding=\"async\" class=\"alignnone size-full wp-image-6966\" src=\"https:\/\/www.ssv-senftenberg.de\/konzept\/wp-content\/uploads\/2023\/01\/gold.png\" alt=\"\" width=\"20\" height=\"33\" \/><br \/>\nClara Elise P\u00f6tschke (JG 2013) <img loading=\"lazy\" decoding=\"async\" class=\"alignnone size-full wp-image-6965\" src=\"https:\/\/www.ssv-senftenberg.de\/konzept\/wp-content\/uploads\/2023\/01\/silber.png\" alt=\"\" width=\"22\" height=\"32\" \/><br \/>\nLeon Buchwald (JG 2013) <img loading=\"lazy\" decoding=\"async\" class=\"alignnone size-full wp-image-6965\" src=\"https:\/\/www.ssv-senftenberg.de\/konzept\/wp-content\/uploads\/2023\/01\/silber.png\" alt=\"\" width=\"22\" height=\"32\" \/><br \/>\nYasmine Kayla Brown (JG 2012) <img loading=\"lazy\" decoding=\"async\" class=\"alignnone size-full wp-image-6964\" src=\"https:\/\/www.ssv-senftenberg.de\/konzept\/wp-content\/uploads\/2023\/01\/bronze.png\" alt=\"\" width=\"25\" height=\"33\" \/> <img loading=\"lazy\" decoding=\"async\" class=\"alignnone size-full wp-image-6964\" src=\"https:\/\/www.ssv-senftenberg.de\/konzept\/wp-content\/uploads\/2023\/01\/bronze.png\" alt=\"\" width=\"25\" height=\"33\" \/><br \/>\nAiven Fr\u00f6hnel (JG 2015)\u00a0 <img loading=\"lazy\" decoding=\"async\" class=\"alignnone size-full wp-image-6964\" src=\"https:\/\/www.ssv-senftenberg.de\/konzept\/wp-content\/uploads\/2023\/01\/bronze.png\" alt=\"\" width=\"25\" height=\"33\" \/>\u00a0<img loading=\"lazy\" decoding=\"async\" class=\"alignnone size-full wp-image-6964\" src=\"https:\/\/www.ssv-senftenberg.de\/konzept\/wp-content\/uploads\/2023\/01\/bronze.png\" alt=\"\" width=\"25\" height=\"33\" \/><br \/>\nTim Ladig (JG 2012) <img loading=\"lazy\" decoding=\"async\" class=\"alignnone size-full wp-image-6964\" src=\"https:\/\/www.ssv-senftenberg.de\/konzept\/wp-content\/uploads\/2023\/01\/bronze.png\" alt=\"\" width=\"25\" height=\"33\" \/><br \/>\nLinus K\u00f6ster (JG 2015) <img loading=\"lazy\" decoding=\"async\" class=\"alignnone size-full wp-image-6964\" src=\"https:\/\/www.ssv-senftenberg.de\/konzept\/wp-content\/uploads\/2023\/01\/bronze.png\" alt=\"\" width=\"25\" height=\"33\" \/><\/p>\n<p style=\"text-align: left;\">Wir gratulieren allen herzlich zu diesen Erfolgen!<\/p>\n<p style=\"text-align: left;\">Das gesamte <a href=\"https:\/\/ssv-senftenberg.webclub.app\/oeffentlich-ergebnisse.php?openid=20\">Protokoll<\/a> des Talentewettkampf und die Ergebnisse aus Senftenberger Sicht stehen in unseren <a href=\"https:\/\/ssv-senftenberg.webclub.app\/oeffentlich-ergebnisse.php?openid=20\">Webclub<\/a> bereit.<\/p>\n<p style=\"text-align: left;\">Beim <strong>Tria-Hatz<\/strong> <strong>in Finsterwalde<\/strong> belegte Carl D\u00fcffort (JG 2013) mit einer Zeit von 29:25 Minuten \u00fcber 6,2km den 7. Platz in der AK 10-11 m\u00e4nnlich. Alexander D\u00fcffort (JG 1983) absolvierte die 25,75km in 01:16:54 Stunden,\u00a0 belegte damit den ersten Platz der AK 40 M und wurde Brandenburger Landesmeister in seiner Altersklasse. Last but not least belegte die Frauenstaffel mit Stephanie Hoffmann (Schwimmen), Christiane D\u00fcffort (Radfahren) und Mary Hoffmann (Laufen) den ersten Platz \u00fcber die 27,75km.<\/p>\n<p style=\"text-align: left;\">Das gesamte <a href=\"https:\/\/www.ssv-senftenberg.de\/konzept\/wp-content\/uploads\/2023\/06\/Tria-Hartz-Netto-total.pdf\">Protokoll<\/a> des Tria-Hatz gibt es <a href=\"https:\/\/www.ssv-senftenberg.de\/konzept\/wp-content\/uploads\/2023\/06\/Tria-Hartz-Netto-total.pdf\">&gt;hier&lt;<\/a> zum Nachlesen.<\/p>\n<p style=\"text-align: left;\">Sportliche Gr\u00fc\u00dfe<br \/>\n<strong><em>Henrik Hoffmann<\/em><\/strong><br \/>\nKassenwart &amp; Schwimmtrainer<\/p>\n","protected":false},"excerpt":{"rendered":"<p>Am vergangenen Wochenende waren unsere Sportler auf gleich drei Veranstaltungen aktiv! In der s\u00e4chsischen Landeshauptstadt fanden die Deutsche Meisterschaften der Masters &#8222;kurze Strecken&#8220; statt. Aus jeder Ecke Deutschlands waren Teilnehmer vertreten, insgesamt traten 987 Sportler aus 251 Vereinen an. Auch zwei Senftenberger konnten die erforderlichen Pflichtzeiten nachweisen und st\u00fcrzten sich ins Get\u00fcmmel: Antje Lukas und &hellip; <\/p>\n<p class=\"link-more\"><a href=\"https:\/\/www.ssv-senftenberg.de\/konzept\/sportliches-wochenende-fuer-den-ssv-deutsche-meisterschaften-der-masters-talentewettkampf-cottbus-tria-hatz-finsterwalde\/\" class=\"more-link\"><span class=\"screen-reader-text\">\u201eSportliches Wochenende f\u00fcr den SSV! Deutsche Meisterschaften der Masters, Talentewettkampf Cottbus, Tria-Hatz Finsterwalde\u201c <\/span>weiterlesen<\/a><\/p>\n","protected":false},"author":5,"featured_media":0,"comment_status":"closed","ping_status":"closed","sticky":false,"template":"","format":"standard","meta":{"footnotes":""},"categories":[18],"tags":[],"class_list":["post-7746","post","type-post","status-publish","format-standard","hentry","category-wk-bericht"],"_links":{"self":[{"href":"https:\/\/www.ssv-senftenberg.de\/konzept\/wp-json\/wp\/v2\/posts\/7746","targetHints":{"allow":["GET"]}}],"collection":[{"href":"https:\/\/www.ssv-senftenberg.de\/konzept\/wp-json\/wp\/v2\/posts"}],"about":[{"href":"https:\/\/www.ssv-senftenberg.de\/konzept\/wp-json\/wp\/v2\/types\/post"}],"author":[{"embeddable":true,"href":"https:\/\/www.ssv-senftenberg.de\/konzept\/wp-json\/wp\/v2\/users\/5"}],"replies":[{"embeddable":true,"href":"https:\/\/www.ssv-senftenberg.de\/konzept\/wp-json\/wp\/v2\/comments?post=7746"}],"version-history":[{"count":23,"href":"https:\/\/www.ssv-senftenberg.de\/konzept\/wp-json\/wp\/v2\/posts\/7746\/revisions"}],"predecessor-version":[{"id":7922,"href":"https:\/\/www.ssv-senftenberg.de\/konzept\/wp-json\/wp\/v2\/posts\/7746\/revisions\/7922"}],"wp:attachment":[{"href":"https:\/\/www.ssv-senftenberg.de\/konzept\/wp-json\/wp\/v2\/media?parent=7746"}],"wp:term":[{"taxonomy":"category","embeddable":true,"href":"https:\/\/www.ssv-senftenberg.de\/konzept\/wp-json\/wp\/v2\/categories?post=7746"},{"taxonomy":"post_tag","embeddable":true,"href":"https:\/\/www.ssv-senftenberg.de\/konzept\/wp-json\/wp\/v2\/tags?post=7746"}],"curies":[{"name":"wp","href":"https:\/\/api.w.org\/{rel}","templated":true}]}}