{"id":7914,"date":"2023-06-15T10:01:08","date_gmt":"2023-06-15T08:01:08","guid":{"rendered":"https:\/\/www.ssv-senftenberg.de\/konzept\/?p=7914"},"modified":"2023-07-03T11:26:48","modified_gmt":"2023-07-03T09:26:48","slug":"sonne-satt-beim-rosengartenpokal-4-platz-im-freibad-forst","status":"publish","type":"post","link":"https:\/\/www.ssv-senftenberg.de\/konzept\/sonne-satt-beim-rosengartenpokal-4-platz-im-freibad-forst\/","title":{"rendered":"Sonne satt beim Rosengartenpokal | 4. Platz im Freibad Forst"},"content":{"rendered":"<p style=\"text-align: left;\">Am 10.6.2023 fand wieder der Wettkampf um den Rosengartenpokal in Forst statt. Bei wunderbarem Wetter mussten die Sportler in das 18 Grad kalte Wasser springen, um mit weiteren 5 Mannschaften den Pokal zu erk\u00e4mpfen. Mit 22 Sportlerinnen und Sportlern sind wir angereist und haben am Ende den 4. Platz hinter den besser besetzten Mannschaften von Finsterwalde (Pokalsieger), Spremberg und Eisenh\u00fcttenstadt erreicht.<\/p>\n<p><a href=\"https:\/\/www.ssv-senftenberg.de\/konzept\/wp-content\/uploads\/2023\/06\/IMG-20230610-WA0019.jpg\"><img loading=\"lazy\" decoding=\"async\" class=\"alignnone wp-image-7912\" src=\"https:\/\/www.ssv-senftenberg.de\/konzept\/wp-content\/uploads\/2023\/06\/IMG-20230610-WA0019-300x225.jpg\" alt=\"\" width=\"580\" height=\"435\" srcset=\"https:\/\/www.ssv-senftenberg.de\/konzept\/wp-content\/uploads\/2023\/06\/IMG-20230610-WA0019-300x225.jpg 300w, https:\/\/www.ssv-senftenberg.de\/konzept\/wp-content\/uploads\/2023\/06\/IMG-20230610-WA0019-1024x768.jpg 1024w, https:\/\/www.ssv-senftenberg.de\/konzept\/wp-content\/uploads\/2023\/06\/IMG-20230610-WA0019-768x576.jpg 768w, https:\/\/www.ssv-senftenberg.de\/konzept\/wp-content\/uploads\/2023\/06\/IMG-20230610-WA0019-1536x1152.jpg 1536w, https:\/\/www.ssv-senftenberg.de\/konzept\/wp-content\/uploads\/2023\/06\/IMG-20230610-WA0019.jpg 1600w\" sizes=\"auto, (max-width: 580px) 100vw, 580px\" \/><\/a><\/p>\n<p style=\"text-align: left;\">Es ging \u00fcber die 50m Strecken jeder Lage, wobei 50m R\u00fccken im Freibad auf der 50m Bahn und bei Sonnenschein eine gro\u00dfe Herausforderung im Punkt Orientierung darstellt. Alle Sportler k\u00f6nnen mit ihrer Leistung zufrieden sein. Gro\u00dfen Spa\u00df machte uns allen die Staffelwettk\u00e4mpfe, bei denen wir noch gute Zusatzpunkte erreichen konnten.<\/p>\n<p><!--more--><\/p>\n<p style=\"text-align: left;\">Insgesamt gab es auch sehr gute Einzelleistungen mit zum Teil neu erreichten Bestzeiten und Podiumspl\u00e4tzen. In der AK 2015 erreichte Rebecca Hoffmann in den Disziplinen 50m R\u00fccken (2.Platz) und 50m Freistil (2.Platz) pers\u00f6nliche Bestzeiten, in der AK 2014 erreichte John Hoffmann \u00fcber 50m R\u00fccken und 50m Freistil den 1. Platz. In der AK 2011 erreichte Amy Luca Hoffmann eine pers\u00f6nliche Bestzeit in 50m Freistil, auch wenn es in der stark besetzten Altersklasse dann Platz 7 war. In der AK 2009 schwammen Luise Thie\u00df und Martin Schultz in allen Strecken sehr gute Zeiten und erzielten dabei auch Podiumspl\u00e4tze. Bei den zahlreich besetzten Staffeln der Masters gaben Mary Hoffmann und Stephanie Hoffmann ihr erfolgreiches Wettkampfdebut. In den Einzeldisziplinen starteten Antje Lukas (6 Starts) und Henrik Hoffmann (7 Starts) gemeinsam auf insgesamt 13 Strecken, dabei erreichten sie Podiumspl\u00e4tze. Henrik schwamm in der Strecke 50m Schmetterling mit 33,71 s (2.Platz) einen neuen Saisonrekord im Verein. Nat\u00fcrlich ist hier nur ein Teil der Startenden genannt. Jeder Sportler, der mit dabei war, hat tolle Leistungen erbracht und kann stolz darauf sein!<\/p>\n<p style=\"text-align: center;\">Eine <a href=\"https:\/\/ssv-senftenberg.webclub.app\/oeffentlich-ergebnisse.php?openid=38\">Zusammenfassung der Ergebnisse aus Senftenberger Sicht<\/a>\u00a0stehen im\u00a0<a href=\"https:\/\/ssv-senftenberg.webclub.app\/oeffentlich-ergebnisse.php?openid=38\">Webclub<\/a>\u00a0bereit.<\/p>\n<p style=\"text-align: left;\">Schutz vor der Sonne bot uns erneut das riesengro\u00dfe Pavillion, welches uns freundlicherweise von der <a href=\"https:\/\/www.lack-roll.de\/\">Lack n Roll Karosseriewerkstatt<\/a> aus Gro\u00dfr\u00e4schen gesponsort wurde. In der Pause durften sich unsere Kinder im restlichen Freibad vergn\u00fcgen und haben dabei viel Mut an den Sprungt\u00fcrmen bewiesen.<\/p>\n<div id='gallery-1' class='gallery galleryid-7914 gallery-columns-3 gallery-size-thumbnail'><figure class='gallery-item'>\n\t\t\t<div class='gallery-icon landscape'>\n\t\t\t\t<a href='https:\/\/www.ssv-senftenberg.de\/konzept\/wp-content\/uploads\/2023\/06\/IMG-20230610-WA0005.jpg'><img loading=\"lazy\" decoding=\"async\" width=\"150\" height=\"150\" src=\"https:\/\/www.ssv-senftenberg.de\/konzept\/wp-content\/uploads\/2023\/06\/IMG-20230610-WA0005-150x150.jpg\" class=\"attachment-thumbnail size-thumbnail\" alt=\"\" srcset=\"https:\/\/www.ssv-senftenberg.de\/konzept\/wp-content\/uploads\/2023\/06\/IMG-20230610-WA0005-150x150.jpg 150w, https:\/\/www.ssv-senftenberg.de\/konzept\/wp-content\/uploads\/2023\/06\/IMG-20230610-WA0005-100x100.jpg 100w\" sizes=\"auto, 100vw\" \/><\/a>\n\t\t\t<\/div><\/figure><figure class='gallery-item'>\n\t\t\t<div class='gallery-icon landscape'>\n\t\t\t\t<a href='https:\/\/www.ssv-senftenberg.de\/konzept\/wp-content\/uploads\/2023\/06\/IMG_20230610_122844-scaled.jpg'><img loading=\"lazy\" decoding=\"async\" width=\"150\" height=\"150\" src=\"https:\/\/www.ssv-senftenberg.de\/konzept\/wp-content\/uploads\/2023\/06\/IMG_20230610_122844-150x150.jpg\" class=\"attachment-thumbnail size-thumbnail\" alt=\"\" srcset=\"https:\/\/www.ssv-senftenberg.de\/konzept\/wp-content\/uploads\/2023\/06\/IMG_20230610_122844-150x150.jpg 150w, https:\/\/www.ssv-senftenberg.de\/konzept\/wp-content\/uploads\/2023\/06\/IMG_20230610_122844-100x100.jpg 100w\" sizes=\"auto, 100vw\" \/><\/a>\n\t\t\t<\/div><\/figure><figure class='gallery-item'>\n\t\t\t<div class='gallery-icon landscape'>\n\t\t\t\t<a href='https:\/\/www.ssv-senftenberg.de\/konzept\/wp-content\/uploads\/2023\/06\/IMG_20230610_122332-scaled.jpg'><img loading=\"lazy\" decoding=\"async\" width=\"150\" height=\"150\" src=\"https:\/\/www.ssv-senftenberg.de\/konzept\/wp-content\/uploads\/2023\/06\/IMG_20230610_122332-150x150.jpg\" class=\"attachment-thumbnail size-thumbnail\" alt=\"\" srcset=\"https:\/\/www.ssv-senftenberg.de\/konzept\/wp-content\/uploads\/2023\/06\/IMG_20230610_122332-150x150.jpg 150w, https:\/\/www.ssv-senftenberg.de\/konzept\/wp-content\/uploads\/2023\/06\/IMG_20230610_122332-100x100.jpg 100w\" sizes=\"auto, 100vw\" \/><\/a>\n\t\t\t<\/div><\/figure>\n\t\t<\/div>\n\n<p style=\"text-align: left;\">Als Begleitung und Unterst\u00fctzung kamen einige Eltern mit, vielen Dank. Anne Leufgen unterst\u00fctzte die Gruppe als Trainerin und Managerin am Beckenrand, so dass kein Sportler seinen Start verpasste. B\u00e4rbel Strecker, Kathlen und Thomas Fischer halfen im Kampfgericht.<br \/>\n<em>(<a href=\"https:\/\/www.ssv-senftenberg.de\/konzept\/trainer-wettkampfrichter-werden#Wettkampfrichter\">\u2013&gt; Wie werde ich Wettkampfrichter?<\/a>)<\/em><\/p>\n<p style=\"text-align: left;\">F\u00fcr alle ein rund um gelungener Tag. N\u00e4chstes Jahr sind wir auf jeden Fall wieder dabei und werden unseren Verein mit guten Leistungen und guter Stimmung repr\u00e4sentieren.<\/p>\n<p style=\"text-align: left;\">Sportliche Gr\u00fc\u00dfe<br \/>\n<strong><em>Antje Lukas<\/em><\/strong><br \/>\n<em>Trainerin<\/em><\/p>\n","protected":false},"excerpt":{"rendered":"<p>Am 10.6.2023 fand wieder der Wettkampf um den Rosengartenpokal in Forst statt. Bei wunderbarem Wetter mussten die Sportler in das 18 Grad kalte Wasser springen, um mit weiteren 5 Mannschaften den Pokal zu erk\u00e4mpfen. Mit 22 Sportlerinnen und Sportlern sind wir angereist und haben am Ende den 4. Platz hinter den besser besetzten Mannschaften von &hellip; <\/p>\n<p class=\"link-more\"><a href=\"https:\/\/www.ssv-senftenberg.de\/konzept\/sonne-satt-beim-rosengartenpokal-4-platz-im-freibad-forst\/\" class=\"more-link\"><span class=\"screen-reader-text\">\u201eSonne satt beim Rosengartenpokal | 4. Platz im Freibad Forst\u201c <\/span>weiterlesen<\/a><\/p>\n","protected":false},"author":5,"featured_media":0,"comment_status":"closed","ping_status":"closed","sticky":false,"template":"","format":"standard","meta":{"footnotes":""},"categories":[18],"tags":[],"class_list":["post-7914","post","type-post","status-publish","format-standard","hentry","category-wk-bericht"],"_links":{"self":[{"href":"https:\/\/www.ssv-senftenberg.de\/konzept\/wp-json\/wp\/v2\/posts\/7914","targetHints":{"allow":["GET"]}}],"collection":[{"href":"https:\/\/www.ssv-senftenberg.de\/konzept\/wp-json\/wp\/v2\/posts"}],"about":[{"href":"https:\/\/www.ssv-senftenberg.de\/konzept\/wp-json\/wp\/v2\/types\/post"}],"author":[{"embeddable":true,"href":"https:\/\/www.ssv-senftenberg.de\/konzept\/wp-json\/wp\/v2\/users\/5"}],"replies":[{"embeddable":true,"href":"https:\/\/www.ssv-senftenberg.de\/konzept\/wp-json\/wp\/v2\/comments?post=7914"}],"version-history":[{"count":4,"href":"https:\/\/www.ssv-senftenberg.de\/konzept\/wp-json\/wp\/v2\/posts\/7914\/revisions"}],"predecessor-version":[{"id":7929,"href":"https:\/\/www.ssv-senftenberg.de\/konzept\/wp-json\/wp\/v2\/posts\/7914\/revisions\/7929"}],"wp:attachment":[{"href":"https:\/\/www.ssv-senftenberg.de\/konzept\/wp-json\/wp\/v2\/media?parent=7914"}],"wp:term":[{"taxonomy":"category","embeddable":true,"href":"https:\/\/www.ssv-senftenberg.de\/konzept\/wp-json\/wp\/v2\/categories?post=7914"},{"taxonomy":"post_tag","embeddable":true,"href":"https:\/\/www.ssv-senftenberg.de\/konzept\/wp-json\/wp\/v2\/tags?post=7914"}],"curies":[{"name":"wp","href":"https:\/\/api.w.org\/{rel}","templated":true}]}}