{"id":7924,"date":"2023-07-03T11:21:19","date_gmt":"2023-07-03T09:21:19","guid":{"rendered":"https:\/\/www.ssv-senftenberg.de\/konzept\/?p=7924"},"modified":"2023-09-20T21:06:25","modified_gmt":"2023-09-20T19:06:25","slug":"probetraining-13-08-2023","status":"publish","type":"post","link":"https:\/\/www.ssv-senftenberg.de\/konzept\/probetraining-13-08-2023\/","title":{"rendered":"2. Probetraining 03.09.2023"},"content":{"rendered":"<p><img loading=\"lazy\" decoding=\"async\" class=\"alignnone size-full wp-image-8017\" src=\"https:\/\/www.ssv-senftenberg.de\/konzept\/wp-content\/uploads\/2023\/07\/1.png\" alt=\"\" width=\"943\" height=\"2000\" srcset=\"https:\/\/www.ssv-senftenberg.de\/konzept\/wp-content\/uploads\/2023\/07\/1.png 943w, https:\/\/www.ssv-senftenberg.de\/konzept\/wp-content\/uploads\/2023\/07\/1-141x300.png 141w, https:\/\/www.ssv-senftenberg.de\/konzept\/wp-content\/uploads\/2023\/07\/1-483x1024.png 483w, https:\/\/www.ssv-senftenberg.de\/konzept\/wp-content\/uploads\/2023\/07\/1-768x1629.png 768w, https:\/\/www.ssv-senftenberg.de\/konzept\/wp-content\/uploads\/2023\/07\/1-724x1536.png 724w\" sizes=\"auto, (max-width: 767px) 89vw, (max-width: 1000px) 54vw, (max-width: 1071px) 543px, 580px\" \/><\/p>\n<p><span style=\"font-size: 1rem;\">Du hast <\/span>Interesse<span style=\"font-size: 1rem;\"> am Schwimmsport und bist zwischen 6 und 17 Jahren alt, dann bist du herzlichst <\/span>eingeladen<span style=\"font-size: 1rem;\"> zu einem Probetraining in unserem Schwimmverein!<\/span><\/p>\n<p>Das Probetraining findet am 03.09.2023 um 08:30 Uhr in Lauchhammer im Schwimmbad statt. Dort wirst du von unseren erfahrenen Trainern empfangen und in die Grundlagen des Schwimmens eingef\u00fchrt. Du kannst dich auf ein abwechslungsreiches Training freuen, bei dem du deine Schwimmtechnik verbessern und neue F\u00e4higkeiten erlernen kannst.<!--more--><\/p>\n<p>Um am Probetraining teilzunehmen, ben\u00f6tigst du lediglich deine Schwimmsachen (Badehose\/Badeanzug, Handtuch) und gute Laune. Falls du bereits Schwimmbrille oder Schwimmflossen besitzt, kannst du diese gerne mitbringen. Solltest du noch keine Schwimmausr\u00fcstung haben, stellen wir dir gerne vor Ort das n\u00f6tige Equipment zur Verf\u00fcgung.<\/p>\n<p>Wir bitten dich, uns bis zum 02.09.2023 mitzuteilen, ob du am Probetraining teilnehmen m\u00f6chtest. Bitte gib uns auch Bescheid, falls du noch Fragen hast oder weitere Informationen ben\u00f6tigst. Anmeldung an info@ssv-senftenberg.de oder direkt hier:<\/p>\n<p><a href=\"https:\/\/www.ssv-senftenberg.de\/konzept\/kontakt\/\">Anmeldung Probetraining<\/a><\/p>\n<p>Wir freuen uns darauf, dich beim Probetraining begr\u00fc\u00dfen zu d\u00fcrfen und hoffen, dass du dich bei uns im Schwimmverein wohlf\u00fchlen wirst.<\/p>\n<p>Sportliche Gr\u00fc\u00dfe<br \/>\n<strong><em>Stephanie Thiel<\/em><\/strong><br \/>\nPresse &amp; \u00d6ffentlichkeitsarbeit<\/p>\n","protected":false},"excerpt":{"rendered":"<p>Du hast Interesse am Schwimmsport und bist zwischen 6 und 17 Jahren alt, dann bist du herzlichst eingeladen zu einem Probetraining in unserem Schwimmverein! Das Probetraining findet am 03.09.2023 um 08:30 Uhr in Lauchhammer im Schwimmbad statt. Dort wirst du von unseren erfahrenen Trainern empfangen und in die Grundlagen des Schwimmens eingef\u00fchrt. Du kannst dich &hellip; <\/p>\n<p class=\"link-more\"><a href=\"https:\/\/www.ssv-senftenberg.de\/konzept\/probetraining-13-08-2023\/\" class=\"more-link\"><span class=\"screen-reader-text\">\u201e2. Probetraining 03.09.2023\u201c <\/span>weiterlesen<\/a><\/p>\n","protected":false},"author":9,"featured_media":0,"comment_status":"closed","ping_status":"closed","sticky":false,"template":"","format":"standard","meta":{"footnotes":""},"categories":[1],"tags":[],"class_list":["post-7924","post","type-post","status-publish","format-standard","hentry","category-allgemein"],"_links":{"self":[{"href":"https:\/\/www.ssv-senftenberg.de\/konzept\/wp-json\/wp\/v2\/posts\/7924","targetHints":{"allow":["GET"]}}],"collection":[{"href":"https:\/\/www.ssv-senftenberg.de\/konzept\/wp-json\/wp\/v2\/posts"}],"about":[{"href":"https:\/\/www.ssv-senftenberg.de\/konzept\/wp-json\/wp\/v2\/types\/post"}],"author":[{"embeddable":true,"href":"https:\/\/www.ssv-senftenberg.de\/konzept\/wp-json\/wp\/v2\/users\/9"}],"replies":[{"embeddable":true,"href":"https:\/\/www.ssv-senftenberg.de\/konzept\/wp-json\/wp\/v2\/comments?post=7924"}],"version-history":[{"count":8,"href":"https:\/\/www.ssv-senftenberg.de\/konzept\/wp-json\/wp\/v2\/posts\/7924\/revisions"}],"predecessor-version":[{"id":8019,"href":"https:\/\/www.ssv-senftenberg.de\/konzept\/wp-json\/wp\/v2\/posts\/7924\/revisions\/8019"}],"wp:attachment":[{"href":"https:\/\/www.ssv-senftenberg.de\/konzept\/wp-json\/wp\/v2\/media?parent=7924"}],"wp:term":[{"taxonomy":"category","embeddable":true,"href":"https:\/\/www.ssv-senftenberg.de\/konzept\/wp-json\/wp\/v2\/categories?post=7924"},{"taxonomy":"post_tag","embeddable":true,"href":"https:\/\/www.ssv-senftenberg.de\/konzept\/wp-json\/wp\/v2\/tags?post=7924"}],"curies":[{"name":"wp","href":"https:\/\/api.w.org\/{rel}","templated":true}]}}