{"id":7931,"date":"2023-07-05T18:34:08","date_gmt":"2023-07-05T16:34:08","guid":{"rendered":"https:\/\/www.ssv-senftenberg.de\/konzept\/?p=7931"},"modified":"2023-07-07T08:28:57","modified_gmt":"2023-07-07T06:28:57","slug":"letzter-wettkampf-vor-der-sommerpause-alter-fritz-in-potsdam","status":"publish","type":"post","link":"https:\/\/www.ssv-senftenberg.de\/konzept\/letzter-wettkampf-vor-der-sommerpause-alter-fritz-in-potsdam\/","title":{"rendered":"Letzter Wettkampf vor der Sommerpause | &#8222;Alter Fritz&#8220; in Potsdam"},"content":{"rendered":"<p style=\"text-align: center;\">An gleich zwei Tagen des vergangenen Wochenende versammelte sich das who-is-who der brandenburgischen Schwimmjugend ab JG 2013 in Potsdam, um beim &#8222;Alten Fritz&#8220; um nochmal alles zu geben bevor es in die wohlverdienten Sommerferien geht. Mittendrin 11 Sportler aus Senftenberg. Auch mit von der Partie waren der zahlreiche Vereine aus Niedersachsen, Sachsen sowie der TSC Berlin und SG Neuss. Insgesamt wurden von den 362 Sportlern 2010 Einzelstarts absolviert.<\/p>\n<p style=\"text-align: center;\"><a href=\"https:\/\/www.ssv-senftenberg.de\/konzept\/wp-content\/uploads\/2023\/07\/WhatsApp-Image-2023-07-04-at-12.55.01-e1688573825274.jpeg\"><img loading=\"lazy\" decoding=\"async\" class=\" wp-image-7935 aligncenter\" src=\"https:\/\/www.ssv-senftenberg.de\/konzept\/wp-content\/uploads\/2023\/07\/WhatsApp-Image-2023-07-04-at-12.55.01-e1688573825274-300x179.jpeg\" alt=\"\" width=\"505\" height=\"301\" srcset=\"https:\/\/www.ssv-senftenberg.de\/konzept\/wp-content\/uploads\/2023\/07\/WhatsApp-Image-2023-07-04-at-12.55.01-e1688573825274-300x179.jpeg 300w, https:\/\/www.ssv-senftenberg.de\/konzept\/wp-content\/uploads\/2023\/07\/WhatsApp-Image-2023-07-04-at-12.55.01-e1688573825274-1024x612.jpeg 1024w, https:\/\/www.ssv-senftenberg.de\/konzept\/wp-content\/uploads\/2023\/07\/WhatsApp-Image-2023-07-04-at-12.55.01-e1688573825274-768x459.jpeg 768w, https:\/\/www.ssv-senftenberg.de\/konzept\/wp-content\/uploads\/2023\/07\/WhatsApp-Image-2023-07-04-at-12.55.01-e1688573825274.jpeg 1312w\" sizes=\"auto, (max-width: 505px) 100vw, 505px\" \/><\/a><em>(weitere Bilder in unserer <a href=\"https:\/\/www.ssv-senftenberg.de\/konzept\/vereinsgalerie\/vereinsgalerie-2023\/#alterfritz\">Vereinsgalerie<\/a>)<\/em><\/p>\n<p style=\"text-align: center;\">Bereits am Freitag trafen sich unsere Sportler mit den Sportfreunden aus Spremberg um gemeinsam anzureisen und w\u00e4hrend der 2 \u00dcbernachtungen in der Jugendherberge Freundschaften auszubauen oder neue zu Kn\u00fcpfen. Nachdem sich jeder am Samstag in der Unterkunft beim Fr\u00fchst\u00fcck f\u00fcr den Tag st\u00e4rken konnte, fuhren wir gemeinsam mit der S-Bahn nach Potsdam zur Schwimmhalle &#8222;Blu&#8220;.<\/p>\n<p style=\"text-align: center;\"><!--more--><\/p>\n<p style=\"text-align: center;\">W\u00e4hrend die Hallensprecher mit lauter Musik ordentlich Stimmung machten, absolvierten wir am Samstag und Sonntag zahlreiche Starts von 50m Sprints bis zu den 200m Mitteldistanzen.<\/p>\n<p style=\"text-align: center;\">Wenngleich wir wieder zahlreiche Bestzeiten erreichen konnten, zeigte sich zunehmend die Leistungsdifferenz zu Vereinen die 3 und mehr Trainingseinheiten pro Wochen anbieten k\u00f6nnen, w\u00e4hrend wir wegen der Hallenschlie\u00dfung lediglich 1mal pro Woche trainieren k\u00f6nnen. Das Rennen um Podiumspl\u00e4tze oder die begehrten Pokale machten andere Vereine unter sich aus. Umso mehr freuten sich Henrik Hoffmann \u00fcber Bronze und Silber sowie Fynn Willimeck \u00fcber Silber.<\/p>\n<p style=\"text-align: center;\">Eine <a href=\"https:\/\/ssv-senftenberg.webclub.app\/oeffentlich-ergebnisse.php?openid=38\">Zusammenfassung der Ergebnisse aus Senftenberger Sicht<\/a>\u00a0stehen im\u00a0<a href=\"https:\/\/ssv-senftenberg.webclub.app\/oeffentlich-ergebnisse.php?openid=38\">Webclub<\/a>\u00a0bereit.<\/p>\n<p style=\"text-align: center;\">Ein gro\u00dfer Dank geht an Maren Ludewig, Christian Hahn und Henrik Hoffmann daf\u00fcr das sie sich wieder als Wettkampfrichter zur Verf\u00fcgung gestellt haben.<br \/>\n<em>(<a href=\"https:\/\/www.ssv-senftenberg.de\/konzept\/trainer-wettkampfrichter-werden#Wettkampfrichter\">\u2013&gt; Wie werde ich Wettkampfrichter?<\/a>)<\/em><\/p>\n<p style=\"text-align: center;\">Sportliche Gr\u00fc\u00dfe<br \/>\n<strong><em>Henrik Hoffmann<\/em><\/strong><br \/>\nKassenwart &amp; Schwimmtrainer<\/p>\n","protected":false},"excerpt":{"rendered":"<p>An gleich zwei Tagen des vergangenen Wochenende versammelte sich das who-is-who der brandenburgischen Schwimmjugend ab JG 2013 in Potsdam, um beim &#8222;Alten Fritz&#8220; um nochmal alles zu geben bevor es in die wohlverdienten Sommerferien geht. Mittendrin 11 Sportler aus Senftenberg. Auch mit von der Partie waren der zahlreiche Vereine aus Niedersachsen, Sachsen sowie der TSC &hellip; <\/p>\n<p class=\"link-more\"><a href=\"https:\/\/www.ssv-senftenberg.de\/konzept\/letzter-wettkampf-vor-der-sommerpause-alter-fritz-in-potsdam\/\" class=\"more-link\"><span class=\"screen-reader-text\">\u201eLetzter Wettkampf vor der Sommerpause | &#8222;Alter Fritz&#8220; in Potsdam\u201c <\/span>weiterlesen<\/a><\/p>\n","protected":false},"author":5,"featured_media":0,"comment_status":"closed","ping_status":"closed","sticky":false,"template":"","format":"standard","meta":{"footnotes":""},"categories":[18],"tags":[],"class_list":["post-7931","post","type-post","status-publish","format-standard","hentry","category-wk-bericht"],"_links":{"self":[{"href":"https:\/\/www.ssv-senftenberg.de\/konzept\/wp-json\/wp\/v2\/posts\/7931","targetHints":{"allow":["GET"]}}],"collection":[{"href":"https:\/\/www.ssv-senftenberg.de\/konzept\/wp-json\/wp\/v2\/posts"}],"about":[{"href":"https:\/\/www.ssv-senftenberg.de\/konzept\/wp-json\/wp\/v2\/types\/post"}],"author":[{"embeddable":true,"href":"https:\/\/www.ssv-senftenberg.de\/konzept\/wp-json\/wp\/v2\/users\/5"}],"replies":[{"embeddable":true,"href":"https:\/\/www.ssv-senftenberg.de\/konzept\/wp-json\/wp\/v2\/comments?post=7931"}],"version-history":[{"count":5,"href":"https:\/\/www.ssv-senftenberg.de\/konzept\/wp-json\/wp\/v2\/posts\/7931\/revisions"}],"predecessor-version":[{"id":7955,"href":"https:\/\/www.ssv-senftenberg.de\/konzept\/wp-json\/wp\/v2\/posts\/7931\/revisions\/7955"}],"wp:attachment":[{"href":"https:\/\/www.ssv-senftenberg.de\/konzept\/wp-json\/wp\/v2\/media?parent=7931"}],"wp:term":[{"taxonomy":"category","embeddable":true,"href":"https:\/\/www.ssv-senftenberg.de\/konzept\/wp-json\/wp\/v2\/categories?post=7931"},{"taxonomy":"post_tag","embeddable":true,"href":"https:\/\/www.ssv-senftenberg.de\/konzept\/wp-json\/wp\/v2\/tags?post=7931"}],"curies":[{"name":"wp","href":"https:\/\/api.w.org\/{rel}","templated":true}]}}