{"id":7961,"date":"2023-07-14T10:49:16","date_gmt":"2023-07-14T08:49:16","guid":{"rendered":"https:\/\/www.ssv-senftenberg.de\/konzept\/?p=7961"},"modified":"2023-07-14T10:52:00","modified_gmt":"2023-07-14T08:52:00","slug":"saisonabschluss-am-see-ausgelassene-stimmung-bei-allen-mitgliedern","status":"publish","type":"post","link":"https:\/\/www.ssv-senftenberg.de\/konzept\/saisonabschluss-am-see-ausgelassene-stimmung-bei-allen-mitgliedern\/","title":{"rendered":"Saisonabschluss am See &#8211; ausgelassene Stimmung bei allen Mitgliedern"},"content":{"rendered":"<p><img loading=\"lazy\" decoding=\"async\" class=\"alignnone size-full wp-image-7970\" src=\"https:\/\/www.ssv-senftenberg.de\/konzept\/wp-content\/uploads\/2023\/07\/Saisonabschluss7.jpg\" alt=\"\" width=\"1280\" height=\"960\" srcset=\"https:\/\/www.ssv-senftenberg.de\/konzept\/wp-content\/uploads\/2023\/07\/Saisonabschluss7.jpg 1280w, https:\/\/www.ssv-senftenberg.de\/konzept\/wp-content\/uploads\/2023\/07\/Saisonabschluss7-300x225.jpg 300w, https:\/\/www.ssv-senftenberg.de\/konzept\/wp-content\/uploads\/2023\/07\/Saisonabschluss7-1024x768.jpg 1024w, https:\/\/www.ssv-senftenberg.de\/konzept\/wp-content\/uploads\/2023\/07\/Saisonabschluss7-768x576.jpg 768w\" sizes=\"auto, (max-width: 767px) 89vw, (max-width: 1000px) 54vw, (max-width: 1071px) 543px, 580px\" \/>Der Saisonabschluss unseres Schwimmvereins am See war ein voller Erfolg und sorgte f\u00fcr ausgelassene Stimmung bei den Mitgliedern und G\u00e4sten. Bei strahlendem Sonnenschein und hei\u00dfen Temperaturen fanden sich zahlreiche Schwimmer ein, um gemeinsam einen sch\u00f6nen Nachmittag zu verbringen.<\/p>\n<p><strong>Kulinarische Highlights und ein gemeinsames Miteinander<\/strong><!--more--><\/p>\n<p>F\u00fcr das leibliche Wohl war bestens gesorgt. Es gab eine gro\u00dfe Auswahl an Speisen und Getr\u00e4nken, die von den Vereinsmitgliedern selbst zubereitet und zum Teil durch Familie Rewe Radke gespendet wurden. Von Grillgerichten \u00fcber Salate bis hin zu erfrischenden Getr\u00e4nken war f\u00fcr jeden Geschmack etwas dabei.<\/p>\n<p>Der Saisonabschluss bot auch die M\u00f6glichkeit, neue Kontakte zu kn\u00fcpfen und bestehende Freundschaften zu vertiefen. Die Mitglieder des Schwimmvereins sowie deren Familien und Freunde verbrachten gemeinsam einen fr\u00f6hlichen Tag am See. Es wurde viel gelacht, gebadet und gespielt. Das Saisonabschluss st\u00e4rkte das Gemeinschaftsgef\u00fchl innerhalb des Vereins und sorgte f\u00fcr eine positive Atmosph\u00e4re.<\/p>\n<p>5 Schwimmer aus unserem Verein erhielten eine Auszeichnung f\u00fcr besondere Leistungen im Trainingsjahr:<\/p>\n<figure id=\"attachment_7966\" aria-describedby=\"caption-attachment-7966\" style=\"width: 960px\" class=\"wp-caption alignnone\"><img loading=\"lazy\" decoding=\"async\" class=\"wp-image-7966 size-full\" src=\"https:\/\/www.ssv-senftenberg.de\/konzept\/wp-content\/uploads\/2023\/07\/Saisonabschluss3.jpg\" alt=\"\" width=\"960\" height=\"1280\" srcset=\"https:\/\/www.ssv-senftenberg.de\/konzept\/wp-content\/uploads\/2023\/07\/Saisonabschluss3.jpg 960w, https:\/\/www.ssv-senftenberg.de\/konzept\/wp-content\/uploads\/2023\/07\/Saisonabschluss3-225x300.jpg 225w, https:\/\/www.ssv-senftenberg.de\/konzept\/wp-content\/uploads\/2023\/07\/Saisonabschluss3-768x1024.jpg 768w\" sizes=\"auto, (max-width: 767px) 89vw, (max-width: 1000px) 54vw, (max-width: 1071px) 543px, 580px\" \/><figcaption id=\"caption-attachment-7966\" class=\"wp-caption-text\">Auszeichnung Lani Weinert (Trainingsgruppe Antje Lukas)<\/figcaption><\/figure>\n<figure id=\"attachment_7969\" aria-describedby=\"caption-attachment-7969\" style=\"width: 960px\" class=\"wp-caption alignnone\"><img loading=\"lazy\" decoding=\"async\" class=\"wp-image-7969 size-full\" src=\"https:\/\/www.ssv-senftenberg.de\/konzept\/wp-content\/uploads\/2023\/07\/Saisonabschluss6.jpg\" alt=\"\" width=\"960\" height=\"1280\" srcset=\"https:\/\/www.ssv-senftenberg.de\/konzept\/wp-content\/uploads\/2023\/07\/Saisonabschluss6.jpg 960w, https:\/\/www.ssv-senftenberg.de\/konzept\/wp-content\/uploads\/2023\/07\/Saisonabschluss6-225x300.jpg 225w, https:\/\/www.ssv-senftenberg.de\/konzept\/wp-content\/uploads\/2023\/07\/Saisonabschluss6-768x1024.jpg 768w\" sizes=\"auto, (max-width: 767px) 89vw, (max-width: 1000px) 54vw, (max-width: 1071px) 543px, 580px\" \/><figcaption id=\"caption-attachment-7969\" class=\"wp-caption-text\">Jannik Weinert (Trainingsgruppe Christian Hahn)<\/figcaption><\/figure>\n<figure id=\"attachment_7972\" aria-describedby=\"caption-attachment-7972\" style=\"width: 960px\" class=\"wp-caption alignnone\"><img loading=\"lazy\" decoding=\"async\" class=\"wp-image-7972 size-full\" src=\"https:\/\/www.ssv-senftenberg.de\/konzept\/wp-content\/uploads\/2023\/07\/Saisonabschluss9.jpg\" alt=\"\" width=\"960\" height=\"1280\" srcset=\"https:\/\/www.ssv-senftenberg.de\/konzept\/wp-content\/uploads\/2023\/07\/Saisonabschluss9.jpg 960w, https:\/\/www.ssv-senftenberg.de\/konzept\/wp-content\/uploads\/2023\/07\/Saisonabschluss9-225x300.jpg 225w, https:\/\/www.ssv-senftenberg.de\/konzept\/wp-content\/uploads\/2023\/07\/Saisonabschluss9-768x1024.jpg 768w\" sizes=\"auto, (max-width: 767px) 89vw, (max-width: 1000px) 54vw, (max-width: 1071px) 543px, 580px\" \/><figcaption id=\"caption-attachment-7972\" class=\"wp-caption-text\">Amy Luca Hoffmann (Trainingsgruppe Anne Leufgen)<\/figcaption><\/figure>\n<figure id=\"attachment_7971\" aria-describedby=\"caption-attachment-7971\" style=\"width: 960px\" class=\"wp-caption alignnone\"><img loading=\"lazy\" decoding=\"async\" class=\"wp-image-7971 size-full\" src=\"https:\/\/www.ssv-senftenberg.de\/konzept\/wp-content\/uploads\/2023\/07\/Saisonabschluss8.jpg\" alt=\"\" width=\"960\" height=\"1280\" srcset=\"https:\/\/www.ssv-senftenberg.de\/konzept\/wp-content\/uploads\/2023\/07\/Saisonabschluss8.jpg 960w, https:\/\/www.ssv-senftenberg.de\/konzept\/wp-content\/uploads\/2023\/07\/Saisonabschluss8-225x300.jpg 225w, https:\/\/www.ssv-senftenberg.de\/konzept\/wp-content\/uploads\/2023\/07\/Saisonabschluss8-768x1024.jpg 768w\" sizes=\"auto, (max-width: 767px) 89vw, (max-width: 1000px) 54vw, (max-width: 1071px) 543px, 580px\" \/><figcaption id=\"caption-attachment-7971\" class=\"wp-caption-text\">Josefine Jahn (Trainingsgruppe Annett Klose)<\/figcaption><\/figure>\n<p>Ausgezeichnet wurde auch Mareike Hartmann von der Trainingsgruppe Masters, sie war leider nicht pers\u00f6nlich vor Ort.<\/p>\n<p><img loading=\"lazy\" decoding=\"async\" class=\"alignnone size-full wp-image-7973\" src=\"https:\/\/www.ssv-senftenberg.de\/konzept\/wp-content\/uploads\/2023\/07\/Saisonabschluss10.jpg\" alt=\"\" width=\"960\" height=\"1280\" srcset=\"https:\/\/www.ssv-senftenberg.de\/konzept\/wp-content\/uploads\/2023\/07\/Saisonabschluss10.jpg 960w, https:\/\/www.ssv-senftenberg.de\/konzept\/wp-content\/uploads\/2023\/07\/Saisonabschluss10-225x300.jpg 225w, https:\/\/www.ssv-senftenberg.de\/konzept\/wp-content\/uploads\/2023\/07\/Saisonabschluss10-768x1024.jpg 768w\" sizes=\"auto, (max-width: 767px) 89vw, (max-width: 1000px) 54vw, (max-width: 1071px) 543px, 580px\" \/><\/p>\n<p><span style=\"font-size: 1rem; color: #333333;\">Steffen &amp; Kerstin Baumann erhielten auch noch Ehrennadeln vom Landesschwimmverband f\u00fcr ihre unerm\u00fcdlichen, jahrzehntelangen Dienste im Senftenberger Schwimmsportverein. Die Ehrung erfolgte bereits bei der 100 Jahrfeier.<\/span><\/p>\n<p>Als Verein haben wir erneut bewiesen, dass wir nicht nur sportliche Erfolge feiern k\u00f6nnen, sondern auch in der Organisation von Festen und Events eine starke Gemeinschaft sind. Danke hier an alle Mitglieder, Familienangeh\u00f6rige sowie Freunden.<\/p>\n<p>Wir freuen uns auf die n\u00e4chste Saison mit euch und w\u00fcnschen allen bis dahin einen sch\u00f6nen Sommer.<\/p>\n<p>Sportliche Gr\u00fc\u00dfe<br \/>\n<strong><em>Stephanie Thiel<\/em><\/strong><br \/>\nPresse &amp; \u00d6ffentlichkeitsarbeit<\/p>\n\n\t\t<!-- MasterSlider -->\n\t\t<div id=\"P_MS69f4c8738fb55\" class=\"master-slider-parent msl ms-parent-id-40\" style=\"max-width:800px;\">\n\n\t\t\t\n\t\t\t<!-- MasterSlider Main -->\n\t\t\t<div id=\"MS69f4c8738fb55\" class=\"master-slider ms-skin-default\" >\n\t\t\t\t \t\t\t\t \n\t\t\t\t<div  class=\"ms-slide\" data-delay=\"3\" data-fill-mode=\"fill\"  >\n\t\t\t\t\t<img decoding=\"async\" src=\"https:\/\/www.ssv-senftenberg.de\/konzept\/wp-content\/plugins\/master-slider\/public\/assets\/css\/blank.gif\" alt=\"\" title=\"\" data-src=\"https:\/\/www.ssv-senftenberg.de\/konzept\/wp-content\/uploads\/2023\/07\/Saisonabschluss7.jpg\" \/>\n\n\n\t<img decoding=\"async\" class=\"ms-thumb\" src=\"https:\/\/www.ssv-senftenberg.de\/konzept\/wp-content\/uploads\/2023\/07\/Saisonabschluss7-140x80.jpg\" alt=\"\" \/>\n\t<div class=\"ms-thumb\" ><div class=\"ms-tab-context\"><div class=&quot;ms-tab-context&quot;><\/div><\/div>\n<\/div>\n\t\t\t\t<\/div>\n\t\t\t\t<div  class=\"ms-slide\" data-delay=\"3\" data-fill-mode=\"fill\"  >\n\t\t\t\t\t<img decoding=\"async\" src=\"https:\/\/www.ssv-senftenberg.de\/konzept\/wp-content\/plugins\/master-slider\/public\/assets\/css\/blank.gif\" alt=\"\" title=\"\" data-src=\"https:\/\/www.ssv-senftenberg.de\/konzept\/wp-content\/uploads\/2023\/07\/Saisonabschluss11.jpg\" \/>\n\n\n\t<img decoding=\"async\" class=\"ms-thumb\" src=\"https:\/\/www.ssv-senftenberg.de\/konzept\/wp-content\/uploads\/2023\/07\/Saisonabschluss11-140x80.jpg\" alt=\"\" \/>\n\t<div class=\"ms-thumb\" ><div class=\"ms-tab-context\"><div class=&quot;ms-tab-context&quot;><\/div><\/div>\n<\/div>\n\t\t\t\t<\/div>\n\t\t\t\t<div  class=\"ms-slide\" data-delay=\"3\" data-fill-mode=\"fill\"  >\n\t\t\t\t\t<img decoding=\"async\" src=\"https:\/\/www.ssv-senftenberg.de\/konzept\/wp-content\/plugins\/master-slider\/public\/assets\/css\/blank.gif\" alt=\"\" title=\"\" data-src=\"https:\/\/www.ssv-senftenberg.de\/konzept\/wp-content\/uploads\/2023\/07\/Saisonabschluss2.jpg\" \/>\n\n\n\t<img decoding=\"async\" class=\"ms-thumb\" src=\"https:\/\/www.ssv-senftenberg.de\/konzept\/wp-content\/uploads\/2023\/07\/Saisonabschluss2-140x80.jpg\" alt=\"\" \/>\n\t<div class=\"ms-thumb\" ><div class=\"ms-tab-context\"><div class=&quot;ms-tab-context&quot;><\/div><\/div>\n<\/div>\n\t\t\t\t<\/div>\n\t\t\t\t<div  class=\"ms-slide\" data-delay=\"3\" data-fill-mode=\"fill\"  >\n\t\t\t\t\t<img decoding=\"async\" src=\"https:\/\/www.ssv-senftenberg.de\/konzept\/wp-content\/plugins\/master-slider\/public\/assets\/css\/blank.gif\" alt=\"\" title=\"\" data-src=\"https:\/\/www.ssv-senftenberg.de\/konzept\/wp-content\/uploads\/2023\/07\/Saisonabschluss1.jpg\" \/>\n\n\n\t<img decoding=\"async\" class=\"ms-thumb\" src=\"https:\/\/www.ssv-senftenberg.de\/konzept\/wp-content\/uploads\/2023\/07\/Saisonabschluss1-140x80.jpg\" alt=\"\" \/>\n\t<div class=\"ms-thumb\" ><div class=\"ms-tab-context\"><div class=&quot;ms-tab-context&quot;><\/div><\/div>\n<\/div>\n\t\t\t\t<\/div>\n\t\t\t\t<div  class=\"ms-slide\" data-delay=\"3\" data-fill-mode=\"fill\"  >\n\t\t\t\t\t<img decoding=\"async\" src=\"https:\/\/www.ssv-senftenberg.de\/konzept\/wp-content\/plugins\/master-slider\/public\/assets\/css\/blank.gif\" alt=\"\" title=\"\" data-src=\"https:\/\/www.ssv-senftenberg.de\/konzept\/wp-content\/uploads\/2023\/07\/Saisonabschluss4.jpg\" \/>\n\n\n\t<img decoding=\"async\" class=\"ms-thumb\" src=\"https:\/\/www.ssv-senftenberg.de\/konzept\/wp-content\/uploads\/2023\/07\/Saisonabschluss4-140x80.jpg\" alt=\"\" \/>\n\t<div class=\"ms-thumb\" ><div class=\"ms-tab-context\"><div class=&quot;ms-tab-context&quot;><\/div><\/div>\n<\/div>\n\t\t\t\t<\/div>\n\n\t\t\t<\/div>\n\t\t\t<!-- END MasterSlider Main -->\n\n\t\t\t \n\t\t<\/div>\n\t\t<!-- END MasterSlider -->\n\n\t\t<script>\n\t\t(function ( $ ) {\n\t\t\t\"use strict\";\n\n\t\t\t$(function () {\n\t\t\t\tvar masterslider_fb55 = new MasterSlider();\n\n\t\t\t\t\/\/ slider controls\n\t\t\t\tmasterslider_fb55.control('arrows'     ,{ autohide:false, overVideo:true  });\t\t\t\tmasterslider_fb55.control('bullets'    ,{ autohide:false, overVideo:true, dir:'h', align:'bottom' , margin:10  });\n\n\t\t\t\tmasterslider_fb55.control('thumblist'  ,{ autohide:false, overVideo:true, dir:'h', speed:17, inset:false, arrows:false, hover:false, customClass:'', align:'bottom',type:'thumbs', margin:5, width:140, height:80, space:5, fillMode:'fill'  });\n\t\t\t\t\/\/ slider setup\n\t\t\t\tmasterslider_fb55.setup(\"MS69f4c8738fb55\", {\n\t\t\t\t\t\twidth           : 800,\n\t\t\t\t\t\theight          : 480,\n\t\t\t\t\t\tminHeight       : 0,\n\t\t\t\t\t\tspace           : 0,\n\t\t\t\t\t\tstart           : 1,\n\t\t\t\t\t\tgrabCursor      : true,\n\t\t\t\t\t\tswipe           : true,\n\t\t\t\t\t\tmouse           : true,\n\t\t\t\t\t\tlayout          : \"boxed\",\n\t\t\t\t\t\twheel           : false,\n\t\t\t\t\t\tautoplay        : false,\n\t\t\t\t\t\tinstantStartLayers:false,\n\t\t\t\t\t\tloop            : false,\n\t\t\t\t\t\tshuffle         : false,\n\t\t\t\t\t\tpreload         : 0,\n\t\t\t\t\t\theightLimit     : true,\n\t\t\t\t\t\tautoHeight      : false,\n\t\t\t\t\t\tsmoothHeight    : true,\n\t\t\t\t\t\tendPause        : false,\n\t\t\t\t\t\toverPause       : true,\n\t\t\t\t\t\tfillMode        : \"fill\",\n\t\t\t\t\t\tcenterControls  : true,\n\t\t\t\t\t\tstartOnAppear   : false,\n\t\t\t\t\t\tlayersMode      : \"center\",\n\t\t\t\t\t\thideLayers      : false,\n\t\t\t\t\t\tfullscreenMargin: 0,\n\t\t\t\t\t\tspeed           : 20,\n\t\t\t\t\t\tdir             : \"h\",\n\t\t\t\t\t\tparallaxMode    : 'swipe',\n\t\t\t\t\t\tview            : \"basic\"\n\t\t\t\t});\n\n\t\t\t\t\n\t\t\t\twindow.masterslider_instances = window.masterslider_instances || [];\n\t\t\t\twindow.masterslider_instances.push( masterslider_fb55 );\n\t\t\t });\n\n\t\t})(jQuery);\n\t\t<\/script>\n\n\n","protected":false},"excerpt":{"rendered":"<p>Der Saisonabschluss unseres Schwimmvereins am See war ein voller Erfolg und sorgte f\u00fcr ausgelassene Stimmung bei den Mitgliedern und G\u00e4sten. Bei strahlendem Sonnenschein und hei\u00dfen Temperaturen fanden sich zahlreiche Schwimmer ein, um gemeinsam einen sch\u00f6nen Nachmittag zu verbringen. Kulinarische Highlights und ein gemeinsames Miteinander<\/p>\n","protected":false},"author":9,"featured_media":0,"comment_status":"closed","ping_status":"closed","sticky":false,"template":"","format":"standard","meta":{"footnotes":""},"categories":[1],"tags":[],"class_list":["post-7961","post","type-post","status-publish","format-standard","hentry","category-allgemein"],"_links":{"self":[{"href":"https:\/\/www.ssv-senftenberg.de\/konzept\/wp-json\/wp\/v2\/posts\/7961","targetHints":{"allow":["GET"]}}],"collection":[{"href":"https:\/\/www.ssv-senftenberg.de\/konzept\/wp-json\/wp\/v2\/posts"}],"about":[{"href":"https:\/\/www.ssv-senftenberg.de\/konzept\/wp-json\/wp\/v2\/types\/post"}],"author":[{"embeddable":true,"href":"https:\/\/www.ssv-senftenberg.de\/konzept\/wp-json\/wp\/v2\/users\/9"}],"replies":[{"embeddable":true,"href":"https:\/\/www.ssv-senftenberg.de\/konzept\/wp-json\/wp\/v2\/comments?post=7961"}],"version-history":[{"count":10,"href":"https:\/\/www.ssv-senftenberg.de\/konzept\/wp-json\/wp\/v2\/posts\/7961\/revisions"}],"predecessor-version":[{"id":7984,"href":"https:\/\/www.ssv-senftenberg.de\/konzept\/wp-json\/wp\/v2\/posts\/7961\/revisions\/7984"}],"wp:attachment":[{"href":"https:\/\/www.ssv-senftenberg.de\/konzept\/wp-json\/wp\/v2\/media?parent=7961"}],"wp:term":[{"taxonomy":"category","embeddable":true,"href":"https:\/\/www.ssv-senftenberg.de\/konzept\/wp-json\/wp\/v2\/categories?post=7961"},{"taxonomy":"post_tag","embeddable":true,"href":"https:\/\/www.ssv-senftenberg.de\/konzept\/wp-json\/wp\/v2\/tags?post=7961"}],"curies":[{"name":"wp","href":"https:\/\/api.w.org\/{rel}","templated":true}]}}