{"id":8022,"date":"2023-09-20T22:27:05","date_gmt":"2023-09-20T20:27:05","guid":{"rendered":"https:\/\/www.ssv-senftenberg.de\/konzept\/?p=8022"},"modified":"2023-09-20T22:28:47","modified_gmt":"2023-09-20T20:28:47","slug":"trainingslager-in-nuernberg","status":"publish","type":"post","link":"https:\/\/www.ssv-senftenberg.de\/konzept\/trainingslager-in-nuernberg\/","title":{"rendered":"Trainingslager in N\u00fcrnberg"},"content":{"rendered":"<p><img loading=\"lazy\" decoding=\"async\" class=\"alignnone size-full wp-image-8025\" src=\"https:\/\/www.ssv-senftenberg.de\/konzept\/wp-content\/uploads\/2023\/09\/IMG-20230904-WA0010.jpg\" alt=\"\" width=\"1024\" height=\"768\" srcset=\"https:\/\/www.ssv-senftenberg.de\/konzept\/wp-content\/uploads\/2023\/09\/IMG-20230904-WA0010.jpg 1024w, https:\/\/www.ssv-senftenberg.de\/konzept\/wp-content\/uploads\/2023\/09\/IMG-20230904-WA0010-300x225.jpg 300w, https:\/\/www.ssv-senftenberg.de\/konzept\/wp-content\/uploads\/2023\/09\/IMG-20230904-WA0010-768x576.jpg 768w\" sizes=\"auto, (max-width: 767px) 89vw, (max-width: 1000px) 54vw, (max-width: 1071px) 543px, 580px\" \/> Anfang September war die Sportler*innen der Trainingsgruppen Klose &amp; Just sowie Hahn im Trainingslager in N\u00fcrnberg.<\/p>\n<p>Das Ziel war ein guter Start in die neue Saison mit spezifischem Fokus auf Ausdauer und lange Strecken. Insgesamt hatten wir vier Trainingseinheiten und eine \u201cLandeinheit\u201d.<!--more--><\/p>\n<p><img loading=\"lazy\" decoding=\"async\" class=\"alignnone size-full wp-image-8027\" src=\"https:\/\/www.ssv-senftenberg.de\/konzept\/wp-content\/uploads\/2023\/09\/IMG-20230904-WA0012.jpg\" alt=\"\" width=\"1024\" height=\"768\" srcset=\"https:\/\/www.ssv-senftenberg.de\/konzept\/wp-content\/uploads\/2023\/09\/IMG-20230904-WA0012.jpg 1024w, https:\/\/www.ssv-senftenberg.de\/konzept\/wp-content\/uploads\/2023\/09\/IMG-20230904-WA0012-300x225.jpg 300w, https:\/\/www.ssv-senftenberg.de\/konzept\/wp-content\/uploads\/2023\/09\/IMG-20230904-WA0012-768x576.jpg 768w\" sizes=\"auto, (max-width: 767px) 89vw, (max-width: 1000px) 54vw, (max-width: 1071px) 543px, 580px\" \/><\/p>\n<p>Freitagabend sind wir direkt ins Schwimmbad und haben die Wasserzeit genutzt. Sowohl die kleinen, als auch die \u00e4lteren und die Trainer waren nach dem Training froh, nach dem langen Tag ins Bett zu kommen.<\/p>\n<p>Samstag nach dem Training am Morgen, hatten alle etwas Freizeit bis zum Mittag. Die Jungs haben an den Sportger\u00e4ten sich ausgetobt und die M\u00e4dchen haben beim Fu\u00dfball zugeguckt. Nach dem Mittagessen haben alle die Ruhezeit gut genutzt, bis es dann zur\u00fcck zum Sportareal ging, wo wir uns mit einer Runde Athletik warm gemacht haben und dann ins Wasser sind.<\/p>\n<p>Zum Abendessen sind wir gemeinsam als Verein Essen gegangen und haben den Abend gemeinsam genossen.<\/p>\n<p>Sonntagfr\u00fch ging es dann ein letztes Mal f\u00fcr eine Trainingseinheit in die Halle, welche mit im Kinderbecken spielen und albern beendet wurde.<\/p>\n<p>Am Ende spreche ich hoffentlich f\u00fcr alle, wenn ich sage, dass es ein sehr gelungenes und erfolgreiches Trainingslager war.<\/p>\n<p><img loading=\"lazy\" decoding=\"async\" class=\"alignnone size-full wp-image-8023\" src=\"https:\/\/www.ssv-senftenberg.de\/konzept\/wp-content\/uploads\/2023\/09\/IMG-20230904-WA0008.jpg\" alt=\"\" width=\"1024\" height=\"768\" srcset=\"https:\/\/www.ssv-senftenberg.de\/konzept\/wp-content\/uploads\/2023\/09\/IMG-20230904-WA0008.jpg 1024w, https:\/\/www.ssv-senftenberg.de\/konzept\/wp-content\/uploads\/2023\/09\/IMG-20230904-WA0008-300x225.jpg 300w, https:\/\/www.ssv-senftenberg.de\/konzept\/wp-content\/uploads\/2023\/09\/IMG-20230904-WA0008-768x576.jpg 768w\" sizes=\"auto, (max-width: 767px) 89vw, (max-width: 1000px) 54vw, (max-width: 1071px) 543px, 580px\" \/><\/p>\n<p>Sportliche Gr\u00fc\u00dfe<br \/>\n<em><strong>Luisa Lengstorff<\/strong><\/em><br \/>\nTrainingsgruppe Just &amp; Klose<\/p>\n<p>&nbsp;<\/p>\n","protected":false},"excerpt":{"rendered":"<p>Anfang September war die Sportler*innen der Trainingsgruppen Klose &amp; Just sowie Hahn im Trainingslager in N\u00fcrnberg. Das Ziel war ein guter Start in die neue Saison mit spezifischem Fokus auf Ausdauer und lange Strecken. Insgesamt hatten wir vier Trainingseinheiten und eine \u201cLandeinheit\u201d.<\/p>\n","protected":false},"author":9,"featured_media":0,"comment_status":"closed","ping_status":"closed","sticky":false,"template":"","format":"standard","meta":{"footnotes":""},"categories":[1],"tags":[],"class_list":["post-8022","post","type-post","status-publish","format-standard","hentry","category-allgemein"],"_links":{"self":[{"href":"https:\/\/www.ssv-senftenberg.de\/konzept\/wp-json\/wp\/v2\/posts\/8022","targetHints":{"allow":["GET"]}}],"collection":[{"href":"https:\/\/www.ssv-senftenberg.de\/konzept\/wp-json\/wp\/v2\/posts"}],"about":[{"href":"https:\/\/www.ssv-senftenberg.de\/konzept\/wp-json\/wp\/v2\/types\/post"}],"author":[{"embeddable":true,"href":"https:\/\/www.ssv-senftenberg.de\/konzept\/wp-json\/wp\/v2\/users\/9"}],"replies":[{"embeddable":true,"href":"https:\/\/www.ssv-senftenberg.de\/konzept\/wp-json\/wp\/v2\/comments?post=8022"}],"version-history":[{"count":4,"href":"https:\/\/www.ssv-senftenberg.de\/konzept\/wp-json\/wp\/v2\/posts\/8022\/revisions"}],"predecessor-version":[{"id":8031,"href":"https:\/\/www.ssv-senftenberg.de\/konzept\/wp-json\/wp\/v2\/posts\/8022\/revisions\/8031"}],"wp:attachment":[{"href":"https:\/\/www.ssv-senftenberg.de\/konzept\/wp-json\/wp\/v2\/media?parent=8022"}],"wp:term":[{"taxonomy":"category","embeddable":true,"href":"https:\/\/www.ssv-senftenberg.de\/konzept\/wp-json\/wp\/v2\/categories?post=8022"},{"taxonomy":"post_tag","embeddable":true,"href":"https:\/\/www.ssv-senftenberg.de\/konzept\/wp-json\/wp\/v2\/tags?post=8022"}],"curies":[{"name":"wp","href":"https:\/\/api.w.org\/{rel}","templated":true}]}}