{"id":8042,"date":"2023-10-05T21:31:30","date_gmt":"2023-10-05T19:31:30","guid":{"rendered":"https:\/\/www.ssv-senftenberg.de\/konzept\/?p=8042"},"modified":"2023-10-19T10:12:06","modified_gmt":"2023-10-19T08:12:06","slug":"erster-wettkampf-der-neuen-saison-15-knirpsenschwimmen-in-dresden","status":"publish","type":"post","link":"https:\/\/www.ssv-senftenberg.de\/konzept\/erster-wettkampf-der-neuen-saison-15-knirpsenschwimmen-in-dresden\/","title":{"rendered":"Erster Wettkampf der neuen Saison | 15. Knirpsenschwimmen in Dresden"},"content":{"rendered":"<p style=\"text-align: center;\">Am 30.09.2023 hie\u00df es f\u00fcr ein paar wenige unserer j\u00fcngsten Schwimmer nach langer Sommerpause wieder Wecker stellen, Schwimmtasche packen und ab zum Wettkampf.<a href=\"https:\/\/www.ssv-senftenberg.de\/konzept\/wp-content\/uploads\/2023\/10\/WhatsApp-Image-2023-09-30-at-12.04.04.jpeg\"><img loading=\"lazy\" decoding=\"async\" class=\" wp-image-8043 aligncenter\" src=\"https:\/\/www.ssv-senftenberg.de\/konzept\/wp-content\/uploads\/2023\/10\/WhatsApp-Image-2023-09-30-at-12.04.04-300x238.jpeg\" alt=\"\" width=\"537\" height=\"426\" srcset=\"https:\/\/www.ssv-senftenberg.de\/konzept\/wp-content\/uploads\/2023\/10\/WhatsApp-Image-2023-09-30-at-12.04.04-300x238.jpeg 300w, https:\/\/www.ssv-senftenberg.de\/konzept\/wp-content\/uploads\/2023\/10\/WhatsApp-Image-2023-09-30-at-12.04.04-1024x813.jpeg 1024w, https:\/\/www.ssv-senftenberg.de\/konzept\/wp-content\/uploads\/2023\/10\/WhatsApp-Image-2023-09-30-at-12.04.04-768x610.jpeg 768w, https:\/\/www.ssv-senftenberg.de\/konzept\/wp-content\/uploads\/2023\/10\/WhatsApp-Image-2023-09-30-at-12.04.04-1536x1219.jpeg 1536w, https:\/\/www.ssv-senftenberg.de\/konzept\/wp-content\/uploads\/2023\/10\/WhatsApp-Image-2023-09-30-at-12.04.04.jpeg 1600w\" sizes=\"auto, (max-width: 537px) 100vw, 537px\" \/><\/a><!--more--><\/p>\n<p style=\"text-align: center;\">Diesmal ging es f\u00fcr Aiven Fr\u00f6hnel, Hedda Simmlinger, John Hoffmann, Mira Kerber und Rebecca Hoffmann mitsamt ihrer Trainer Antje Lukas und Christian Hahn zum Knirpsenschwimmen nach Dresden Pohlis. Henrik Hoffmann unterst\u00fctze als Wettkampfrichter. <em>(<a href=\"https:\/\/www.ssv-senftenberg.de\/konzept\/trainer-wettkampfrichter-werden#Wettkampfrichter\">\u2013&gt; Wie werde ich Wettkampfrichter?<\/a>)<\/em><br \/>\nW\u00e4hrend der SG Einheit Dresden Mitte e.V. und SpVgg Dresden-L\u00f6btau 1893 e.V. diesen Wettkampf bereits zum 15. mal ausrichtet, war es f\u00fcr den SSV Senftenberg eine Premiere. An dieser Stelle bedanken wir uns herzlich f\u00fcr die Einladung.<\/p>\n<p style=\"text-align: center;\">Angekommen waren wir zum einen beindruckt von der sch\u00f6nen neuen Schwimmhalle im Stadtteil Prohlis, zum anderen von der Ruhe in der Halle. Letzteres lag an der geringen Zahl von nur 41 teilnehmenden Kindern. \u00dcblicherweise nehmen an diesem Wettkampf 3mal so viele Kinder teil, doch aufgrund der Herbstferien in Sachsen und der M\u00f6glichkeit eines langen Wochenendes durch Br\u00fcckentag am Montag waren anscheinend viele verreist.<\/p>\n<p style=\"text-align: center;\">Neben 25m Delphin-Beine wurden alle 25m Strecken in ganzer Lage und als Beine-Teilbewegung geschwommen. Es wurden je die beiden Strecken einer Schwimmart in einem Mehrkampf gewertet. Wie so oft waren Freude (Bestzeiten) und Entt\u00e4uschung (Disqualifikation) nahe beieinander.<br \/>\nWir gratulieren allen Kindern zu ihren tollen Leistungen. Besonders freuen konnten sich: John Hoffmann \u00fcber <img loading=\"lazy\" decoding=\"async\" class=\"alignnone size-full wp-image-6966\" src=\"https:\/\/www.ssv-senftenberg.de\/konzept\/wp-content\/uploads\/2023\/01\/gold.png\" alt=\"\" width=\"20\" height=\"33\" \/> <img loading=\"lazy\" decoding=\"async\" class=\"alignnone size-full wp-image-6966\" src=\"https:\/\/www.ssv-senftenberg.de\/konzept\/wp-content\/uploads\/2023\/01\/gold.png\" alt=\"\" width=\"20\" height=\"33\" \/> <img loading=\"lazy\" decoding=\"async\" class=\"alignnone size-full wp-image-6965\" src=\"https:\/\/www.ssv-senftenberg.de\/konzept\/wp-content\/uploads\/2023\/01\/silber.png\" alt=\"\" width=\"22\" height=\"32\" \/> und Rebecca Hoffmann \u00fcber <img loading=\"lazy\" decoding=\"async\" class=\"alignnone size-full wp-image-6966\" src=\"https:\/\/www.ssv-senftenberg.de\/konzept\/wp-content\/uploads\/2023\/01\/gold.png\" alt=\"\" width=\"20\" height=\"33\" \/> <img loading=\"lazy\" decoding=\"async\" class=\"alignnone size-full wp-image-6965\" src=\"https:\/\/www.ssv-senftenberg.de\/konzept\/wp-content\/uploads\/2023\/01\/silber.png\" alt=\"\" width=\"22\" height=\"32\" \/> <img loading=\"lazy\" decoding=\"async\" class=\"alignnone size-full wp-image-6965\" src=\"https:\/\/www.ssv-senftenberg.de\/konzept\/wp-content\/uploads\/2023\/01\/silber.png\" alt=\"\" width=\"22\" height=\"32\" \/>.<\/p>\n<p style=\"text-align: center;\">Eine <a href=\"https:\/\/ssv-senftenberg.webclub.app\/oeffentlich-ergebnisse.php?openid=52\">Zusammenfassung der Ergebnisse aus Senftenberger Sicht<\/a> und das gesamte Protokoll stehen im <a href=\"https:\/\/ssv-senftenberg.webclub.app\/oeffentlich-ergebnisse.php?openid=52\">Webclub<\/a>\u00a0bereit.<\/p>\n<p style=\"text-align: center;\">Sportliche Gr\u00fc\u00dfe<br \/>\n<strong><em>Henrik Hoffmann<\/em><\/strong><br \/>\nKassenwart &amp; Schwimmtrainer<\/p>\n","protected":false},"excerpt":{"rendered":"<p>Am 30.09.2023 hie\u00df es f\u00fcr ein paar wenige unserer j\u00fcngsten Schwimmer nach langer Sommerpause wieder Wecker stellen, Schwimmtasche packen und ab zum Wettkampf.<\/p>\n","protected":false},"author":5,"featured_media":0,"comment_status":"closed","ping_status":"closed","sticky":false,"template":"","format":"standard","meta":{"footnotes":""},"categories":[18],"tags":[],"class_list":["post-8042","post","type-post","status-publish","format-standard","hentry","category-wk-bericht"],"_links":{"self":[{"href":"https:\/\/www.ssv-senftenberg.de\/konzept\/wp-json\/wp\/v2\/posts\/8042","targetHints":{"allow":["GET"]}}],"collection":[{"href":"https:\/\/www.ssv-senftenberg.de\/konzept\/wp-json\/wp\/v2\/posts"}],"about":[{"href":"https:\/\/www.ssv-senftenberg.de\/konzept\/wp-json\/wp\/v2\/types\/post"}],"author":[{"embeddable":true,"href":"https:\/\/www.ssv-senftenberg.de\/konzept\/wp-json\/wp\/v2\/users\/5"}],"replies":[{"embeddable":true,"href":"https:\/\/www.ssv-senftenberg.de\/konzept\/wp-json\/wp\/v2\/comments?post=8042"}],"version-history":[{"count":6,"href":"https:\/\/www.ssv-senftenberg.de\/konzept\/wp-json\/wp\/v2\/posts\/8042\/revisions"}],"predecessor-version":[{"id":8050,"href":"https:\/\/www.ssv-senftenberg.de\/konzept\/wp-json\/wp\/v2\/posts\/8042\/revisions\/8050"}],"wp:attachment":[{"href":"https:\/\/www.ssv-senftenberg.de\/konzept\/wp-json\/wp\/v2\/media?parent=8042"}],"wp:term":[{"taxonomy":"category","embeddable":true,"href":"https:\/\/www.ssv-senftenberg.de\/konzept\/wp-json\/wp\/v2\/categories?post=8042"},{"taxonomy":"post_tag","embeddable":true,"href":"https:\/\/www.ssv-senftenberg.de\/konzept\/wp-json\/wp\/v2\/tags?post=8042"}],"curies":[{"name":"wp","href":"https:\/\/api.w.org\/{rel}","templated":true}]}}