{"id":8058,"date":"2023-11-07T08:44:36","date_gmt":"2023-11-07T07:44:36","guid":{"rendered":"https:\/\/www.ssv-senftenberg.de\/konzept\/?p=8058"},"modified":"2023-11-07T08:58:10","modified_gmt":"2023-11-07T07:58:10","slug":"schnelle-zeiten-beim-seniorenschwimmfest-in-zwickau","status":"publish","type":"post","link":"https:\/\/www.ssv-senftenberg.de\/konzept\/schnelle-zeiten-beim-seniorenschwimmfest-in-zwickau\/","title":{"rendered":"Schnelle Zeiten beim Seniorenschwimmfest in Zwickau"},"content":{"rendered":"<div>\n<figure id=\"attachment_8060\" aria-describedby=\"caption-attachment-8060\" style=\"width: 1550px\" class=\"wp-caption alignnone\"><a href=\"https:\/\/www.ssv-senftenberg.de\/konzept\/wp-content\/uploads\/2023\/11\/IMG-20231104-WA0013.jpg\"><img loading=\"lazy\" decoding=\"async\" class=\"wp-image-8060 size-full\" src=\"https:\/\/www.ssv-senftenberg.de\/konzept\/wp-content\/uploads\/2023\/11\/IMG-20231104-WA0013.jpg\" alt=\"\" width=\"1550\" height=\"1419\" srcset=\"https:\/\/www.ssv-senftenberg.de\/konzept\/wp-content\/uploads\/2023\/11\/IMG-20231104-WA0013.jpg 1550w, https:\/\/www.ssv-senftenberg.de\/konzept\/wp-content\/uploads\/2023\/11\/IMG-20231104-WA0013-300x275.jpg 300w, https:\/\/www.ssv-senftenberg.de\/konzept\/wp-content\/uploads\/2023\/11\/IMG-20231104-WA0013-1024x937.jpg 1024w, https:\/\/www.ssv-senftenberg.de\/konzept\/wp-content\/uploads\/2023\/11\/IMG-20231104-WA0013-768x703.jpg 768w, https:\/\/www.ssv-senftenberg.de\/konzept\/wp-content\/uploads\/2023\/11\/IMG-20231104-WA0013-1536x1406.jpg 1536w\" sizes=\"auto, (max-width: 767px) 89vw, (max-width: 1000px) 54vw, (max-width: 1071px) 543px, 580px\" \/><\/a><figcaption id=\"caption-attachment-8060\" class=\"wp-caption-text\">Liane Wolf, Elke Kalz, Antje Lukas, Christian Hahn, Julius Sch\u00f6nheid &amp; Henrik Hoffmann (v.l.n.r.)<\/figcaption><\/figure>\n<\/div>\n<div class=\"default-style\">Das Seniorenschwimmfest in Zwickau ist ein wunderbar organisierter Wettkampf f\u00fcr die Masters. Das Besondere sind dabei, dass auch alle 25m Strecken geschwommen werden k\u00f6nnen, und die Staffeln \u00fcber die 4x25m Distanz macht einfach Laune.<\/div>\n<p><!--more--><\/p>\n<div class=\"default-style\">So fuhren wir nun ein zweites Mal die zwei Stunden bis nach Zwickau in die wundersch\u00f6ne Schwimmhalle. Dieses Mal traten wir zu sechst an: Liane Wolff, Elke Kalz, Antje Lukas, Henrik Hoffmann, Christian Hahn und Julius Sch\u00f6nheid vertraten unseren Verein, einer von insgesamt 27 Vereinen aus 6 Bundesl\u00e4ndern. 157 Teilnehmer schwammen \u00fcber alle 25m und alle 50m Strecken. Dazu kamen noch die 100m Lagen und die Staffelwettbewerbe.<\/div>\n<div><\/div>\n<div class=\"default-style\">Es gab dabei jeweils Urkunden f\u00fcr die ersten 3 Pl\u00e4tze zu gewinnen. Jeder von uns Senftenberger Schwimmer schwamm mindestens 4mal, auf verschiedenen Distanzen und Lagen. Es gab kaum eine gro\u00dfe Pause dazwischen, so dass dieser Wettkampf schon wie ein Trainingswettkampf galt.<\/div>\n<div class=\"default-style\">Wir feuerten uns gegenseitig an und standen am Beckenrand wenn der Startpfiff kam.<\/div>\n<div><\/div>\n<div class=\"default-style\">Das Anfeuern und nat\u00fcrlich auch das Training der letzten Wochen haben dabei geholfen, dass wir gute Zeiten und Pl\u00e4tze erreichten. Gemeinsam gewannen wir insgesamt 7 erste Pl\u00e4tze, 10 zweite Pl\u00e4tze und 7 dritte Pl\u00e4tze, eine gro\u00dfe Ausbeute an Urkunden und auch an pers\u00f6nlichen Bestleistungen, ob Saison oder \u00fcber die Jahre.<\/p>\n<\/div>\n<div style=\"text-align: center;\">Eine <a href=\"https:\/\/ssv-senftenberg.webclub.app\/oeffentlich-ergebnisse.php?openid=58\">Zusammenfassung der Ergebnisse aus Senftenberger Sicht<\/a> und das gesamte Protokoll stehen im <a href=\"https:\/\/ssv-senftenberg.webclub.app\/oeffentlich-ergebnisse.php?openid=58\">Webclub<\/a>\u00a0bereit.<\/div>\n<div><\/div>\n<div><a href=\"https:\/\/www.ssv-senftenberg.de\/konzept\/wp-content\/uploads\/2023\/11\/20231104_171824-scaled.jpg\"><img loading=\"lazy\" decoding=\"async\" class=\"alignnone size-full wp-image-8059\" src=\"https:\/\/www.ssv-senftenberg.de\/konzept\/wp-content\/uploads\/2023\/11\/20231104_171824-scaled.jpg\" alt=\"\" width=\"2560\" height=\"1152\" srcset=\"https:\/\/www.ssv-senftenberg.de\/konzept\/wp-content\/uploads\/2023\/11\/20231104_171824-scaled.jpg 2560w, https:\/\/www.ssv-senftenberg.de\/konzept\/wp-content\/uploads\/2023\/11\/20231104_171824-300x135.jpg 300w, https:\/\/www.ssv-senftenberg.de\/konzept\/wp-content\/uploads\/2023\/11\/20231104_171824-1024x461.jpg 1024w, https:\/\/www.ssv-senftenberg.de\/konzept\/wp-content\/uploads\/2023\/11\/20231104_171824-768x346.jpg 768w, https:\/\/www.ssv-senftenberg.de\/konzept\/wp-content\/uploads\/2023\/11\/20231104_171824-1536x691.jpg 1536w, https:\/\/www.ssv-senftenberg.de\/konzept\/wp-content\/uploads\/2023\/11\/20231104_171824-2048x922.jpg 2048w\" sizes=\"auto, (max-width: 767px) 89vw, (max-width: 1000px) 54vw, (max-width: 1071px) 543px, 580px\" \/><\/a><\/div>\n<div><\/div>\n<div class=\"default-style\">Wir fuhren stolz nach Hause und freuen uns jetzt schon auf das n\u00e4chste Seniorenschwimmfest.<\/div>\n<div class=\"default-style\"><\/div>\n<div><strong>Antje Lukas<\/strong><br \/>\n<em>Schwimmerin &amp; Trainerin Jhg. 2011 \u2013 2015<\/em><\/div>\n<div><\/div>\n","protected":false},"excerpt":{"rendered":"<p>Das Seniorenschwimmfest in Zwickau ist ein wunderbar organisierter Wettkampf f\u00fcr die Masters. Das Besondere sind dabei, dass auch alle 25m Strecken geschwommen werden k\u00f6nnen, und die Staffeln \u00fcber die 4x25m Distanz macht einfach Laune.<\/p>\n","protected":false},"author":9,"featured_media":0,"comment_status":"closed","ping_status":"closed","sticky":false,"template":"","format":"standard","meta":{"footnotes":""},"categories":[18],"tags":[],"class_list":["post-8058","post","type-post","status-publish","format-standard","hentry","category-wk-bericht"],"_links":{"self":[{"href":"https:\/\/www.ssv-senftenberg.de\/konzept\/wp-json\/wp\/v2\/posts\/8058","targetHints":{"allow":["GET"]}}],"collection":[{"href":"https:\/\/www.ssv-senftenberg.de\/konzept\/wp-json\/wp\/v2\/posts"}],"about":[{"href":"https:\/\/www.ssv-senftenberg.de\/konzept\/wp-json\/wp\/v2\/types\/post"}],"author":[{"embeddable":true,"href":"https:\/\/www.ssv-senftenberg.de\/konzept\/wp-json\/wp\/v2\/users\/9"}],"replies":[{"embeddable":true,"href":"https:\/\/www.ssv-senftenberg.de\/konzept\/wp-json\/wp\/v2\/comments?post=8058"}],"version-history":[{"count":4,"href":"https:\/\/www.ssv-senftenberg.de\/konzept\/wp-json\/wp\/v2\/posts\/8058\/revisions"}],"predecessor-version":[{"id":8065,"href":"https:\/\/www.ssv-senftenberg.de\/konzept\/wp-json\/wp\/v2\/posts\/8058\/revisions\/8065"}],"wp:attachment":[{"href":"https:\/\/www.ssv-senftenberg.de\/konzept\/wp-json\/wp\/v2\/media?parent=8058"}],"wp:term":[{"taxonomy":"category","embeddable":true,"href":"https:\/\/www.ssv-senftenberg.de\/konzept\/wp-json\/wp\/v2\/categories?post=8058"},{"taxonomy":"post_tag","embeddable":true,"href":"https:\/\/www.ssv-senftenberg.de\/konzept\/wp-json\/wp\/v2\/tags?post=8058"}],"curies":[{"name":"wp","href":"https:\/\/api.w.org\/{rel}","templated":true}]}}