{"id":8070,"date":"2023-12-04T21:31:38","date_gmt":"2023-12-04T20:31:38","guid":{"rendered":"https:\/\/www.ssv-senftenberg.de\/konzept\/?p=8070"},"modified":"2023-12-04T21:31:38","modified_gmt":"2023-12-04T20:31:38","slug":"auch-der-vorstand-bildet-sich-weiter-vorstandsseminar-2023","status":"publish","type":"post","link":"https:\/\/www.ssv-senftenberg.de\/konzept\/auch-der-vorstand-bildet-sich-weiter-vorstandsseminar-2023\/","title":{"rendered":"Auch der Vorstand bildet sich weiter &#8211; Vorstandsseminar 2023"},"content":{"rendered":"<figure id=\"attachment_8072\" aria-describedby=\"caption-attachment-8072\" style=\"width: 1920px\" class=\"wp-caption alignnone\"><img loading=\"lazy\" decoding=\"async\" class=\"wp-image-8072 size-full\" src=\"https:\/\/www.ssv-senftenberg.de\/konzept\/wp-content\/uploads\/2023\/12\/IMG_0637-scaled.jpeg\" alt=\"\" width=\"1920\" height=\"2560\" srcset=\"https:\/\/www.ssv-senftenberg.de\/konzept\/wp-content\/uploads\/2023\/12\/IMG_0637-scaled.jpeg 1920w, https:\/\/www.ssv-senftenberg.de\/konzept\/wp-content\/uploads\/2023\/12\/IMG_0637-225x300.jpeg 225w, https:\/\/www.ssv-senftenberg.de\/konzept\/wp-content\/uploads\/2023\/12\/IMG_0637-768x1024.jpeg 768w, https:\/\/www.ssv-senftenberg.de\/konzept\/wp-content\/uploads\/2023\/12\/IMG_0637-1152x1536.jpeg 1152w, https:\/\/www.ssv-senftenberg.de\/konzept\/wp-content\/uploads\/2023\/12\/IMG_0637-1536x2048.jpeg 1536w\" sizes=\"auto, (max-width: 767px) 89vw, (max-width: 1000px) 54vw, (max-width: 1071px) 543px, 580px\" \/><figcaption id=\"caption-attachment-8072\" class=\"wp-caption-text\">v.l.n.r. Christian Hahn, Hendrik Just, Julius Sch\u00f6nheid<\/figcaption><\/figure>\n<p><span style=\"font-size: 1rem;\">Am 20.11. und 21.11.2023 nahmen drei unserer Vorstandsmitglieder (Christian Hahn &#8211; Vorstandsvorsitzender, Hendrik Just &#8211; Stellvertretender Vorsitzender, Julius Sch\u00f6nheid &#8211; Sportwart) am Vorstandsseminar &#8222;Fit f\u00fcr den Vorstand 2024&#8220; in K\u00f6ln teil.<\/span><\/p>\n<p><!--more--><\/p>\n<p>Auf dem Plan standen neben den aktuellen vereinsrechtlichen Neuerungen auch die \u00dcberpr\u00fcfung der Satzung, Neuerung im Steuerrecht f\u00fcr Vereine und grundlegende Ver\u00e4nderungen der Vorstandsarbeit in Vereinen. Nicht nur in den theoretischen Teilen wurde zahlreiche neue Punkte erfasst, sondern auch in den pers\u00f6nlichen Gespr\u00e4chen mit den anderen Vorst\u00e4nden. Das neue Wissen wird nun aufgearbeitet und nach R\u00fccksprache mit dem Gesamtvorstand in die Arbeit des Vorstandes aufgenommen.<\/p>\n<p>Wir als teilnehmende Vorst\u00e4nde waren begeistert von dem Seminar und freuen uns auf die zuk\u00fcnftige Vereinbarkeit.<\/p>\n<p><strong>Julius Sch\u00f6nheid<\/strong><br \/>\n<em>Sportwart<\/em><\/p>\n","protected":false},"excerpt":{"rendered":"<p>Am 20.11. und 21.11.2023 nahmen drei unserer Vorstandsmitglieder (Christian Hahn &#8211; Vorstandsvorsitzender, Hendrik Just &#8211; Stellvertretender Vorsitzender, Julius Sch\u00f6nheid &#8211; Sportwart) am Vorstandsseminar &#8222;Fit f\u00fcr den Vorstand 2024&#8220; in K\u00f6ln teil.<\/p>\n","protected":false},"author":9,"featured_media":0,"comment_status":"closed","ping_status":"closed","sticky":false,"template":"","format":"standard","meta":{"footnotes":""},"categories":[1],"tags":[],"class_list":["post-8070","post","type-post","status-publish","format-standard","hentry","category-allgemein"],"_links":{"self":[{"href":"https:\/\/www.ssv-senftenberg.de\/konzept\/wp-json\/wp\/v2\/posts\/8070","targetHints":{"allow":["GET"]}}],"collection":[{"href":"https:\/\/www.ssv-senftenberg.de\/konzept\/wp-json\/wp\/v2\/posts"}],"about":[{"href":"https:\/\/www.ssv-senftenberg.de\/konzept\/wp-json\/wp\/v2\/types\/post"}],"author":[{"embeddable":true,"href":"https:\/\/www.ssv-senftenberg.de\/konzept\/wp-json\/wp\/v2\/users\/9"}],"replies":[{"embeddable":true,"href":"https:\/\/www.ssv-senftenberg.de\/konzept\/wp-json\/wp\/v2\/comments?post=8070"}],"version-history":[{"count":2,"href":"https:\/\/www.ssv-senftenberg.de\/konzept\/wp-json\/wp\/v2\/posts\/8070\/revisions"}],"predecessor-version":[{"id":8074,"href":"https:\/\/www.ssv-senftenberg.de\/konzept\/wp-json\/wp\/v2\/posts\/8070\/revisions\/8074"}],"wp:attachment":[{"href":"https:\/\/www.ssv-senftenberg.de\/konzept\/wp-json\/wp\/v2\/media?parent=8070"}],"wp:term":[{"taxonomy":"category","embeddable":true,"href":"https:\/\/www.ssv-senftenberg.de\/konzept\/wp-json\/wp\/v2\/categories?post=8070"},{"taxonomy":"post_tag","embeddable":true,"href":"https:\/\/www.ssv-senftenberg.de\/konzept\/wp-json\/wp\/v2\/tags?post=8070"}],"curies":[{"name":"wp","href":"https:\/\/api.w.org\/{rel}","templated":true}]}}