{"id":8224,"date":"2024-03-06T14:45:52","date_gmt":"2024-03-06T13:45:52","guid":{"rendered":"https:\/\/www.ssv-senftenberg.de\/konzept\/?p=8224"},"modified":"2024-03-06T14:55:17","modified_gmt":"2024-03-06T13:55:17","slug":"teilnahme-am-25-berolina-cup-i-wir-sind-wieder-dabei","status":"publish","type":"post","link":"https:\/\/www.ssv-senftenberg.de\/konzept\/teilnahme-am-25-berolina-cup-i-wir-sind-wieder-dabei\/","title":{"rendered":"Teilnahme am 25. Berolina-Cup I Wir sind wieder dabei!"},"content":{"rendered":"<div data-canvas-width=\"557.8440000000005\"><img loading=\"lazy\" decoding=\"async\" class=\"alignnone size-full wp-image-8227\" src=\"https:\/\/www.ssv-senftenberg.de\/konzept\/wp-content\/uploads\/2024\/03\/IMG-20240225-WA0000.jpg\" alt=\"\" width=\"1920\" height=\"1080\" srcset=\"https:\/\/www.ssv-senftenberg.de\/konzept\/wp-content\/uploads\/2024\/03\/IMG-20240225-WA0000.jpg 1920w, https:\/\/www.ssv-senftenberg.de\/konzept\/wp-content\/uploads\/2024\/03\/IMG-20240225-WA0000-300x169.jpg 300w, https:\/\/www.ssv-senftenberg.de\/konzept\/wp-content\/uploads\/2024\/03\/IMG-20240225-WA0000-1024x576.jpg 1024w, https:\/\/www.ssv-senftenberg.de\/konzept\/wp-content\/uploads\/2024\/03\/IMG-20240225-WA0000-768x432.jpg 768w, https:\/\/www.ssv-senftenberg.de\/konzept\/wp-content\/uploads\/2024\/03\/IMG-20240225-WA0000-1536x864.jpg 1536w\" sizes=\"auto, (max-width: 767px) 89vw, (max-width: 1000px) 54vw, (max-width: 1071px) 543px, 580px\" \/><\/div>\n<div data-canvas-width=\"557.8440000000005\"><\/div>\n<div data-canvas-width=\"557.8440000000005\"><span style=\"font-size: 1rem;\">Seit Corona und einem Ausfall dieses bei unseren Schwimmern sehr beliebten Wettkampfes konnten 3 Schwimmer*innen beim 25. Berolina-Cup im SSE in Berlin teilnehmen. 750 Starter und Starterinnen aus 5 Bundesl\u00e4ndern, alle Berliner Schwimmvereine und Vereine aus Polen und Tschechien waren vertreten.<\/span><\/div>\n<p><!--more--><\/p>\n<p><img loading=\"lazy\" decoding=\"async\" class=\"alignnone size-full wp-image-8225\" src=\"https:\/\/www.ssv-senftenberg.de\/konzept\/wp-content\/uploads\/2024\/03\/IMG_20240224_1352228-scaled.jpg\" alt=\"\" width=\"2560\" height=\"1707\" srcset=\"https:\/\/www.ssv-senftenberg.de\/konzept\/wp-content\/uploads\/2024\/03\/IMG_20240224_1352228-scaled.jpg 2560w, https:\/\/www.ssv-senftenberg.de\/konzept\/wp-content\/uploads\/2024\/03\/IMG_20240224_1352228-300x200.jpg 300w, https:\/\/www.ssv-senftenberg.de\/konzept\/wp-content\/uploads\/2024\/03\/IMG_20240224_1352228-1024x683.jpg 1024w, https:\/\/www.ssv-senftenberg.de\/konzept\/wp-content\/uploads\/2024\/03\/IMG_20240224_1352228-768x512.jpg 768w, https:\/\/www.ssv-senftenberg.de\/konzept\/wp-content\/uploads\/2024\/03\/IMG_20240224_1352228-1536x1024.jpg 1536w, https:\/\/www.ssv-senftenberg.de\/konzept\/wp-content\/uploads\/2024\/03\/IMG_20240224_1352228-2048x1365.jpg 2048w\" sizes=\"auto, (max-width: 767px) 89vw, (max-width: 1000px) 54vw, (max-width: 1071px) 543px, 580px\" \/><\/p>\n<p><span style=\"font-size: 1rem;\">Aus Senftenberg schafften Luise Thie\u00df, Martin Schultz und Oliver Hoffmann die Richtzeiten und konnten diese, zu meiner \u00dcberraschung, zum Teil enorm verbessern. So verbesserte Martin Schultz seine Bestmarke \u00fcber 100m Kraul um 4,5sek auf 1:07,20min. \u00dcber 50m Kraul kratzte er an der 30sek-Marke und in 100m R\u00fccken schwamm er 1:16,91min.<\/span><\/p>\n<div data-canvas-width=\"557.8440000000005\">\n<p><span style=\"font-size: 1rem;\">Alle anderen Starts waren ebenso mit Bestzeiten verbunden. Luise konnte in allen gestarteten Strecken ihre pers\u00f6nlichen Bestzeiten best\u00e4tigen. Oliver Hoffmann der leider nur zweimal starten konnte, schaffte ebenfalls Bestzeiten. \u00dcber 50m Kraul schwamm er mit 32,32sek eine sehr gute Zeit, die er \u00fcber 100m Kraul noch einmal best\u00e4tigte und am Ende eine 1:16,87min schwamm. Das bedeute 3,5sek Verbesserung.<\/span><\/p>\n<p><span style=\"font-size: 1rem;\">Es lohnt sich zu trainieren. Einmal das Erlebnis in der Olympiahalle zu schwimmen und dann auch noch Bestzeiten und auch noch gut befreundete Schwimmer des Nachbarvereins Spremberg zu treffen.<\/span><\/p>\n<p><span style=\"font-size: 1rem;\">Sehr gut, im n\u00e4chsten Jahr hei\u00dft es wieder: Auf ein Neues.<\/span><\/p>\n<\/div>\n<div data-canvas-width=\"72.648\"><a href=\"https:\/\/ssv-senftenberg.webclub.app\/oeffentlich-ergebnisse.php?openid=65\">Ergebnisliste<\/a><\/div>\n<div data-canvas-width=\"72.648\"><\/div>\n<div data-canvas-width=\"72.648\"><\/div>\n<div data-canvas-width=\"72.648\"><strong>Hendrik Just<\/strong><\/div>\n<div data-canvas-width=\"72.648\"><em>Stellv. Vorsitzender &amp; Trainerin Jhg. 2006 \u2013 2012<\/em><\/div>\n","protected":false},"excerpt":{"rendered":"<p>Seit Corona und einem Ausfall dieses bei unseren Schwimmern sehr beliebten Wettkampfes konnten 3 Schwimmer*innen beim 25. Berolina-Cup im SSE in Berlin teilnehmen. 750 Starter und Starterinnen aus 5 Bundesl\u00e4ndern, alle Berliner Schwimmvereine und Vereine aus Polen und Tschechien waren vertreten.<\/p>\n","protected":false},"author":9,"featured_media":0,"comment_status":"closed","ping_status":"closed","sticky":false,"template":"","format":"standard","meta":{"footnotes":""},"categories":[1],"tags":[],"class_list":["post-8224","post","type-post","status-publish","format-standard","hentry","category-allgemein"],"_links":{"self":[{"href":"https:\/\/www.ssv-senftenberg.de\/konzept\/wp-json\/wp\/v2\/posts\/8224","targetHints":{"allow":["GET"]}}],"collection":[{"href":"https:\/\/www.ssv-senftenberg.de\/konzept\/wp-json\/wp\/v2\/posts"}],"about":[{"href":"https:\/\/www.ssv-senftenberg.de\/konzept\/wp-json\/wp\/v2\/types\/post"}],"author":[{"embeddable":true,"href":"https:\/\/www.ssv-senftenberg.de\/konzept\/wp-json\/wp\/v2\/users\/9"}],"replies":[{"embeddable":true,"href":"https:\/\/www.ssv-senftenberg.de\/konzept\/wp-json\/wp\/v2\/comments?post=8224"}],"version-history":[{"count":15,"href":"https:\/\/www.ssv-senftenberg.de\/konzept\/wp-json\/wp\/v2\/posts\/8224\/revisions"}],"predecessor-version":[{"id":8243,"href":"https:\/\/www.ssv-senftenberg.de\/konzept\/wp-json\/wp\/v2\/posts\/8224\/revisions\/8243"}],"wp:attachment":[{"href":"https:\/\/www.ssv-senftenberg.de\/konzept\/wp-json\/wp\/v2\/media?parent=8224"}],"wp:term":[{"taxonomy":"category","embeddable":true,"href":"https:\/\/www.ssv-senftenberg.de\/konzept\/wp-json\/wp\/v2\/categories?post=8224"},{"taxonomy":"post_tag","embeddable":true,"href":"https:\/\/www.ssv-senftenberg.de\/konzept\/wp-json\/wp\/v2\/tags?post=8224"}],"curies":[{"name":"wp","href":"https:\/\/api.w.org\/{rel}","templated":true}]}}