{"id":8327,"date":"2024-03-23T09:53:43","date_gmt":"2024-03-23T08:53:43","guid":{"rendered":"https:\/\/www.ssv-senftenberg.de\/konzept\/?p=8327"},"modified":"2024-03-23T09:53:43","modified_gmt":"2024-03-23T08:53:43","slug":"saengerpokal-in-finsterwalde","status":"publish","type":"post","link":"https:\/\/www.ssv-senftenberg.de\/konzept\/saengerpokal-in-finsterwalde\/","title":{"rendered":"S\u00e4ngerpokal in Finsterwalde"},"content":{"rendered":"<p><img loading=\"lazy\" decoding=\"async\" class=\"alignnone size-full wp-image-8331\" src=\"https:\/\/www.ssv-senftenberg.de\/konzept\/wp-content\/uploads\/2024\/03\/20231104_171824.jpg\" alt=\"\" width=\"1600\" height=\"1200\" srcset=\"https:\/\/www.ssv-senftenberg.de\/konzept\/wp-content\/uploads\/2024\/03\/20231104_171824.jpg 1600w, https:\/\/www.ssv-senftenberg.de\/konzept\/wp-content\/uploads\/2024\/03\/20231104_171824-300x225.jpg 300w, https:\/\/www.ssv-senftenberg.de\/konzept\/wp-content\/uploads\/2024\/03\/20231104_171824-1024x768.jpg 1024w, https:\/\/www.ssv-senftenberg.de\/konzept\/wp-content\/uploads\/2024\/03\/20231104_171824-768x576.jpg 768w, https:\/\/www.ssv-senftenberg.de\/konzept\/wp-content\/uploads\/2024\/03\/20231104_171824-1536x1152.jpg 1536w\" sizes=\"auto, (max-width: 767px) 89vw, (max-width: 1000px) 54vw, (max-width: 1071px) 543px, 580px\" \/><\/p>\n<p>Der S\u00e4ngerpokal in Finsterwalde ist mittlerweile ein fester Wettkampf in unserem WK Kalender, bereits zum 13. mal haben wir uns aufgemacht in die S\u00e4ngerstadt.<\/p>\n<p>Mit dabei waren diesmal wieder 4 Schwimmer unserer Masters Trainingsgruppe und damit leider nicht so viele wie im letzten Jahr mit 8. Ebenso dabei beim Kampf um die begehrten S\u00e4ngerpokale waren\u00a0 11 Kinder und Jugendliche aus den Trainingsgruppen Hahn sowie Klose \/ Just. <!--more--><\/p>\n<p>Auch unsere Schwimmtrainer die sonst wegen ihrer Funktion nicht aktiv an Wettk\u00e4mpfen teilnehmen k\u00f6nnen, waren diesmal wieder mit dabei.<\/p>\n<p>Insgesamt kehrten wir nach einem langen Wettkampftag ersch\u00f6pft aber stolz zur\u00fcck in die Seestadt. Mit Insgesamt 30 Medaillen ( 8x Gold, 12x Silber und 7 x Bronze) und einigen knappen 4 Pl\u00e4tzen\u00a0 in 65 Einzelstarts haben wir einmal mehr den derzeitigen Trainingsbedingungen zum trotz eine sehr gute Bilanz erzielt. Besonders gratulieren wir diesmal Carlo Hanschmann JG08 und Martin Schultz JG 09\u00a0 zum gewonnen S\u00e4ngerpokal in der jeweiligen Wertung.<\/p>\n<p><img loading=\"lazy\" decoding=\"async\" class=\"alignnone size-full wp-image-8328\" src=\"https:\/\/www.ssv-senftenberg.de\/konzept\/wp-content\/uploads\/2024\/03\/5aec1210-9ffb-4f24-bcf8-6f89d42017f2.jpg\" alt=\"\" width=\"1200\" height=\"1600\" srcset=\"https:\/\/www.ssv-senftenberg.de\/konzept\/wp-content\/uploads\/2024\/03\/5aec1210-9ffb-4f24-bcf8-6f89d42017f2.jpg 1200w, https:\/\/www.ssv-senftenberg.de\/konzept\/wp-content\/uploads\/2024\/03\/5aec1210-9ffb-4f24-bcf8-6f89d42017f2-225x300.jpg 225w, https:\/\/www.ssv-senftenberg.de\/konzept\/wp-content\/uploads\/2024\/03\/5aec1210-9ffb-4f24-bcf8-6f89d42017f2-768x1024.jpg 768w, https:\/\/www.ssv-senftenberg.de\/konzept\/wp-content\/uploads\/2024\/03\/5aec1210-9ffb-4f24-bcf8-6f89d42017f2-1152x1536.jpg 1152w\" sizes=\"auto, (max-width: 767px) 89vw, (max-width: 1000px) 54vw, (max-width: 1071px) 543px, 580px\" \/><\/p>\n<p>S\u00e4ngerpokal hei\u00dft auch immer die Wahl zwischen Mitteldistanz (200m) oder Sprintdistanz (50m), wobei nur in den Mitteldistanzen um die begehrten Pokale geschwommen wird. Dazu noch 400m Lagen, alle 25m Strecken (nur Kinder) und 4x50m Lagen-Mixed Staffeln angeboten. Anwesend waren 135 Teilnehmer, neben Gastgebern aus Finsterwalde, Spremberg, Cottbus, Eisenh\u00fcttenstadt, L\u00fcbbenau, Forst und\u00a0 den Partnervereinen aus Werdohl (NRW) und Jilemnice (Tschechei). Der Wettkampf war wie immer gut organisiert und umgesetzt. Dank Grill- und Kuchenbuffet, der eingespielten Musik und dem ausgelassenen Anfeuern der Mannschaftskollegen war die Stimmung.<\/p>\n<p><img loading=\"lazy\" decoding=\"async\" class=\"alignnone size-full wp-image-8330\" src=\"https:\/\/www.ssv-senftenberg.de\/konzept\/wp-content\/uploads\/2024\/03\/420663b5-c855-4245-9d6e-53660d8732bc.jpg\" alt=\"\" width=\"1600\" height=\"1200\" srcset=\"https:\/\/www.ssv-senftenberg.de\/konzept\/wp-content\/uploads\/2024\/03\/420663b5-c855-4245-9d6e-53660d8732bc.jpg 1600w, https:\/\/www.ssv-senftenberg.de\/konzept\/wp-content\/uploads\/2024\/03\/420663b5-c855-4245-9d6e-53660d8732bc-300x225.jpg 300w, https:\/\/www.ssv-senftenberg.de\/konzept\/wp-content\/uploads\/2024\/03\/420663b5-c855-4245-9d6e-53660d8732bc-1024x768.jpg 1024w, https:\/\/www.ssv-senftenberg.de\/konzept\/wp-content\/uploads\/2024\/03\/420663b5-c855-4245-9d6e-53660d8732bc-768x576.jpg 768w, https:\/\/www.ssv-senftenberg.de\/konzept\/wp-content\/uploads\/2024\/03\/420663b5-c855-4245-9d6e-53660d8732bc-1536x1152.jpg 1536w\" sizes=\"auto, (max-width: 767px) 89vw, (max-width: 1000px) 54vw, (max-width: 1071px) 543px, 580px\" \/><\/p>\n<p>Danke auch f\u00fcr die Unterst\u00fctzung als Wettkampfrichter an Henrik Hoffmann.<\/p>\n<p><i>(<\/i><a href=\"https:\/\/www.ssv-senftenberg.de\/konzept\/trainer-wettkampfrichter-werden\/\" target=\"_blank\" rel=\"noopener\"><i>\u2013&gt; Wie werde ich Wettkampfrichter?<\/i><\/a><i>)<\/i><\/p>\n<p>Die\u00a0Zusammenfassung der Ergebnisse\u00a0sowie das vollst\u00e4ndige\u00a0<a href=\"\/Users\/StephanieThiel\/Downloads\/2024-03-02-Finsterw-Pr.pdf\" target=\"_blank\" rel=\"noopener\">Protokoll<\/a>\u00a0stehen im\u00a0<a href=\"https:\/\/ssv-senftenberg.webclub.app\/oeffentlich-ergebnisse.php?openid=11\" target=\"_blank\" rel=\"noopener\">Webclub<\/a> bereit.<\/p>\n<div>Sportliche Gr\u00fc\u00dfe<\/div>\n<div><\/div>\n<div><strong>Christian Hahn<\/strong><\/div>\n<div><em>Trainer Jhg 2010 &#8211; 2015<\/em><\/div>\n","protected":false},"excerpt":{"rendered":"<p>Der S\u00e4ngerpokal in Finsterwalde ist mittlerweile ein fester Wettkampf in unserem WK Kalender, bereits zum 13. mal haben wir uns aufgemacht in die S\u00e4ngerstadt. Mit dabei waren diesmal wieder 4 Schwimmer unserer Masters Trainingsgruppe und damit leider nicht so viele wie im letzten Jahr mit 8. Ebenso dabei beim Kampf um die begehrten S\u00e4ngerpokale waren\u00a0 &hellip; <\/p>\n<p class=\"link-more\"><a href=\"https:\/\/www.ssv-senftenberg.de\/konzept\/saengerpokal-in-finsterwalde\/\" class=\"more-link\"><span class=\"screen-reader-text\">\u201eS\u00e4ngerpokal in Finsterwalde\u201c <\/span>weiterlesen<\/a><\/p>\n","protected":false},"author":9,"featured_media":0,"comment_status":"closed","ping_status":"closed","sticky":false,"template":"","format":"standard","meta":{"footnotes":""},"categories":[1],"tags":[],"class_list":["post-8327","post","type-post","status-publish","format-standard","hentry","category-allgemein"],"_links":{"self":[{"href":"https:\/\/www.ssv-senftenberg.de\/konzept\/wp-json\/wp\/v2\/posts\/8327","targetHints":{"allow":["GET"]}}],"collection":[{"href":"https:\/\/www.ssv-senftenberg.de\/konzept\/wp-json\/wp\/v2\/posts"}],"about":[{"href":"https:\/\/www.ssv-senftenberg.de\/konzept\/wp-json\/wp\/v2\/types\/post"}],"author":[{"embeddable":true,"href":"https:\/\/www.ssv-senftenberg.de\/konzept\/wp-json\/wp\/v2\/users\/9"}],"replies":[{"embeddable":true,"href":"https:\/\/www.ssv-senftenberg.de\/konzept\/wp-json\/wp\/v2\/comments?post=8327"}],"version-history":[{"count":2,"href":"https:\/\/www.ssv-senftenberg.de\/konzept\/wp-json\/wp\/v2\/posts\/8327\/revisions"}],"predecessor-version":[{"id":8335,"href":"https:\/\/www.ssv-senftenberg.de\/konzept\/wp-json\/wp\/v2\/posts\/8327\/revisions\/8335"}],"wp:attachment":[{"href":"https:\/\/www.ssv-senftenberg.de\/konzept\/wp-json\/wp\/v2\/media?parent=8327"}],"wp:term":[{"taxonomy":"category","embeddable":true,"href":"https:\/\/www.ssv-senftenberg.de\/konzept\/wp-json\/wp\/v2\/categories?post=8327"},{"taxonomy":"post_tag","embeddable":true,"href":"https:\/\/www.ssv-senftenberg.de\/konzept\/wp-json\/wp\/v2\/tags?post=8327"}],"curies":[{"name":"wp","href":"https:\/\/api.w.org\/{rel}","templated":true}]}}