{"id":8374,"date":"2024-04-22T15:00:05","date_gmt":"2024-04-22T13:00:05","guid":{"rendered":"https:\/\/www.ssv-senftenberg.de\/konzept\/?p=8374"},"modified":"2024-04-22T15:04:15","modified_gmt":"2024-04-22T13:04:15","slug":"trainingslager-der-masters-rabenberg","status":"publish","type":"post","link":"https:\/\/www.ssv-senftenberg.de\/konzept\/trainingslager-der-masters-rabenberg\/","title":{"rendered":"Trainingslager der Masters Rabenberg"},"content":{"rendered":"<p><img loading=\"lazy\" decoding=\"async\" class=\"alignnone size-full wp-image-8382\" src=\"https:\/\/www.ssv-senftenberg.de\/konzept\/wp-content\/uploads\/2024\/04\/Gruppenbild1.png\" alt=\"\" width=\"1600\" height=\"1204\" srcset=\"https:\/\/www.ssv-senftenberg.de\/konzept\/wp-content\/uploads\/2024\/04\/Gruppenbild1.png 1600w, https:\/\/www.ssv-senftenberg.de\/konzept\/wp-content\/uploads\/2024\/04\/Gruppenbild1-300x226.png 300w, https:\/\/www.ssv-senftenberg.de\/konzept\/wp-content\/uploads\/2024\/04\/Gruppenbild1-1024x771.png 1024w, https:\/\/www.ssv-senftenberg.de\/konzept\/wp-content\/uploads\/2024\/04\/Gruppenbild1-768x578.png 768w, https:\/\/www.ssv-senftenberg.de\/konzept\/wp-content\/uploads\/2024\/04\/Gruppenbild1-1536x1156.png 1536w\" sizes=\"auto, (max-width: 767px) 89vw, (max-width: 1000px) 54vw, (max-width: 1071px) 543px, 580px\" \/><\/p>\n<p>Im April war es wieder soweit &#8211; das allj\u00e4hrliche Trainingslager der Masters stand an! 24 hochmotivierte Schwimmerinnen und Schwimmer machten sich auf den Weg zum Rabenberg, um sich f\u00fcr die bevorstehenden Deutschen Meisterschaften der Masters und internationale Wettk\u00e4mpfe vorzubereiten.<\/p>\n<p>Doch nicht nur das Schwimmtraining stand auf dem Programm. Nein, auch das gesellige Beisammensein und der pers\u00f6nliche Austausch kamen nicht zu kurz. Bei einer geschlossenen Schwimmhalle und unterschiedlichen Trainingszeiten war dies auch mal n\u00f6tig. Also wurde flei\u00dfig Squash gespielt, Volleyball geschmettert, Waldspazierg\u00e4nge unternommen und gem\u00fctlich geplaudert.<!--more--><\/p>\n<p>W\u00e4hrend des intensiven Trainings wurden alle Schwimmlagen verfeinert und auch die motorischen Grundfertigkeiten wie Schnelligkeit, Kraft, Ausdauer und Koordination wurden ordentlich trainiert. Da blieb kein Muskel unbeansprucht!<\/p>\n<figure id=\"attachment_8383\" aria-describedby=\"caption-attachment-8383\" style=\"width: 1599px\" class=\"wp-caption alignnone\"><img loading=\"lazy\" decoding=\"async\" class=\"wp-image-8383 size-full\" src=\"https:\/\/www.ssv-senftenberg.de\/konzept\/wp-content\/uploads\/2024\/04\/Squasch1.png\" alt=\"\" width=\"1599\" height=\"1186\" srcset=\"https:\/\/www.ssv-senftenberg.de\/konzept\/wp-content\/uploads\/2024\/04\/Squasch1.png 1599w, https:\/\/www.ssv-senftenberg.de\/konzept\/wp-content\/uploads\/2024\/04\/Squasch1-300x223.png 300w, https:\/\/www.ssv-senftenberg.de\/konzept\/wp-content\/uploads\/2024\/04\/Squasch1-1024x760.png 1024w, https:\/\/www.ssv-senftenberg.de\/konzept\/wp-content\/uploads\/2024\/04\/Squasch1-768x570.png 768w, https:\/\/www.ssv-senftenberg.de\/konzept\/wp-content\/uploads\/2024\/04\/Squasch1-1536x1139.png 1536w\" sizes=\"auto, (max-width: 767px) 89vw, (max-width: 1000px) 54vw, (max-width: 1071px) 543px, 580px\" \/><figcaption id=\"caption-attachment-8383\" class=\"wp-caption-text\">v.l.n.r. Julius Sch\u00f6nheid, Henrik Hoffmann, Christian Hahn, Hendrik Just, Stephanie Hoffmann<\/figcaption><\/figure>\n<p>Ein riesiges Dankesch\u00f6n geht an alle Sportlerinnen und Sportler f\u00fcr dieses erfolgreiche und einfach nur spa\u00dfige Wochenende! Wir freuen uns schon jetzt auf die n\u00e4chsten Abenteuer im Wasser und an Land!<\/p>\n<p>Bis zum n\u00e4chsten Mal.<\/p>\n<p>Sportliche Gr\u00fc\u00dfe<br \/>\n<strong>Julius Sch\u00f6nheid<\/strong><br \/>\n<em>Sportwart<\/em><\/p>\n<p>&nbsp;<\/p>\n","protected":false},"excerpt":{"rendered":"<p>Im April war es wieder soweit &#8211; das allj\u00e4hrliche Trainingslager der Masters stand an! 24 hochmotivierte Schwimmerinnen und Schwimmer machten sich auf den Weg zum Rabenberg, um sich f\u00fcr die bevorstehenden Deutschen Meisterschaften der Masters und internationale Wettk\u00e4mpfe vorzubereiten. Doch nicht nur das Schwimmtraining stand auf dem Programm. Nein, auch das gesellige Beisammensein und der &hellip; <\/p>\n<p class=\"link-more\"><a href=\"https:\/\/www.ssv-senftenberg.de\/konzept\/trainingslager-der-masters-rabenberg\/\" class=\"more-link\"><span class=\"screen-reader-text\">\u201eTrainingslager der Masters Rabenberg\u201c <\/span>weiterlesen<\/a><\/p>\n","protected":false},"author":9,"featured_media":0,"comment_status":"closed","ping_status":"closed","sticky":false,"template":"","format":"standard","meta":{"footnotes":""},"categories":[1],"tags":[],"class_list":["post-8374","post","type-post","status-publish","format-standard","hentry","category-allgemein"],"_links":{"self":[{"href":"https:\/\/www.ssv-senftenberg.de\/konzept\/wp-json\/wp\/v2\/posts\/8374","targetHints":{"allow":["GET"]}}],"collection":[{"href":"https:\/\/www.ssv-senftenberg.de\/konzept\/wp-json\/wp\/v2\/posts"}],"about":[{"href":"https:\/\/www.ssv-senftenberg.de\/konzept\/wp-json\/wp\/v2\/types\/post"}],"author":[{"embeddable":true,"href":"https:\/\/www.ssv-senftenberg.de\/konzept\/wp-json\/wp\/v2\/users\/9"}],"replies":[{"embeddable":true,"href":"https:\/\/www.ssv-senftenberg.de\/konzept\/wp-json\/wp\/v2\/comments?post=8374"}],"version-history":[{"count":5,"href":"https:\/\/www.ssv-senftenberg.de\/konzept\/wp-json\/wp\/v2\/posts\/8374\/revisions"}],"predecessor-version":[{"id":8388,"href":"https:\/\/www.ssv-senftenberg.de\/konzept\/wp-json\/wp\/v2\/posts\/8374\/revisions\/8388"}],"wp:attachment":[{"href":"https:\/\/www.ssv-senftenberg.de\/konzept\/wp-json\/wp\/v2\/media?parent=8374"}],"wp:term":[{"taxonomy":"category","embeddable":true,"href":"https:\/\/www.ssv-senftenberg.de\/konzept\/wp-json\/wp\/v2\/categories?post=8374"},{"taxonomy":"post_tag","embeddable":true,"href":"https:\/\/www.ssv-senftenberg.de\/konzept\/wp-json\/wp\/v2\/tags?post=8374"}],"curies":[{"name":"wp","href":"https:\/\/api.w.org\/{rel}","templated":true}]}}