{"id":8391,"date":"2024-04-24T12:59:10","date_gmt":"2024-04-24T10:59:10","guid":{"rendered":"https:\/\/www.ssv-senftenberg.de\/konzept\/?p=8391"},"modified":"2024-06-27T13:57:32","modified_gmt":"2024-06-27T11:57:32","slug":"35-lagensprintpokal-vom-ssv-senftenberg-e-v","status":"publish","type":"post","link":"https:\/\/www.ssv-senftenberg.de\/konzept\/35-lagensprintpokal-vom-ssv-senftenberg-e-v\/","title":{"rendered":"35. Lagensprintpokal vom SSV Senftenberg e. V."},"content":{"rendered":"<p><iframe loading=\"lazy\" title=\"YouTube video player\" src=\"https:\/\/www.youtube.com\/embed\/DqF49gA1Jyg?si=lsrBVn6o0tqU6ft-\" width=\"560\" height=\"315\" frameborder=\"0\" allowfullscreen=\"allowfullscreen\"><\/iframe><\/p>\n<p>Wir m\u00f6chten uns herzlich bei Seenluft24 f\u00fcr die gro\u00dfartige Begleitung und den tollen Beitrag bedanken, den sie \u00fcber unseren Wettkampf erstellt haben!<\/p>\n<p>Sportliche Gr\u00fc\u00dfe<br \/>\n<strong><em>Stephanie Thiel<\/em><\/strong><br \/>\nPresse &amp; \u00d6ffentlichkeitsarbeit<\/p>\n","protected":false},"excerpt":{"rendered":"<p>Wir m\u00f6chten uns herzlich bei Seenluft24 f\u00fcr die gro\u00dfartige Begleitung und den tollen Beitrag bedanken, den sie \u00fcber unseren Wettkampf erstellt haben! Sportliche Gr\u00fc\u00dfe Stephanie Thiel Presse &amp; \u00d6ffentlichkeitsarbeit<\/p>\n","protected":false},"author":5,"featured_media":0,"comment_status":"closed","ping_status":"closed","sticky":false,"template":"","format":"standard","meta":{"footnotes":""},"categories":[1,18],"tags":[],"class_list":["post-8391","post","type-post","status-publish","format-standard","hentry","category-allgemein","category-wk-bericht"],"_links":{"self":[{"href":"https:\/\/www.ssv-senftenberg.de\/konzept\/wp-json\/wp\/v2\/posts\/8391","targetHints":{"allow":["GET"]}}],"collection":[{"href":"https:\/\/www.ssv-senftenberg.de\/konzept\/wp-json\/wp\/v2\/posts"}],"about":[{"href":"https:\/\/www.ssv-senftenberg.de\/konzept\/wp-json\/wp\/v2\/types\/post"}],"author":[{"embeddable":true,"href":"https:\/\/www.ssv-senftenberg.de\/konzept\/wp-json\/wp\/v2\/users\/5"}],"replies":[{"embeddable":true,"href":"https:\/\/www.ssv-senftenberg.de\/konzept\/wp-json\/wp\/v2\/comments?post=8391"}],"version-history":[{"count":3,"href":"https:\/\/www.ssv-senftenberg.de\/konzept\/wp-json\/wp\/v2\/posts\/8391\/revisions"}],"predecessor-version":[{"id":8395,"href":"https:\/\/www.ssv-senftenberg.de\/konzept\/wp-json\/wp\/v2\/posts\/8391\/revisions\/8395"}],"wp:attachment":[{"href":"https:\/\/www.ssv-senftenberg.de\/konzept\/wp-json\/wp\/v2\/media?parent=8391"}],"wp:term":[{"taxonomy":"category","embeddable":true,"href":"https:\/\/www.ssv-senftenberg.de\/konzept\/wp-json\/wp\/v2\/categories?post=8391"},{"taxonomy":"post_tag","embeddable":true,"href":"https:\/\/www.ssv-senftenberg.de\/konzept\/wp-json\/wp\/v2\/tags?post=8391"}],"curies":[{"name":"wp","href":"https:\/\/api.w.org\/{rel}","templated":true}]}}