{"id":8423,"date":"2024-05-08T17:42:17","date_gmt":"2024-05-08T15:42:17","guid":{"rendered":"https:\/\/www.ssv-senftenberg.de\/konzept\/?p=8423"},"modified":"2024-05-08T17:42:59","modified_gmt":"2024-05-08T15:42:59","slug":"8423-2","status":"publish","type":"post","link":"https:\/\/www.ssv-senftenberg.de\/konzept\/8423-2\/","title":{"rendered":""},"content":{"rendered":"<p><img loading=\"lazy\" decoding=\"async\" class=\"alignnone size-full wp-image-8424\" src=\"https:\/\/www.ssv-senftenberg.de\/konzept\/wp-content\/uploads\/2024\/05\/Hagen-Gomille.jpg\" alt=\"\" width=\"1080\" height=\"1080\" srcset=\"https:\/\/www.ssv-senftenberg.de\/konzept\/wp-content\/uploads\/2024\/05\/Hagen-Gomille.jpg 1080w, https:\/\/www.ssv-senftenberg.de\/konzept\/wp-content\/uploads\/2024\/05\/Hagen-Gomille-300x300.jpg 300w, https:\/\/www.ssv-senftenberg.de\/konzept\/wp-content\/uploads\/2024\/05\/Hagen-Gomille-1024x1024.jpg 1024w, https:\/\/www.ssv-senftenberg.de\/konzept\/wp-content\/uploads\/2024\/05\/Hagen-Gomille-150x150.jpg 150w, https:\/\/www.ssv-senftenberg.de\/konzept\/wp-content\/uploads\/2024\/05\/Hagen-Gomille-768x768.jpg 768w, https:\/\/www.ssv-senftenberg.de\/konzept\/wp-content\/uploads\/2024\/05\/Hagen-Gomille-100x100.jpg 100w\" sizes=\"auto, (max-width: 767px) 89vw, (max-width: 1000px) 54vw, (max-width: 1071px) 543px, 580px\" \/><\/p>\n<p>Mit gro\u00dfer Trauer und tiefem Bedauern nehmen wir viel zu fr\u00fch Abschied von unserem geliebten Freund und langj\u00e4hrigen Mitglied Hagen Gomille.<\/p>\n<p>Hagen war nicht nur ein herausragender Schwimmer, der nationale und internationale Erfolge f\u00fcr unseren Verein erk\u00e4mpft hat, sondern auch ein herzensguter Mensch, der unz\u00e4hligen Kindern das Schwimmen beigebracht hat.<\/p>\n<p><!--more--><\/p>\n<p>Hagens gro\u00dfes Herz und seine Leidenschaft f\u00fcr den Schwimmsport haben Generationen von Schwimmern inspiriert und gepr\u00e4gt. Als Ausnahmesportler und einf\u00fchlsamer Trainer war er eine feste Gr\u00f6\u00dfe in unserem Team und hat ma\u00dfgeblich zum Erfolg des Vereins und vieler Sportler beigetragen.<\/p>\n<p>Wir sind zutiefst dankbar daf\u00fcr, dass wir Hagen im Team gehabt haben und werden sein Erbe in Ehren halten. Seine Professionalit\u00e4t, sein Engagement und vor allem seine warmherzige Art werden uns stets in Erinnerung bleiben.<\/p>\n<p>Hagen wird immer einen besonderen Platz in unseren Herzen haben. Sein Verm\u00e4chtnis wird weiterleben und uns als leuchtendes Beispiel dienen.<\/p>\n<p>In tiefer Trauer und gro\u00dfer Dankbarkeit verabschieden wir uns von einem au\u00dfergew\u00f6hnlichen Menschen, der unser Leben bereichert hat.<\/p>\n<p>Ruhe in Frieden, lieber Hagen. Du wirst unvergessen bleiben.<\/p>\n","protected":false},"excerpt":{"rendered":"<p>Mit gro\u00dfer Trauer und tiefem Bedauern nehmen wir viel zu fr\u00fch Abschied von unserem geliebten Freund und langj\u00e4hrigen Mitglied Hagen Gomille. Hagen war nicht nur ein herausragender Schwimmer, der nationale und internationale Erfolge f\u00fcr unseren Verein erk\u00e4mpft hat, sondern auch ein herzensguter Mensch, der unz\u00e4hligen Kindern das Schwimmen beigebracht hat.<\/p>\n","protected":false},"author":9,"featured_media":0,"comment_status":"closed","ping_status":"closed","sticky":false,"template":"","format":"standard","meta":{"footnotes":""},"categories":[1],"tags":[],"class_list":["post-8423","post","type-post","status-publish","format-standard","hentry","category-allgemein"],"_links":{"self":[{"href":"https:\/\/www.ssv-senftenberg.de\/konzept\/wp-json\/wp\/v2\/posts\/8423","targetHints":{"allow":["GET"]}}],"collection":[{"href":"https:\/\/www.ssv-senftenberg.de\/konzept\/wp-json\/wp\/v2\/posts"}],"about":[{"href":"https:\/\/www.ssv-senftenberg.de\/konzept\/wp-json\/wp\/v2\/types\/post"}],"author":[{"embeddable":true,"href":"https:\/\/www.ssv-senftenberg.de\/konzept\/wp-json\/wp\/v2\/users\/9"}],"replies":[{"embeddable":true,"href":"https:\/\/www.ssv-senftenberg.de\/konzept\/wp-json\/wp\/v2\/comments?post=8423"}],"version-history":[{"count":2,"href":"https:\/\/www.ssv-senftenberg.de\/konzept\/wp-json\/wp\/v2\/posts\/8423\/revisions"}],"predecessor-version":[{"id":8426,"href":"https:\/\/www.ssv-senftenberg.de\/konzept\/wp-json\/wp\/v2\/posts\/8423\/revisions\/8426"}],"wp:attachment":[{"href":"https:\/\/www.ssv-senftenberg.de\/konzept\/wp-json\/wp\/v2\/media?parent=8423"}],"wp:term":[{"taxonomy":"category","embeddable":true,"href":"https:\/\/www.ssv-senftenberg.de\/konzept\/wp-json\/wp\/v2\/categories?post=8423"},{"taxonomy":"post_tag","embeddable":true,"href":"https:\/\/www.ssv-senftenberg.de\/konzept\/wp-json\/wp\/v2\/tags?post=8423"}],"curies":[{"name":"wp","href":"https:\/\/api.w.org\/{rel}","templated":true}]}}