{"id":8428,"date":"2024-05-22T20:57:36","date_gmt":"2024-05-22T18:57:36","guid":{"rendered":"https:\/\/www.ssv-senftenberg.de\/konzept\/?p=8428"},"modified":"2024-05-28T10:58:09","modified_gmt":"2024-05-28T08:58:09","slug":"mitgliederversammlung-i-03-06-2024-um-1800-uhr","status":"publish","type":"post","link":"https:\/\/www.ssv-senftenberg.de\/konzept\/mitgliederversammlung-i-03-06-2024-um-1800-uhr\/","title":{"rendered":"Mitgliederversammlung I 03.06.2024 um 19:00 Uhr"},"content":{"rendered":"<p><a href=\"https:\/\/www.ssv-senftenberg.de\/konzept\/wp-content\/uploads\/2024\/05\/ssv_einladung_2024.png\"><img loading=\"lazy\" decoding=\"async\" class=\"alignnone  wp-image-8434\" src=\"https:\/\/www.ssv-senftenberg.de\/konzept\/wp-content\/uploads\/2024\/05\/ssv_einladung_2024-300x251.png\" alt=\"\" width=\"557\" height=\"466\" srcset=\"https:\/\/www.ssv-senftenberg.de\/konzept\/wp-content\/uploads\/2024\/05\/ssv_einladung_2024-300x251.png 300w, https:\/\/www.ssv-senftenberg.de\/konzept\/wp-content\/uploads\/2024\/05\/ssv_einladung_2024-768x644.png 768w, https:\/\/www.ssv-senftenberg.de\/konzept\/wp-content\/uploads\/2024\/05\/ssv_einladung_2024.png 940w\" sizes=\"auto, (max-width: 557px) 100vw, 557px\" \/><\/a><\/p>\n<p>Liebe Mitglieder,<\/p>\n<p>wir m\u00f6chten euch herzlich zur bevorstehenden Mitgliederversammlung am 03.06.2024 um <span style=\"color: #ff0000;\"><strong>19:00<\/strong><\/span> <strong><span style=\"color: #ff0000;\">Uhr<\/span> (Achtung Zeit korrigiert) <\/strong>in der Aula des Friedrich-Engels-Gymnasiums in der Fischreiherstra\u00dfe in Senftenberg einladen.<!--more--><\/p>\n<p>Die Tagesordnung f\u00fcr die Versammlung sieht wie folgt aus:<\/p>\n<p>TOP1 Begr\u00fc\u00dfung<br \/>\nTOP2 Festlegung der Versammlungsleitung und Protokollf\u00fchrung<br \/>\nTOP3 Feststellung der ordnungsgem\u00e4\u00dfen Ladung und Beschlussf\u00e4higkeit<br \/>\nTOP4 Feststellung der Tagesordnung<br \/>\nTOP5 Rechenschaftsbericht des Vereinsvorstandes<br \/>\nTOP6 Finanzbericht<br \/>\nTOP7 Kassenpr\u00fcfbericht<br \/>\nTOP8 Diskussion<br \/>\nTOP9 Entlastung des Vorstands<br \/>\nTOP10 Bestellung des Wahlausschusses<br \/>\nTOP11 Wahl des 1. und 2. Vorsitzenden<br \/>\nTOP12 Wahl des Gesamtvorstands<br \/>\nTOP13 Wahl der Kassenpr\u00fcfer<br \/>\nTOP14 Bestellung der Beiratsmitglieder<br \/>\nTOP15 Sonstige \/ weitere Informationen<br \/>\nTOP16 Verabschiedung<\/p>\n<p>Wir hoffen, dass ihr an dieser wichtigen Mitgliederversammlung teilnehmen k\u00f6nnt. F\u00fcr den gesetzlichen und den Gesamtvorstand kandidieren Christian Hahn, Hendrik Just, Julius Sch\u00f6nheid, Henrik Hoffmann, Stephanie Hoffmann und Stephanie Thiel sowie f\u00fcr den Beirat Alexander D\u00fcffort. Als Kassenpr\u00fcfer stellen sich weiterhin Mareike Hartmann und Dietlind Riska zur Verf\u00fcgung.<\/p>\n<p>Bitte beachtet eure Stimm- und Wahlrechte gem\u00e4\u00df unserer aktuell g\u00fcltigen Satzung.<\/p>\n<p>Wir freuen uns auf eure zahlreiche Teilnahme und eine konstruktive Versammlung.<\/p>\n<p>Sportliche Gr\u00fc\u00dfe<br \/>\n<strong>Christian Hahn<\/strong><br \/>\n<em>1.Vorsitzender<\/em><\/p>\n","protected":false},"excerpt":{"rendered":"<p>Liebe Mitglieder, wir m\u00f6chten euch herzlich zur bevorstehenden Mitgliederversammlung am 03.06.2024 um 19:00 Uhr (Achtung Zeit korrigiert) in der Aula des Friedrich-Engels-Gymnasiums in der Fischreiherstra\u00dfe in Senftenberg einladen.<\/p>\n","protected":false},"author":9,"featured_media":0,"comment_status":"closed","ping_status":"closed","sticky":false,"template":"","format":"standard","meta":{"footnotes":""},"categories":[1],"tags":[],"class_list":["post-8428","post","type-post","status-publish","format-standard","hentry","category-allgemein"],"_links":{"self":[{"href":"https:\/\/www.ssv-senftenberg.de\/konzept\/wp-json\/wp\/v2\/posts\/8428","targetHints":{"allow":["GET"]}}],"collection":[{"href":"https:\/\/www.ssv-senftenberg.de\/konzept\/wp-json\/wp\/v2\/posts"}],"about":[{"href":"https:\/\/www.ssv-senftenberg.de\/konzept\/wp-json\/wp\/v2\/types\/post"}],"author":[{"embeddable":true,"href":"https:\/\/www.ssv-senftenberg.de\/konzept\/wp-json\/wp\/v2\/users\/9"}],"replies":[{"embeddable":true,"href":"https:\/\/www.ssv-senftenberg.de\/konzept\/wp-json\/wp\/v2\/comments?post=8428"}],"version-history":[{"count":3,"href":"https:\/\/www.ssv-senftenberg.de\/konzept\/wp-json\/wp\/v2\/posts\/8428\/revisions"}],"predecessor-version":[{"id":8435,"href":"https:\/\/www.ssv-senftenberg.de\/konzept\/wp-json\/wp\/v2\/posts\/8428\/revisions\/8435"}],"wp:attachment":[{"href":"https:\/\/www.ssv-senftenberg.de\/konzept\/wp-json\/wp\/v2\/media?parent=8428"}],"wp:term":[{"taxonomy":"category","embeddable":true,"href":"https:\/\/www.ssv-senftenberg.de\/konzept\/wp-json\/wp\/v2\/categories?post=8428"},{"taxonomy":"post_tag","embeddable":true,"href":"https:\/\/www.ssv-senftenberg.de\/konzept\/wp-json\/wp\/v2\/tags?post=8428"}],"curies":[{"name":"wp","href":"https:\/\/api.w.org\/{rel}","templated":true}]}}