{"id":8438,"date":"2024-06-27T12:58:46","date_gmt":"2024-06-27T10:58:46","guid":{"rendered":"https:\/\/www.ssv-senftenberg.de\/konzept\/?p=8438"},"modified":"2024-06-27T13:41:41","modified_gmt":"2024-06-27T11:41:41","slug":"talente-wettkampf-i-08-juni-2024-in-cottbus","status":"publish","type":"post","link":"https:\/\/www.ssv-senftenberg.de\/konzept\/talente-wettkampf-i-08-juni-2024-in-cottbus\/","title":{"rendered":"Talente Wettkampf I 08. Juni 2024 in Cottbus"},"content":{"rendered":"<p><img loading=\"lazy\" decoding=\"async\" class=\"alignnone size-full wp-image-8440\" src=\"https:\/\/www.ssv-senftenberg.de\/konzept\/wp-content\/uploads\/2024\/06\/IMG-20240608-WA0055.jpg\" alt=\"\" width=\"2048\" height=\"1536\" srcset=\"https:\/\/www.ssv-senftenberg.de\/konzept\/wp-content\/uploads\/2024\/06\/IMG-20240608-WA0055.jpg 2048w, https:\/\/www.ssv-senftenberg.de\/konzept\/wp-content\/uploads\/2024\/06\/IMG-20240608-WA0055-300x225.jpg 300w, https:\/\/www.ssv-senftenberg.de\/konzept\/wp-content\/uploads\/2024\/06\/IMG-20240608-WA0055-1024x768.jpg 1024w, https:\/\/www.ssv-senftenberg.de\/konzept\/wp-content\/uploads\/2024\/06\/IMG-20240608-WA0055-768x576.jpg 768w, https:\/\/www.ssv-senftenberg.de\/konzept\/wp-content\/uploads\/2024\/06\/IMG-20240608-WA0055-1536x1152.jpg 1536w\" sizes=\"auto, (max-width: 767px) 89vw, (max-width: 1000px) 54vw, (max-width: 1071px) 543px, 580px\" \/><\/p>\n<p>Am 8.6.2024 fand wieder einmal der Talente WK in Cottbus statt. Hier haben sich die J\u00fcngsten in den Altersklassen von 2012-2019 in allen Schwimmarten in der ganzen Lage in den 25m und 50m Strecken, sowie auch als Beine Wettkampf in den Strecken 25m und 50m, also in insgesamt 51 Wettk\u00e4mpfen, gemessen.<!--more--><\/p>\n<p><span style=\"font-size: 1rem;\">So mussten zum Teil Aktive, Trainer, Wettkampfrichter und auch Angeh\u00f6rige der Aktiven von 9:00 -18:00 Uhr in der Schwimmhalle &#8222;Lagune&#8220; ausharren und nat\u00fcrlich anfeuern.<\/span><\/p>\n<p><span style=\"font-size: 1rem;\">Ein langer Tag auch f\u00fcr unsere 23 Sportler. Gegen insgesamt 13 andere Vereine aus Brandenburg, Berlin und Sachsen mussten sie antreten und haben gute Leistungen gezeigt. Es wurden Bestleistungen geschwommen und sogar Medaillen gewonnen.<\/span><\/p>\n<p><img loading=\"lazy\" decoding=\"async\" class=\"alignnone size-full wp-image-8439\" src=\"https:\/\/www.ssv-senftenberg.de\/konzept\/wp-content\/uploads\/2024\/06\/IMG-20240608-WA0052.jpg\" alt=\"\" width=\"1536\" height=\"2048\" srcset=\"https:\/\/www.ssv-senftenberg.de\/konzept\/wp-content\/uploads\/2024\/06\/IMG-20240608-WA0052.jpg 1536w, https:\/\/www.ssv-senftenberg.de\/konzept\/wp-content\/uploads\/2024\/06\/IMG-20240608-WA0052-225x300.jpg 225w, https:\/\/www.ssv-senftenberg.de\/konzept\/wp-content\/uploads\/2024\/06\/IMG-20240608-WA0052-768x1024.jpg 768w, https:\/\/www.ssv-senftenberg.de\/konzept\/wp-content\/uploads\/2024\/06\/IMG-20240608-WA0052-1152x1536.jpg 1152w\" sizes=\"auto, (max-width: 767px) 89vw, (max-width: 1000px) 54vw, (max-width: 1071px) 543px, 580px\" \/><\/p>\n<p><span style=\"font-size: 1rem;\">Es gewannen Aiven Fr\u00f6hnel 1x Gold- und 2x Silbermedaillen, Rebecca Hoffmann 2x Silbermedaillen. Bronze erhielten Anna Hoffmann, Neele Fischer, Charlotte Muschter, Moritz Ziesche und Moritz Jossa.<\/span><\/p>\n<p><span style=\"font-size: 1rem;\">Die Weiteren Platzierungen stimmten uns Trainer ebenso stolz. Die Stimmung in unserer Gruppe war voller Energie, alle waren motiviert und hatten zum Teil auch kaum Zeit eine l\u00e4ngere Pause zu machen, da bis zu 6 Starts f\u00fcr jeden Sportler m\u00f6glich waren.<\/span><\/p>\n<p>Eine Zusammenfassung der <a href=\"https:\/\/ssv-senftenberg.webclub.app\/oeffentlich-ergebnisse.php?openid=80\">Ergebnisse<\/a> unserer Sportler sowie das gesamte Protokoll gibt es in unserem <a href=\"https:\/\/ssv-senftenberg.webclub.app\/oeffentlich-ergebnisse.php?openid=80\">Webclub<\/a>.<\/p>\n<p>Vielen Dank an Hendrik Just, f\u00fcr die Unterst\u00fctzung als Wettkampfrichter an diesem Tag. Zur erfolgreichen Durchf\u00fchrung solcher Wettk\u00e4mpfe suchen wir Wettkampfrichter, die uns unterst\u00fctzen m\u00f6chten.<\/p>\n<p>Dies k\u00f6nnen auch gern Eltern sein, die nicht nur von der Trib\u00fcne zuschauen m\u00f6chten, sondern mitten drin dabei sein wollen. <em>(<a href=\"https:\/\/www.ssv-senftenberg.de\/konzept\/trainer-wettkampfrichter-werden#Wettkampfrichter\">\u2013&gt; Wie werde ich Wettkampfrichter?<\/a>)<\/em><\/p>\n<p><span style=\"font-size: 1rem;\">Sportliche Gr\u00fc\u00dfe<\/span><br \/>\n<strong style=\"font-size: 1rem;\">Antje Lukas<\/strong><br \/>\n<em style=\"font-size: 1rem;\">Schwimmerin &amp; Trainerin Jhg. 2014 \u2013 2018<\/em><\/p>\n","protected":false},"excerpt":{"rendered":"<p>Am 8.6.2024 fand wieder einmal der Talente WK in Cottbus statt. Hier haben sich die J\u00fcngsten in den Altersklassen von 2012-2019 in allen Schwimmarten in der ganzen Lage in den 25m und 50m Strecken, sowie auch als Beine Wettkampf in den Strecken 25m und 50m, also in insgesamt 51 Wettk\u00e4mpfen, gemessen.<\/p>\n","protected":false},"author":9,"featured_media":0,"comment_status":"closed","ping_status":"closed","sticky":false,"template":"","format":"standard","meta":{"footnotes":""},"categories":[1,18],"tags":[],"class_list":["post-8438","post","type-post","status-publish","format-standard","hentry","category-allgemein","category-wk-bericht"],"_links":{"self":[{"href":"https:\/\/www.ssv-senftenberg.de\/konzept\/wp-json\/wp\/v2\/posts\/8438","targetHints":{"allow":["GET"]}}],"collection":[{"href":"https:\/\/www.ssv-senftenberg.de\/konzept\/wp-json\/wp\/v2\/posts"}],"about":[{"href":"https:\/\/www.ssv-senftenberg.de\/konzept\/wp-json\/wp\/v2\/types\/post"}],"author":[{"embeddable":true,"href":"https:\/\/www.ssv-senftenberg.de\/konzept\/wp-json\/wp\/v2\/users\/9"}],"replies":[{"embeddable":true,"href":"https:\/\/www.ssv-senftenberg.de\/konzept\/wp-json\/wp\/v2\/comments?post=8438"}],"version-history":[{"count":19,"href":"https:\/\/www.ssv-senftenberg.de\/konzept\/wp-json\/wp\/v2\/posts\/8438\/revisions"}],"predecessor-version":[{"id":8470,"href":"https:\/\/www.ssv-senftenberg.de\/konzept\/wp-json\/wp\/v2\/posts\/8438\/revisions\/8470"}],"wp:attachment":[{"href":"https:\/\/www.ssv-senftenberg.de\/konzept\/wp-json\/wp\/v2\/media?parent=8438"}],"wp:term":[{"taxonomy":"category","embeddable":true,"href":"https:\/\/www.ssv-senftenberg.de\/konzept\/wp-json\/wp\/v2\/categories?post=8438"},{"taxonomy":"post_tag","embeddable":true,"href":"https:\/\/www.ssv-senftenberg.de\/konzept\/wp-json\/wp\/v2\/tags?post=8438"}],"curies":[{"name":"wp","href":"https:\/\/api.w.org\/{rel}","templated":true}]}}