{"id":8458,"date":"2024-06-27T13:17:02","date_gmt":"2024-06-27T11:17:02","guid":{"rendered":"https:\/\/www.ssv-senftenberg.de\/konzept\/?p=8458"},"modified":"2024-06-27T13:39:32","modified_gmt":"2024-06-27T11:39:32","slug":"offene-thueringische-landesmeisterschaft-i-15-16-06-2024","status":"publish","type":"post","link":"https:\/\/www.ssv-senftenberg.de\/konzept\/offene-thueringische-landesmeisterschaft-i-15-16-06-2024\/","title":{"rendered":"Offene Th\u00fcringische Landesmeisterschaft I 15. &#8211; 16.06.2024"},"content":{"rendered":"<p><img loading=\"lazy\" decoding=\"async\" class=\"alignnone wp-image-8459 size-full\" src=\"https:\/\/www.ssv-senftenberg.de\/konzept\/wp-content\/uploads\/2024\/06\/picture-scaled-e1719488156634.jpg\" alt=\"\" width=\"2120\" height=\"985\" srcset=\"https:\/\/www.ssv-senftenberg.de\/konzept\/wp-content\/uploads\/2024\/06\/picture-scaled-e1719488156634.jpg 2120w, https:\/\/www.ssv-senftenberg.de\/konzept\/wp-content\/uploads\/2024\/06\/picture-scaled-e1719488156634-300x139.jpg 300w, https:\/\/www.ssv-senftenberg.de\/konzept\/wp-content\/uploads\/2024\/06\/picture-scaled-e1719488156634-1024x476.jpg 1024w, https:\/\/www.ssv-senftenberg.de\/konzept\/wp-content\/uploads\/2024\/06\/picture-scaled-e1719488156634-768x357.jpg 768w, https:\/\/www.ssv-senftenberg.de\/konzept\/wp-content\/uploads\/2024\/06\/picture-scaled-e1719488156634-1536x714.jpg 1536w, https:\/\/www.ssv-senftenberg.de\/konzept\/wp-content\/uploads\/2024\/06\/picture-scaled-e1719488156634-2048x952.jpg 2048w\" sizes=\"auto, (max-width: 767px) 89vw, (max-width: 1000px) 54vw, (max-width: 1071px) 543px, 580px\" \/><\/p>\n<p>Eine Landesmeisterschaft jagt die n\u00e4chste, vom 15. bis 16. Juni ging es f\u00fcr unsere Schwimmerinnen und Schwimmer nach Erfurt zu den offenen Th\u00fcringischen Landesmeisterschaften. In der 50m Roland-Matthes-Halle schwammen sie um die Titel des Landesmeisters und des Kinderlandesmeisters.<!--more--><\/p>\n<p>Und das mit Erfolg, Nino Laurin Steinborn sicherte sich nach langer Wettkampfpause den Titel Th\u00fcringer Meister \u00fcber 50m Brust und das mit einer Zeit von 29,70 sek.<\/p>\n<p>Auch Oliver Hoffmann schwamm sich gleich sechs Mal in das Kinderfinale und konnte sich zus\u00e4tzlich \u00fcber den dritten Platz \u00fcber 200m Lagen sowie\u00a0 100m R\u00fccken in seiner Jahrgangsklasse mit einer neuen Bestzeit von 1:22,49 min freuen.<\/p>\n<p>Martin Schulz und Luise Thie\u00df gl\u00e4nzten an dem Wochenende ebenfalls mit Top Zeiten, sodass Luise sich in ihrer Jahrgangsstufe \u00fcber den 3. Platz von 200m Lagen sichern konnte, ebenfalls mit einer neuen Bestzeit von 3:04,54 sek.<\/p>\n<p>Neben den alten Wettkampfhasen schwamm Timo Schorten das erste Mal bei einer Landesmeisterschaft mit und stand zusammen mit Martin Schultz auf dem Treppchen f\u00fcr 50m R\u00fccken in ihrer Jahrgangsgruppe (2. &amp; 3. Platz). Timo konnte den ganzen Wettkampf \u00fcber zeigen, was er kann und best\u00e4tigte dies mit einigen Bestzeiten, wie auch \u00fcber 50m Kraul mit flotten 30,15 sek.<\/p>\n<p>Auch Anna Schulz kam nach langer zeit wieder mit zu einem gro\u00dfen Wettkampf und konnte sich neben ihrem Finallauf \u00fcber 50m Brust auch \u00fcber eine Bestzeit von 3:30,80 min. in 200m Brust freuen.<\/p>\n<p>Eine Zusammenfassung der <a href=\"https:\/\/ssv-senftenberg.webclub.app\/oeffentlich-ergebnisse.php?openid=79\">Ergebnisse<\/a> unserer Sportler sowie das gesamte Protokoll gibt es in unserem <a href=\"https:\/\/ssv-senftenberg.webclub.app\/oeffentlich-ergebnisse.php?openid=79\">Webclub<\/a>.<\/p>\n<p>Neben den schwimmerischen Erfolgen hatten wir am Wochenende eine Vereinsbegegnung der besonderen Art am Beckenrand. Denn als Julius Sch\u00f6nheid f\u00fcr den Finallauf \u00fcber 100m R\u00fccken einlief, jubelten gleich vier Vereine f\u00fcr ihn. Der SV Gera mit dem ehem. Mitglied Erwin Joike, das Schwimmteam vom 1. FCN Schwimmen aus N\u00fcrnberg, die Trainingsgruppe von Julius, der SV Spremberg mit Stammwettkampfgruppe von Beata Maurer und sein Heimatverein, der SSV Senftenberg, alle fieberten vereint mit.<\/p>\n<p>Schon zum zweiten Mal in diesem Jahr fanden wir uns in solch gro\u00dfer Gruppe zusammen und zeigten Sportgeist den gesamten Wettkampf \u00fcber und dar\u00fcber hinaus und feuerten gemeinsam unsere Schwimmerinnen und Schwimmer an.<\/p>\n<p>Sportliche Gr\u00fc\u00dfe<br \/>\n<strong>Carlotta Just<\/strong><br \/>\n<em>Trainerin Jhg 2006 &#8211; 2012<\/em><\/p>\n<p>&nbsp;<\/p>\n","protected":false},"excerpt":{"rendered":"<p>Eine Landesmeisterschaft jagt die n\u00e4chste, vom 15. bis 16. Juni ging es f\u00fcr unsere Schwimmerinnen und Schwimmer nach Erfurt zu den offenen Th\u00fcringischen Landesmeisterschaften. In der 50m Roland-Matthes-Halle schwammen sie um die Titel des Landesmeisters und des Kinderlandesmeisters.<\/p>\n","protected":false},"author":9,"featured_media":0,"comment_status":"closed","ping_status":"closed","sticky":false,"template":"","format":"standard","meta":{"footnotes":""},"categories":[1,18],"tags":[],"class_list":["post-8458","post","type-post","status-publish","format-standard","hentry","category-allgemein","category-wk-bericht"],"_links":{"self":[{"href":"https:\/\/www.ssv-senftenberg.de\/konzept\/wp-json\/wp\/v2\/posts\/8458","targetHints":{"allow":["GET"]}}],"collection":[{"href":"https:\/\/www.ssv-senftenberg.de\/konzept\/wp-json\/wp\/v2\/posts"}],"about":[{"href":"https:\/\/www.ssv-senftenberg.de\/konzept\/wp-json\/wp\/v2\/types\/post"}],"author":[{"embeddable":true,"href":"https:\/\/www.ssv-senftenberg.de\/konzept\/wp-json\/wp\/v2\/users\/9"}],"replies":[{"embeddable":true,"href":"https:\/\/www.ssv-senftenberg.de\/konzept\/wp-json\/wp\/v2\/comments?post=8458"}],"version-history":[{"count":2,"href":"https:\/\/www.ssv-senftenberg.de\/konzept\/wp-json\/wp\/v2\/posts\/8458\/revisions"}],"predecessor-version":[{"id":8469,"href":"https:\/\/www.ssv-senftenberg.de\/konzept\/wp-json\/wp\/v2\/posts\/8458\/revisions\/8469"}],"wp:attachment":[{"href":"https:\/\/www.ssv-senftenberg.de\/konzept\/wp-json\/wp\/v2\/media?parent=8458"}],"wp:term":[{"taxonomy":"category","embeddable":true,"href":"https:\/\/www.ssv-senftenberg.de\/konzept\/wp-json\/wp\/v2\/categories?post=8458"},{"taxonomy":"post_tag","embeddable":true,"href":"https:\/\/www.ssv-senftenberg.de\/konzept\/wp-json\/wp\/v2\/tags?post=8458"}],"curies":[{"name":"wp","href":"https:\/\/api.w.org\/{rel}","templated":true}]}}