{"id":8461,"date":"2024-06-27T13:19:56","date_gmt":"2024-06-27T11:19:56","guid":{"rendered":"https:\/\/www.ssv-senftenberg.de\/konzept\/?p=8461"},"modified":"2024-10-15T14:20:34","modified_gmt":"2024-10-15T12:20:34","slug":"8461-2","status":"publish","type":"post","link":"https:\/\/www.ssv-senftenberg.de\/konzept\/8461-2\/","title":{"rendered":""},"content":{"rendered":"<p><img loading=\"lazy\" decoding=\"async\" class=\"alignnone size-full wp-image-8462\" src=\"https:\/\/www.ssv-senftenberg.de\/konzept\/wp-content\/uploads\/2024\/06\/Saison-Abschluss-Webseite_20240626_124905_0000.png\" alt=\"\" width=\"940\" height=\"788\" srcset=\"https:\/\/www.ssv-senftenberg.de\/konzept\/wp-content\/uploads\/2024\/06\/Saison-Abschluss-Webseite_20240626_124905_0000.png 940w, https:\/\/www.ssv-senftenberg.de\/konzept\/wp-content\/uploads\/2024\/06\/Saison-Abschluss-Webseite_20240626_124905_0000-300x251.png 300w, https:\/\/www.ssv-senftenberg.de\/konzept\/wp-content\/uploads\/2024\/06\/Saison-Abschluss-Webseite_20240626_124905_0000-768x644.png 768w\" sizes=\"auto, (max-width: 767px) 89vw, (max-width: 1000px) 54vw, (max-width: 1071px) 543px, 580px\" \/><\/p>\n<p>Liebe Mitglieder des SSV Senftenberg,<\/p>\n<p>wir m\u00f6chten euch herzlich zum diesj\u00e4hrigen Saisonabschluss einladen! Es ist Zeit, gemeinsam das Ende der Saison zu feiern und einen sch\u00f6nen Nachmittag miteinander zu verbringen.<\/p>\n<p>Datum: 15.07.2024<br \/>\nUhrzeit: ab 16:00 Uhr<br \/>\nOrt:\u00a0<a href=\"https:\/\/maps.app.goo.gl\/VPBP1bZ36GuPfztk7\">Wegbeschreibung<\/a><\/p>\n<p>Bitte tragt euch bis <strong>08.07.2024<\/strong> \u00fcber folgenden Link ein, um mitzuteilen, ob ihr kommt und was ihr zum Buffet beisteuern m\u00f6chtet: <a href=\"https:\/\/docs.google.com\/forms\/d\/e\/1FAIpQLSffHnU6NHgW5VoGByjOcgNBrvTLzMOJcgZVRVl7lKuBJB6OwQ\/viewform\">Anmeldung Saisonabschluss<\/a><\/p>\n<p>Wir freuen uns auf einen gem\u00fctlichen und geselligen Abschluss der Saison!<\/p>\n<p>Sportliche Gr\u00fc\u00dfe,<br \/>\n<strong>der Vorstand<\/strong><\/p>\n","protected":false},"excerpt":{"rendered":"<p>Liebe Mitglieder des SSV Senftenberg, wir m\u00f6chten euch herzlich zum diesj\u00e4hrigen Saisonabschluss einladen! Es ist Zeit, gemeinsam das Ende der Saison zu feiern und einen sch\u00f6nen Nachmittag miteinander zu verbringen. Datum: 15.07.2024 Uhrzeit: ab 16:00 Uhr Ort:\u00a0Wegbeschreibung Bitte tragt euch bis 08.07.2024 \u00fcber folgenden Link ein, um mitzuteilen, ob ihr kommt und was ihr zum &hellip; <\/p>\n<p class=\"link-more\"><a href=\"https:\/\/www.ssv-senftenberg.de\/konzept\/8461-2\/\" class=\"more-link\"><span class=\"screen-reader-text\">\u201e\u201c <\/span>weiterlesen<\/a><\/p>\n","protected":false},"author":9,"featured_media":0,"comment_status":"closed","ping_status":"closed","sticky":false,"template":"","format":"standard","meta":{"footnotes":""},"categories":[1],"tags":[],"class_list":["post-8461","post","type-post","status-publish","format-standard","hentry","category-allgemein"],"_links":{"self":[{"href":"https:\/\/www.ssv-senftenberg.de\/konzept\/wp-json\/wp\/v2\/posts\/8461","targetHints":{"allow":["GET"]}}],"collection":[{"href":"https:\/\/www.ssv-senftenberg.de\/konzept\/wp-json\/wp\/v2\/posts"}],"about":[{"href":"https:\/\/www.ssv-senftenberg.de\/konzept\/wp-json\/wp\/v2\/types\/post"}],"author":[{"embeddable":true,"href":"https:\/\/www.ssv-senftenberg.de\/konzept\/wp-json\/wp\/v2\/users\/9"}],"replies":[{"embeddable":true,"href":"https:\/\/www.ssv-senftenberg.de\/konzept\/wp-json\/wp\/v2\/comments?post=8461"}],"version-history":[{"count":4,"href":"https:\/\/www.ssv-senftenberg.de\/konzept\/wp-json\/wp\/v2\/posts\/8461\/revisions"}],"predecessor-version":[{"id":8473,"href":"https:\/\/www.ssv-senftenberg.de\/konzept\/wp-json\/wp\/v2\/posts\/8461\/revisions\/8473"}],"wp:attachment":[{"href":"https:\/\/www.ssv-senftenberg.de\/konzept\/wp-json\/wp\/v2\/media?parent=8461"}],"wp:term":[{"taxonomy":"category","embeddable":true,"href":"https:\/\/www.ssv-senftenberg.de\/konzept\/wp-json\/wp\/v2\/categories?post=8461"},{"taxonomy":"post_tag","embeddable":true,"href":"https:\/\/www.ssv-senftenberg.de\/konzept\/wp-json\/wp\/v2\/tags?post=8461"}],"curies":[{"name":"wp","href":"https:\/\/api.w.org\/{rel}","templated":true}]}}