{"id":8497,"date":"2024-08-15T14:39:52","date_gmt":"2024-08-15T12:39:52","guid":{"rendered":"https:\/\/www.ssv-senftenberg.de\/konzept\/?p=8497"},"modified":"2024-12-02T22:48:24","modified_gmt":"2024-12-02T21:48:24","slug":"potsdamer-pokalmeeting-alter-fritz-i-13-07-bis-14-07-2024","status":"publish","type":"post","link":"https:\/\/www.ssv-senftenberg.de\/konzept\/potsdamer-pokalmeeting-alter-fritz-i-13-07-bis-14-07-2024\/","title":{"rendered":"Potsdamer Pokalmeeting &#8222;Alter Fritz&#8220; I 13.07. bis 14.07.2024"},"content":{"rendered":"<p><img loading=\"lazy\" decoding=\"async\" class=\"alignnone wp-image-8498 \" src=\"https:\/\/www.ssv-senftenberg.de\/konzept\/wp-content\/uploads\/2024\/10\/Bild1-e1733176091548.jpg\" alt=\"\" width=\"560\" height=\"285\" \/><\/p>\n<p><span style=\"font-weight: 400;\">Der Potsdamer Schwimmverband lud zum letzten Wettkampf der Saison ein und wir waren wie jedes Jahr wieder mit dabei! <\/span><\/p>\n<p><span style=\"font-weight: 400;\">Am Wochenende vom 13. bis 14. Juli 2024 fand in der Schwimmhalle blu in Potsdam das allj\u00e4hrliche Pokalmeeting \u201cAlter Fritz\u201d statt. Neben der Pokalwertung wurden auch gleichzeitig die Landesmeisterehrungen in der offenen Klasse sowie in den Jahrgangswertungen in den Strecken \u00fcber 200m ausgetragen.<\/span><!--more--><\/p>\n<p><span style=\"font-weight: 400;\">Wir fuhren mit sieben Schwimmerinnen und Schwimmern nach Potsdam, sogar die Trainer wagten eine Meldung. Leider musste Christian Hahn voll als Wettkampfrichter einspringen, damit der Wettkampf ordnungsgem\u00e4\u00df durchgef\u00fchrt werden konnte, auch Carlotta Just sprang ab dem zweiten Abschnitt mit ein.<\/span><\/p>\n<p><span style=\"font-weight: 400;\">Der Wettkampf startete direkt mit Bestzeiten \u00fcber die 100m Schmetterling: Oliver Hoffmann erschwamm sich mit der Zeit von 1:20,75 min den dritten Platz, \u00fcber 50m sicherte er sich ebenfalls eine neue Bestzeit von 34,55 sek sowie die Silbermedaille. Auch Luise Thie\u00df konnte sich gleich \u00fcber zwei eine neue Bestzeiten freuen: 1:23,21 min \u00fcber 100m und eine 34,55 sek \u00fcber die 50m Schmetterling. Martin Schultz wagte sich einen Wettkampf sp\u00e4ter an die 200m R\u00fccken und durfte mit einer neuen Bestzeit von 2:52,13 min auf das Siegertreppchen f\u00fcr den 2. Platz. Daraufhin erreichten \u00fcber die 50m Brust Timo Schorten mit einer neuen Bestzeit von 39,93 sek den 2. Platz in seinem Jahrgang und Carlotta Just nach langer Wettkampfpause den 1. Platz in der Landesmeister Wertung 2005 und \u00e4lter. Auch Hendrik Just sprang mal wieder in das Wasser eines 50m Beckens und musste sich gegen\u00fcber Olympia-Schwimmer Christian Diener behaupten. Schneller als Diener war er zwar nicht, aber im Super-Lauf \u00fcber 50m Freistil schwamm der Trainer immer noch schneller als seine Kids, mit einer Zeit von 30,16 sek.<\/span><\/p>\n<p><span style=\"font-weight: 400;\">Der Wettkampf in Potsdam ist jedes Mal ein kleines Highlight zum Saisonabschluss und es ist uns gut gelungen. Wir freuen uns auf die n\u00e4chste Saison!<\/span><\/p>\n<p><img loading=\"lazy\" decoding=\"async\" class=\"alignnone size-full wp-image-8499\" src=\"https:\/\/www.ssv-senftenberg.de\/konzept\/wp-content\/uploads\/2024\/10\/Bild2.jpg\" alt=\"\" width=\"204\" height=\"307\" srcset=\"https:\/\/www.ssv-senftenberg.de\/konzept\/wp-content\/uploads\/2024\/10\/Bild2.jpg 204w, https:\/\/www.ssv-senftenberg.de\/konzept\/wp-content\/uploads\/2024\/10\/Bild2-199x300.jpg 199w\" sizes=\"auto, (max-width: 204px) 100vw, 204px\" \/><\/p>\n<p><span style=\"font-weight: 400;\">Sportliche Gr\u00fc\u00dfe<\/span><br \/>\n<strong>Carlotta Just<\/strong><br \/>\n<em><span style=\"font-weight: 400;\">Trainerin Jhg 2006-2012<\/span><\/em><\/p>\n","protected":false},"excerpt":{"rendered":"<p>Der Potsdamer Schwimmverband lud zum letzten Wettkampf der Saison ein und wir waren wie jedes Jahr wieder mit dabei! Am Wochenende vom 13. bis 14. Juli 2024 fand in der Schwimmhalle blu in Potsdam das allj\u00e4hrliche Pokalmeeting \u201cAlter Fritz\u201d statt. Neben der Pokalwertung wurden auch gleichzeitig die Landesmeisterehrungen in der offenen Klasse sowie in den &hellip; <\/p>\n<p class=\"link-more\"><a href=\"https:\/\/www.ssv-senftenberg.de\/konzept\/potsdamer-pokalmeeting-alter-fritz-i-13-07-bis-14-07-2024\/\" class=\"more-link\"><span class=\"screen-reader-text\">\u201ePotsdamer Pokalmeeting &#8222;Alter Fritz&#8220; I 13.07. bis 14.07.2024\u201c <\/span>weiterlesen<\/a><\/p>\n","protected":false},"author":9,"featured_media":0,"comment_status":"closed","ping_status":"closed","sticky":false,"template":"","format":"standard","meta":{"footnotes":""},"categories":[1,18],"tags":[],"class_list":["post-8497","post","type-post","status-publish","format-standard","hentry","category-allgemein","category-wk-bericht"],"_links":{"self":[{"href":"https:\/\/www.ssv-senftenberg.de\/konzept\/wp-json\/wp\/v2\/posts\/8497","targetHints":{"allow":["GET"]}}],"collection":[{"href":"https:\/\/www.ssv-senftenberg.de\/konzept\/wp-json\/wp\/v2\/posts"}],"about":[{"href":"https:\/\/www.ssv-senftenberg.de\/konzept\/wp-json\/wp\/v2\/types\/post"}],"author":[{"embeddable":true,"href":"https:\/\/www.ssv-senftenberg.de\/konzept\/wp-json\/wp\/v2\/users\/9"}],"replies":[{"embeddable":true,"href":"https:\/\/www.ssv-senftenberg.de\/konzept\/wp-json\/wp\/v2\/comments?post=8497"}],"version-history":[{"count":5,"href":"https:\/\/www.ssv-senftenberg.de\/konzept\/wp-json\/wp\/v2\/posts\/8497\/revisions"}],"predecessor-version":[{"id":8531,"href":"https:\/\/www.ssv-senftenberg.de\/konzept\/wp-json\/wp\/v2\/posts\/8497\/revisions\/8531"}],"wp:attachment":[{"href":"https:\/\/www.ssv-senftenberg.de\/konzept\/wp-json\/wp\/v2\/media?parent=8497"}],"wp:term":[{"taxonomy":"category","embeddable":true,"href":"https:\/\/www.ssv-senftenberg.de\/konzept\/wp-json\/wp\/v2\/categories?post=8497"},{"taxonomy":"post_tag","embeddable":true,"href":"https:\/\/www.ssv-senftenberg.de\/konzept\/wp-json\/wp\/v2\/tags?post=8497"}],"curies":[{"name":"wp","href":"https:\/\/api.w.org\/{rel}","templated":true}]}}