{"id":8513,"date":"2024-10-19T17:25:01","date_gmt":"2024-10-19T15:25:01","guid":{"rendered":"https:\/\/www.ssv-senftenberg.de\/konzept\/?p=8513"},"modified":"2024-12-02T22:46:41","modified_gmt":"2024-12-02T21:46:41","slug":"gera-stadtmeisterschaften","status":"publish","type":"post","link":"https:\/\/www.ssv-senftenberg.de\/konzept\/gera-stadtmeisterschaften\/","title":{"rendered":"32. Geraer Stadtmeisterschaften am 19. Oktober 2024"},"content":{"rendered":"<p><img loading=\"lazy\" decoding=\"async\" class=\"alignnone size-full wp-image-8514\" src=\"https:\/\/www.ssv-senftenberg.de\/konzept\/wp-content\/uploads\/2024\/11\/WhatsApp-Image-2024-11-18-at-17.16.00.jpeg\" alt=\"\" width=\"2048\" height=\"1366\" srcset=\"https:\/\/www.ssv-senftenberg.de\/konzept\/wp-content\/uploads\/2024\/11\/WhatsApp-Image-2024-11-18-at-17.16.00.jpeg 2048w, https:\/\/www.ssv-senftenberg.de\/konzept\/wp-content\/uploads\/2024\/11\/WhatsApp-Image-2024-11-18-at-17.16.00-300x200.jpeg 300w, https:\/\/www.ssv-senftenberg.de\/konzept\/wp-content\/uploads\/2024\/11\/WhatsApp-Image-2024-11-18-at-17.16.00-1024x683.jpeg 1024w, https:\/\/www.ssv-senftenberg.de\/konzept\/wp-content\/uploads\/2024\/11\/WhatsApp-Image-2024-11-18-at-17.16.00-768x512.jpeg 768w, https:\/\/www.ssv-senftenberg.de\/konzept\/wp-content\/uploads\/2024\/11\/WhatsApp-Image-2024-11-18-at-17.16.00-1536x1025.jpeg 1536w\" sizes=\"auto, (max-width: 767px) 89vw, (max-width: 1000px) 54vw, (max-width: 1071px) 543px, 580px\" \/><\/p>\n<p>Am 19. Oktober konnte im Hofwiesenbad die 32. Geraer Stadtmeisterschaften Platz in unserem Wettkampfkalender finden. Auf Einladung von Erwin Joike sind wir zusammen mit dem Spremberger Schwimmverein 16 Sportlerinnen und Sportler am Beckenrand aufstellen.<!--more--><\/p>\n<p>Unsere sechs Schwimmerinnen und Schwimmer haben einen tollen Wettkampf abliefern und auch einige Male aufs Treppchen steigen. Oliver Hoffmann begann direkt mit 50m Brust und konnte mit einer Zeit von 00:42,89 sek. den dritten Platz erreichen. Darauf folgte direkt Luise Thie\u00df mit einem zweiten Platz \u00fcber 100m R\u00fccken in 01:24,78 min. Emma Joike tat es ihr nach langer Wettkampfpause gleich und erschwamm sich ebenfalls einen zweiten Platz mit einer Zeit von 1:33,11 min. Ebenso schaffte es Martin Schultz auf 100m R\u00fccken eine 1:18,59 min. zu schwimmen und sich somit den ersten Platz zu sichern. Genauso sicherte er sich mit einer zeit von 1:07,48 \u00fcber 100m Freistil den zweiten Platz.<\/p>\n<p>Im zweiten Abschnitt holte sich Emma Joike dann auch \u00fcber 50m R\u00fccken in 00:41,07 sek. den zweiten Platz. Oliver Hoffmann tat es ihr dann gleich und erschwamm sich in 00:38,51 sek. Ebenfalls den zweiten Platz. Timo Schroten beendete den gang zum Treppchen mit einem zweiten Platz und einer Bestzeit \u00fcber 200m Lagen in 03:01,96 min.<\/p>\n<p>Wir sind stolz auf diesen erfolgreichen Wettkampf und freuen uns auf den n\u00e4chsten. Insgesamt konnten die Schwimmerinnen und Schwimmer \u00fcber zehn Medaillen nach Hause bringen.<\/p>\n\n\t\t<!-- MasterSlider -->\n\t\t<div id=\"P_MS69f4cb6d469ed\" class=\"master-slider-parent msl ms-parent-id-46\" style=\"max-width:800px;\">\n\n\t\t\t\n\t\t\t<!-- MasterSlider Main -->\n\t\t\t<div id=\"MS69f4cb6d469ed\" class=\"master-slider ms-skin-light-3\" >\n\t\t\t\t \t\t\t\t \n\t\t\t\t<div  class=\"ms-slide\" data-delay=\"3\" data-fill-mode=\"fill\"  >\n\t\t\t\t\t<img decoding=\"async\" src=\"https:\/\/www.ssv-senftenberg.de\/konzept\/wp-content\/plugins\/master-slider\/public\/assets\/css\/blank.gif\" alt=\"\" title=\"\" data-src=\"https:\/\/www.ssv-senftenberg.de\/konzept\/wp-content\/uploads\/2024\/10\/IMG_2881-scaled.jpg\" \/>\n\n\n\t<img decoding=\"async\" class=\"ms-thumb\" src=\"https:\/\/www.ssv-senftenberg.de\/konzept\/wp-content\/uploads\/2024\/10\/IMG_2881-scaled-140x80.jpg\" alt=\"\" \/>\n\t<div class=\"ms-thumb\" ><div class=\"ms-tab-context\"><div class=&quot;ms-tab-context&quot;><\/div><\/div>\n<\/div>\n\t\t\t\t<\/div>\n\t\t\t\t<div  class=\"ms-slide\" data-delay=\"3\" data-fill-mode=\"fill\"  >\n\t\t\t\t\t<img decoding=\"async\" src=\"https:\/\/www.ssv-senftenberg.de\/konzept\/wp-content\/plugins\/master-slider\/public\/assets\/css\/blank.gif\" alt=\"\" title=\"\" data-src=\"https:\/\/www.ssv-senftenberg.de\/konzept\/wp-content\/uploads\/2024\/10\/IMG_2318-2-scaled.jpg\" \/>\n\n\n\t<img decoding=\"async\" class=\"ms-thumb\" src=\"https:\/\/www.ssv-senftenberg.de\/konzept\/wp-content\/uploads\/2024\/10\/IMG_2318-2-scaled-140x80.jpg\" alt=\"\" \/>\n\t<div class=\"ms-thumb\" ><div class=\"ms-tab-context\"><div class=&quot;ms-tab-context&quot;><\/div><\/div>\n<\/div>\n\t\t\t\t<\/div>\n\t\t\t\t<div  class=\"ms-slide\" data-delay=\"3\" data-fill-mode=\"fill\"  >\n\t\t\t\t\t<img decoding=\"async\" src=\"https:\/\/www.ssv-senftenberg.de\/konzept\/wp-content\/plugins\/master-slider\/public\/assets\/css\/blank.gif\" alt=\"\" title=\"\" data-src=\"https:\/\/www.ssv-senftenberg.de\/konzept\/wp-content\/uploads\/2024\/10\/IMG_2862-scaled.jpg\" \/>\n\n\n\t<img decoding=\"async\" class=\"ms-thumb\" src=\"https:\/\/www.ssv-senftenberg.de\/konzept\/wp-content\/uploads\/2024\/10\/IMG_2862-scaled-140x80.jpg\" alt=\"\" \/>\n\t<div class=\"ms-thumb\" ><div class=\"ms-tab-context\"><div class=&quot;ms-tab-context&quot;><\/div><\/div>\n<\/div>\n\t\t\t\t<\/div>\n\t\t\t\t<div  class=\"ms-slide\" data-delay=\"3\" data-fill-mode=\"fill\"  >\n\t\t\t\t\t<img decoding=\"async\" src=\"https:\/\/www.ssv-senftenberg.de\/konzept\/wp-content\/plugins\/master-slider\/public\/assets\/css\/blank.gif\" alt=\"\" title=\"\" data-src=\"https:\/\/www.ssv-senftenberg.de\/konzept\/wp-content\/uploads\/2024\/10\/IMG_2730-scaled.jpg\" \/>\n\n\n\t<img decoding=\"async\" class=\"ms-thumb\" src=\"https:\/\/www.ssv-senftenberg.de\/konzept\/wp-content\/uploads\/2024\/10\/IMG_2730-scaled-140x80.jpg\" alt=\"\" \/>\n\t<div class=\"ms-thumb\" ><div class=\"ms-tab-context\"><div class=&quot;ms-tab-context&quot;><\/div><\/div>\n<\/div>\n\t\t\t\t<\/div>\n\t\t\t\t<div  class=\"ms-slide\" data-delay=\"3\" data-fill-mode=\"fill\"  >\n\t\t\t\t\t<img decoding=\"async\" src=\"https:\/\/www.ssv-senftenberg.de\/konzept\/wp-content\/plugins\/master-slider\/public\/assets\/css\/blank.gif\" alt=\"\" title=\"\" data-src=\"https:\/\/www.ssv-senftenberg.de\/konzept\/wp-content\/uploads\/2024\/11\/WhatsApp-Image-2024-11-18-at-17.16.00.jpeg\" \/>\n\n\n\t<img decoding=\"async\" class=\"ms-thumb\" src=\"https:\/\/www.ssv-senftenberg.de\/konzept\/wp-content\/uploads\/2024\/11\/WhatsApp-Image-2024-11-18-at-17.16.00-140x80.jpeg\" alt=\"\" \/>\n\t<div class=\"ms-thumb\" ><div class=\"ms-tab-context\"><div class=&quot;ms-tab-context&quot;><\/div><\/div>\n<\/div>\n\t\t\t\t<\/div>\n\t\t\t\t<div  class=\"ms-slide\" data-delay=\"3\" data-fill-mode=\"fill\"  >\n\t\t\t\t\t<img decoding=\"async\" src=\"https:\/\/www.ssv-senftenberg.de\/konzept\/wp-content\/plugins\/master-slider\/public\/assets\/css\/blank.gif\" alt=\"\" title=\"\" data-src=\"https:\/\/www.ssv-senftenberg.de\/konzept\/wp-content\/uploads\/2024\/11\/IMG_2350-scaled.jpg\" \/>\n\n\n\t<img decoding=\"async\" class=\"ms-thumb\" src=\"https:\/\/www.ssv-senftenberg.de\/konzept\/wp-content\/uploads\/2024\/11\/IMG_2350-scaled-140x80.jpg\" alt=\"\" \/>\n\t<div class=\"ms-thumb\" ><div class=\"ms-tab-context\"><div class=&quot;ms-tab-context&quot;><\/div><\/div>\n<\/div>\n\t\t\t\t<\/div>\n\n\t\t\t<\/div>\n\t\t\t<!-- END MasterSlider Main -->\n\n\t\t\t \n\t\t<\/div>\n\t\t<!-- END MasterSlider -->\n\n\t\t<script>\n\t\t(function ( $ ) {\n\t\t\t\"use strict\";\n\n\t\t\t$(function () {\n\t\t\t\tvar masterslider_69ed = new MasterSlider();\n\n\t\t\t\t\/\/ slider controls\n\t\t\t\tmasterslider_69ed.control('arrows'     ,{ autohide:false, overVideo:true  });\t\t\t\tmasterslider_69ed.control('bullets'    ,{ autohide:false, overVideo:true, dir:'h', align:'bottom' , margin:10  });\n\n\t\t\t\tmasterslider_69ed.control('thumblist'  ,{ autohide:false, overVideo:true, dir:'h', speed:17, inset:false, arrows:false, hover:false, customClass:'', align:'bottom',type:'thumbs', margin:5, width:140, height:80, space:5, fillMode:'fill'  });\n\t\t\t\tmasterslider_69ed.control('scrollbar'  ,{ autohide:false, overVideo:true, dir:'h', inset:true, align:'top', color:'#3D3D3D' , margin:10  , width:4 });\n\t\t\t\tmasterslider_69ed.control('circletimer',{ autohide:false, overVideo:true, color:'#A2A2A2', radius:4, stroke:10   });\n\t\t\t\tmasterslider_69ed.control('timebar'    ,{ autohide:false, overVideo:true, align:'bottom', color:'#FFFFFF'  , width:4 });\n\t\t\t\t\/\/ slider setup\n\t\t\t\tmasterslider_69ed.setup(\"MS69f4cb6d469ed\", {\n\t\t\t\t\t\twidth           : 800,\n\t\t\t\t\t\theight          : 480,\n\t\t\t\t\t\tminHeight       : 0,\n\t\t\t\t\t\tspace           : 0,\n\t\t\t\t\t\tstart           : 1,\n\t\t\t\t\t\tgrabCursor      : true,\n\t\t\t\t\t\tswipe           : true,\n\t\t\t\t\t\tmouse           : true,\n\t\t\t\t\t\tlayout          : \"boxed\",\n\t\t\t\t\t\twheel           : false,\n\t\t\t\t\t\tautoplay        : false,\n\t\t\t\t\t\tinstantStartLayers:false,\n\t\t\t\t\t\tloop            : false,\n\t\t\t\t\t\tshuffle         : false,\n\t\t\t\t\t\tpreload         : 0,\n\t\t\t\t\t\theightLimit     : true,\n\t\t\t\t\t\tautoHeight      : false,\n\t\t\t\t\t\tsmoothHeight    : true,\n\t\t\t\t\t\tendPause        : false,\n\t\t\t\t\t\toverPause       : true,\n\t\t\t\t\t\tfillMode        : \"fill\",\n\t\t\t\t\t\tcenterControls  : true,\n\t\t\t\t\t\tstartOnAppear   : false,\n\t\t\t\t\t\tlayersMode      : \"center\",\n\t\t\t\t\t\thideLayers      : false,\n\t\t\t\t\t\tfullscreenMargin: 0,\n\t\t\t\t\t\tspeed           : 20,\n\t\t\t\t\t\tdir             : \"h\",\n\t\t\t\t\t\tparallaxMode    : 'swipe',\n\t\t\t\t\t\tview            : \"basic\"\n\t\t\t\t});\n\n\t\t\t\t\n\t\t\t\twindow.masterslider_instances = window.masterslider_instances || [];\n\t\t\t\twindow.masterslider_instances.push( masterslider_69ed );\n\t\t\t });\n\n\t\t})(jQuery);\n\t\t<\/script>\n\n\n<p>&nbsp;<\/p>\n<p><span style=\"font-weight: 400;\">Sportliche Gr\u00fc\u00dfe<\/span><br \/>\n<strong>Carlotta Just<\/strong><br \/>\n<em><span style=\"font-weight: 400;\">Trainerin Jhg 2006-2012<\/span><\/em><\/p>\n<p>&nbsp;<\/p>\n","protected":false},"excerpt":{"rendered":"<p>Am 19. Oktober konnte im Hofwiesenbad die 32. Geraer Stadtmeisterschaften Platz in unserem Wettkampfkalender finden. Auf Einladung von Erwin Joike sind wir zusammen mit dem Spremberger Schwimmverein 16 Sportlerinnen und Sportler am Beckenrand aufstellen.<\/p>\n","protected":false},"author":9,"featured_media":0,"comment_status":"closed","ping_status":"closed","sticky":false,"template":"","format":"standard","meta":{"footnotes":""},"categories":[1,18],"tags":[],"class_list":["post-8513","post","type-post","status-publish","format-standard","hentry","category-allgemein","category-wk-bericht"],"_links":{"self":[{"href":"https:\/\/www.ssv-senftenberg.de\/konzept\/wp-json\/wp\/v2\/posts\/8513","targetHints":{"allow":["GET"]}}],"collection":[{"href":"https:\/\/www.ssv-senftenberg.de\/konzept\/wp-json\/wp\/v2\/posts"}],"about":[{"href":"https:\/\/www.ssv-senftenberg.de\/konzept\/wp-json\/wp\/v2\/types\/post"}],"author":[{"embeddable":true,"href":"https:\/\/www.ssv-senftenberg.de\/konzept\/wp-json\/wp\/v2\/users\/9"}],"replies":[{"embeddable":true,"href":"https:\/\/www.ssv-senftenberg.de\/konzept\/wp-json\/wp\/v2\/comments?post=8513"}],"version-history":[{"count":6,"href":"https:\/\/www.ssv-senftenberg.de\/konzept\/wp-json\/wp\/v2\/posts\/8513\/revisions"}],"predecessor-version":[{"id":8527,"href":"https:\/\/www.ssv-senftenberg.de\/konzept\/wp-json\/wp\/v2\/posts\/8513\/revisions\/8527"}],"wp:attachment":[{"href":"https:\/\/www.ssv-senftenberg.de\/konzept\/wp-json\/wp\/v2\/media?parent=8513"}],"wp:term":[{"taxonomy":"category","embeddable":true,"href":"https:\/\/www.ssv-senftenberg.de\/konzept\/wp-json\/wp\/v2\/categories?post=8513"},{"taxonomy":"post_tag","embeddable":true,"href":"https:\/\/www.ssv-senftenberg.de\/konzept\/wp-json\/wp\/v2\/tags?post=8513"}],"curies":[{"name":"wp","href":"https:\/\/api.w.org\/{rel}","templated":true}]}}