{"id":8532,"date":"2024-12-03T00:05:07","date_gmt":"2024-12-02T23:05:07","guid":{"rendered":"https:\/\/www.ssv-senftenberg.de\/konzept\/?p=8532"},"modified":"2024-12-03T07:43:23","modified_gmt":"2024-12-03T06:43:23","slug":"der-ssv-in-forst-beim-wettkampf-anlaesslich-des-jahrestag-der-schwimmhalle","status":"publish","type":"post","link":"https:\/\/www.ssv-senftenberg.de\/konzept\/der-ssv-in-forst-beim-wettkampf-anlaesslich-des-jahrestag-der-schwimmhalle\/","title":{"rendered":"der SSV in Forst beim Wettkampf anl\u00e4sslich des &#8222;Jahrestag der Schwimmhalle&#8220;"},"content":{"rendered":"<p>Am 13.11.2024 lud der ESV Forst 1990 e.V. wieder zum Wettkampf anl\u00e4sslich des 3. &#8222;Jahrestag der Schwimmhalle&#8220;. Auch in diesem Jahr wieder dabei: der SSV Senftenberg mit 13 Kindern und Jugendlichen der Trainingsgruppen Just, Hahn und Hoffmann.<\/p>\n<p><a href=\"https:\/\/www.ssv-senftenberg.de\/konzept\/wp-content\/uploads\/2024\/12\/1733179711418-scaled-e1733180201113.jpg\"><img loading=\"lazy\" decoding=\"async\" class=\"aligncenter wp-image-8537 size-large\" src=\"https:\/\/www.ssv-senftenberg.de\/konzept\/wp-content\/uploads\/2024\/12\/1733179711418-scaled-e1733180201113-913x1024.jpg\" alt=\"\" width=\"525\" height=\"589\" srcset=\"https:\/\/www.ssv-senftenberg.de\/konzept\/wp-content\/uploads\/2024\/12\/1733179711418-scaled-e1733180201113-913x1024.jpg 913w, https:\/\/www.ssv-senftenberg.de\/konzept\/wp-content\/uploads\/2024\/12\/1733179711418-scaled-e1733180201113-268x300.jpg 268w, https:\/\/www.ssv-senftenberg.de\/konzept\/wp-content\/uploads\/2024\/12\/1733179711418-scaled-e1733180201113-768x861.jpg 768w, https:\/\/www.ssv-senftenberg.de\/konzept\/wp-content\/uploads\/2024\/12\/1733179711418-scaled-e1733180201113-1370x1536.jpg 1370w, https:\/\/www.ssv-senftenberg.de\/konzept\/wp-content\/uploads\/2024\/12\/1733179711418-scaled-e1733180201113.jpg 1681w\" sizes=\"auto, (max-width: 525px) 100vw, 525px\" \/><\/a><\/p>\n<p>In ihren 46 Einzelstarts \u00fcber 100m Lagen. 50m Schmetterling, 50m R\u00fccken, 50m Brust und 50m Freistil erfreuten sich unsere jugendlichen Sportler \u00fcber sage und schreibe 32 pers\u00f6nliche Bestzeiten! Im Vergleich mit den anderen Teilnehmern konnten sich unsere Sportler damit beachtliche 14 Mal Fotos auf dem Siegerpodest sichern:<br \/>\nRebecca Hoffmann (Jg. 2015) <img loading=\"lazy\" decoding=\"async\" class=\"alignnone size-full wp-image-6966\" src=\"https:\/\/www.ssv-senftenberg.de\/konzept\/wp-content\/uploads\/2023\/01\/gold.png\" alt=\"\" width=\"20\" height=\"33\" \/><img loading=\"lazy\" decoding=\"async\" class=\"alignnone size-full wp-image-6966\" src=\"https:\/\/www.ssv-senftenberg.de\/konzept\/wp-content\/uploads\/2023\/01\/gold.png\" alt=\"\" width=\"20\" height=\"33\" \/><img loading=\"lazy\" decoding=\"async\" class=\"alignnone size-full wp-image-6966\" src=\"https:\/\/www.ssv-senftenberg.de\/konzept\/wp-content\/uploads\/2023\/01\/gold.png\" alt=\"\" width=\"20\" height=\"33\" \/><img loading=\"lazy\" decoding=\"async\" class=\"alignnone size-full wp-image-6966\" src=\"https:\/\/www.ssv-senftenberg.de\/konzept\/wp-content\/uploads\/2023\/01\/gold.png\" alt=\"\" width=\"20\" height=\"33\" \/><img loading=\"lazy\" decoding=\"async\" class=\"alignnone size-full wp-image-6964\" src=\"https:\/\/www.ssv-senftenberg.de\/konzept\/wp-content\/uploads\/2023\/01\/bronze.png\" alt=\"\" width=\"25\" height=\"33\" \/><br \/>\nMartin Schultz (Jg. 2009) <img loading=\"lazy\" decoding=\"async\" class=\"alignnone size-full wp-image-6966\" src=\"https:\/\/www.ssv-senftenberg.de\/konzept\/wp-content\/uploads\/2023\/01\/gold.png\" alt=\"\" width=\"20\" height=\"33\" \/><img loading=\"lazy\" decoding=\"async\" class=\"alignnone size-full wp-image-6965\" src=\"https:\/\/www.ssv-senftenberg.de\/konzept\/wp-content\/uploads\/2023\/01\/silber.png\" alt=\"\" width=\"22\" height=\"32\" \/><img loading=\"lazy\" decoding=\"async\" class=\"alignnone size-full wp-image-6965\" src=\"https:\/\/www.ssv-senftenberg.de\/konzept\/wp-content\/uploads\/2023\/01\/silber.png\" alt=\"\" width=\"22\" height=\"32\" \/><img loading=\"lazy\" decoding=\"async\" class=\"alignnone size-full wp-image-6965\" src=\"https:\/\/www.ssv-senftenberg.de\/konzept\/wp-content\/uploads\/2023\/01\/silber.png\" alt=\"\" width=\"22\" height=\"32\" \/><br \/>\nMoritz Zschiesche (Jg. 2015) <img loading=\"lazy\" decoding=\"async\" class=\"alignnone size-full wp-image-6966\" src=\"https:\/\/www.ssv-senftenberg.de\/konzept\/wp-content\/uploads\/2023\/01\/gold.png\" alt=\"\" width=\"20\" height=\"33\" \/><img loading=\"lazy\" decoding=\"async\" class=\"alignnone size-full wp-image-6965\" src=\"https:\/\/www.ssv-senftenberg.de\/konzept\/wp-content\/uploads\/2023\/01\/silber.png\" alt=\"\" width=\"22\" height=\"32\" \/><br \/>\nLuise Thie\u00df (Jg. 2009) <img loading=\"lazy\" decoding=\"async\" class=\"alignnone size-full wp-image-6965\" src=\"https:\/\/www.ssv-senftenberg.de\/konzept\/wp-content\/uploads\/2023\/01\/silber.png\" alt=\"\" width=\"22\" height=\"32\" \/><img loading=\"lazy\" decoding=\"async\" class=\"alignnone size-full wp-image-6964\" src=\"https:\/\/www.ssv-senftenberg.de\/konzept\/wp-content\/uploads\/2023\/01\/bronze.png\" alt=\"\" width=\"25\" height=\"33\" \/><img loading=\"lazy\" decoding=\"async\" class=\"alignnone size-full wp-image-6964\" src=\"https:\/\/www.ssv-senftenberg.de\/konzept\/wp-content\/uploads\/2023\/01\/bronze.png\" alt=\"\" width=\"25\" height=\"33\" \/><br \/>\n<!--more--><\/p>\n<p>Dank lautstarker Unterst\u00fctzung der Kinder und Jugendlichen zeigten die beiden Trainer Christian Hahn und Henrik Hoffmann bei ihren kurzen Ausfl\u00fcgen ins Wasser das auch Masters schnelle Zeiten ins Becken bringen.<\/p>\n<p>Zum kr\u00f6nenden Abschluss des Wettkampfs wurde es w\u00e4hrend der 4x50m Freistil-Mixed-Staffel erneut richtig laut in der Halle. Unsere j\u00fcngere Mannschaft bestehend aus Tim Ladig, Rebecca Hoffmann, Charlotte Muschter sowie Manuel Lehmig schlug nach 2:42,22 als 4. an, w\u00e4hrend sich Timo Schorten, Martin Schultz, Luise Thie\u00df und Amy Luca Hoffmann mit einer Zeit von 2:15,50 den Sieg\u00a0 holten!<\/p>\n<p>Alle Ergebnisse und das vollst\u00e4ndige <a href=\"https:\/\/ssv-senftenberg.webclub.app\/oeffentlich-ergebnisse.php?openid=84\">Protokoll<\/a> sowie die <a href=\"https:\/\/ssv-senftenberg.webclub.app\/oeffentlich-ergebnisse.php?openid=84\">Zusammenfassung<\/a> der Ergebnisse aus Senftenberger Sicht k\u00f6nnen in unserem <a href=\"https:\/\/ssv-senftenberg.webclub.app\/oeffentlich-ergebnisse.php?openid=84\">Webclub<\/a> eingesehen werden.<\/p>\n<div id='gallery-1' class='gallery galleryid-8532 gallery-columns-3 gallery-size-thumbnail'><figure class='gallery-item'>\n\t\t\t<div class='gallery-icon landscape'>\n\t\t\t\t<a href='https:\/\/www.ssv-senftenberg.de\/konzept\/wp-content\/uploads\/2024\/12\/1733180088208-scaled.jpg'><img loading=\"lazy\" decoding=\"async\" width=\"150\" height=\"150\" src=\"https:\/\/www.ssv-senftenberg.de\/konzept\/wp-content\/uploads\/2024\/12\/1733180088208-150x150.jpg\" class=\"attachment-thumbnail size-thumbnail\" alt=\"\" srcset=\"https:\/\/www.ssv-senftenberg.de\/konzept\/wp-content\/uploads\/2024\/12\/1733180088208-150x150.jpg 150w, https:\/\/www.ssv-senftenberg.de\/konzept\/wp-content\/uploads\/2024\/12\/1733180088208-100x100.jpg 100w\" sizes=\"auto, 100vw\" \/><\/a>\n\t\t\t<\/div><\/figure><figure class='gallery-item'>\n\t\t\t<div class='gallery-icon portrait'>\n\t\t\t\t<a href='https:\/\/www.ssv-senftenberg.de\/konzept\/wp-content\/uploads\/2024\/12\/1733180088196.jpg'><img loading=\"lazy\" decoding=\"async\" width=\"150\" height=\"150\" src=\"https:\/\/www.ssv-senftenberg.de\/konzept\/wp-content\/uploads\/2024\/12\/1733180088196-150x150.jpg\" class=\"attachment-thumbnail size-thumbnail\" alt=\"\" srcset=\"https:\/\/www.ssv-senftenberg.de\/konzept\/wp-content\/uploads\/2024\/12\/1733180088196-150x150.jpg 150w, https:\/\/www.ssv-senftenberg.de\/konzept\/wp-content\/uploads\/2024\/12\/1733180088196-100x100.jpg 100w\" sizes=\"auto, 100vw\" \/><\/a>\n\t\t\t<\/div><\/figure><figure class='gallery-item'>\n\t\t\t<div class='gallery-icon portrait'>\n\t\t\t\t<a href='https:\/\/www.ssv-senftenberg.de\/konzept\/wp-content\/uploads\/2024\/12\/1733180088184-scaled-e1733180589372.jpg'><img loading=\"lazy\" decoding=\"async\" width=\"150\" height=\"150\" src=\"https:\/\/www.ssv-senftenberg.de\/konzept\/wp-content\/uploads\/2024\/12\/1733180088184-scaled-e1733180589372-150x150.jpg\" class=\"attachment-thumbnail size-thumbnail\" alt=\"\" srcset=\"https:\/\/www.ssv-senftenberg.de\/konzept\/wp-content\/uploads\/2024\/12\/1733180088184-scaled-e1733180589372-150x150.jpg 150w, https:\/\/www.ssv-senftenberg.de\/konzept\/wp-content\/uploads\/2024\/12\/1733180088184-scaled-e1733180589372-100x100.jpg 100w\" sizes=\"auto, 100vw\" \/><\/a>\n\t\t\t<\/div><\/figure><figure class='gallery-item'>\n\t\t\t<div class='gallery-icon portrait'>\n\t\t\t\t<a href='https:\/\/www.ssv-senftenberg.de\/konzept\/wp-content\/uploads\/2024\/12\/1733180088171.jpg'><img loading=\"lazy\" decoding=\"async\" width=\"150\" height=\"150\" src=\"https:\/\/www.ssv-senftenberg.de\/konzept\/wp-content\/uploads\/2024\/12\/1733180088171-150x150.jpg\" class=\"attachment-thumbnail size-thumbnail\" alt=\"\" srcset=\"https:\/\/www.ssv-senftenberg.de\/konzept\/wp-content\/uploads\/2024\/12\/1733180088171-150x150.jpg 150w, https:\/\/www.ssv-senftenberg.de\/konzept\/wp-content\/uploads\/2024\/12\/1733180088171-100x100.jpg 100w\" sizes=\"auto, 100vw\" \/><\/a>\n\t\t\t<\/div><\/figure><figure class='gallery-item'>\n\t\t\t<div class='gallery-icon portrait'>\n\t\t\t\t<a href='https:\/\/www.ssv-senftenberg.de\/konzept\/wp-content\/uploads\/2024\/12\/1733179711452-scaled.jpg'><img loading=\"lazy\" decoding=\"async\" width=\"150\" height=\"150\" src=\"https:\/\/www.ssv-senftenberg.de\/konzept\/wp-content\/uploads\/2024\/12\/1733179711452-150x150.jpg\" class=\"attachment-thumbnail size-thumbnail\" alt=\"\" srcset=\"https:\/\/www.ssv-senftenberg.de\/konzept\/wp-content\/uploads\/2024\/12\/1733179711452-150x150.jpg 150w, https:\/\/www.ssv-senftenberg.de\/konzept\/wp-content\/uploads\/2024\/12\/1733179711452-100x100.jpg 100w\" sizes=\"auto, 100vw\" \/><\/a>\n\t\t\t<\/div><\/figure><figure class='gallery-item'>\n\t\t\t<div class='gallery-icon landscape'>\n\t\t\t\t<a href='https:\/\/www.ssv-senftenberg.de\/konzept\/wp-content\/uploads\/2024\/12\/1733179711384-scaled.jpg'><img loading=\"lazy\" decoding=\"async\" width=\"150\" height=\"150\" src=\"https:\/\/www.ssv-senftenberg.de\/konzept\/wp-content\/uploads\/2024\/12\/1733179711384-150x150.jpg\" class=\"attachment-thumbnail size-thumbnail\" alt=\"\" srcset=\"https:\/\/www.ssv-senftenberg.de\/konzept\/wp-content\/uploads\/2024\/12\/1733179711384-150x150.jpg 150w, https:\/\/www.ssv-senftenberg.de\/konzept\/wp-content\/uploads\/2024\/12\/1733179711384-100x100.jpg 100w\" sizes=\"auto, 100vw\" \/><\/a>\n\t\t\t<\/div><\/figure>\n\t\t<\/div>\n\n<p>Wenngleich der Wettkampf erneut sehr gut organisiert und z\u00fcgig durchgef\u00fchrt wurde, zeigte sich ein unerfreulicher Trend: Personalmangel im Wettkampfgericht. Trotz fr\u00fchzeitigem Aufruf, konnte kein Senftenberger Wettkampfrichter die Teilnahme einrichten. Ohne Wettkampfrichter angereist, mussten die Trainer Christian Hahn und Henrik Hoffmann das Wettkampfgericht verst\u00e4rken, da eine Durchf\u00fchrung des Wettkampfs ansonsten nicht m\u00f6glich gewesen w\u00e4re. Daher m\u00f6chten wir erneut dazu aufrufen, den SSV Senftenberg als Wettkampfrichter zu unterst\u00fctzen. (siehe <a href=\"https:\/\/www.ssv-senftenberg.de\/konzept\/trainer-wettkampfrichter-werden\/\">Trainer\/ Wettkampfrichter werden<\/a>)<\/p>\n<p>Sportliche Gr\u00fc\u00dfe<br \/>\n<strong>Henrik Hoffmann<\/strong><br \/>\n<em>Schwimmtrainer und Kassenwart<\/em><\/p>\n","protected":false},"excerpt":{"rendered":"<p>Am 13.11.2024 lud der ESV Forst 1990 e.V. wieder zum Wettkampf anl\u00e4sslich des 3. &#8222;Jahrestag der Schwimmhalle&#8220;. Auch in diesem Jahr wieder dabei: der SSV Senftenberg mit 13 Kindern und Jugendlichen der Trainingsgruppen Just, Hahn und Hoffmann. In ihren 46 Einzelstarts \u00fcber 100m Lagen. 50m Schmetterling, 50m R\u00fccken, 50m Brust und 50m Freistil erfreuten sich &hellip; <\/p>\n<p class=\"link-more\"><a href=\"https:\/\/www.ssv-senftenberg.de\/konzept\/der-ssv-in-forst-beim-wettkampf-anlaesslich-des-jahrestag-der-schwimmhalle\/\" class=\"more-link\"><span class=\"screen-reader-text\">\u201eder SSV in Forst beim Wettkampf anl\u00e4sslich des &#8222;Jahrestag der Schwimmhalle&#8220;\u201c <\/span>weiterlesen<\/a><\/p>\n","protected":false},"author":5,"featured_media":0,"comment_status":"closed","ping_status":"closed","sticky":false,"template":"","format":"standard","meta":{"footnotes":""},"categories":[1,18],"tags":[],"class_list":["post-8532","post","type-post","status-publish","format-standard","hentry","category-allgemein","category-wk-bericht"],"_links":{"self":[{"href":"https:\/\/www.ssv-senftenberg.de\/konzept\/wp-json\/wp\/v2\/posts\/8532","targetHints":{"allow":["GET"]}}],"collection":[{"href":"https:\/\/www.ssv-senftenberg.de\/konzept\/wp-json\/wp\/v2\/posts"}],"about":[{"href":"https:\/\/www.ssv-senftenberg.de\/konzept\/wp-json\/wp\/v2\/types\/post"}],"author":[{"embeddable":true,"href":"https:\/\/www.ssv-senftenberg.de\/konzept\/wp-json\/wp\/v2\/users\/5"}],"replies":[{"embeddable":true,"href":"https:\/\/www.ssv-senftenberg.de\/konzept\/wp-json\/wp\/v2\/comments?post=8532"}],"version-history":[{"count":8,"href":"https:\/\/www.ssv-senftenberg.de\/konzept\/wp-json\/wp\/v2\/posts\/8532\/revisions"}],"predecessor-version":[{"id":8562,"href":"https:\/\/www.ssv-senftenberg.de\/konzept\/wp-json\/wp\/v2\/posts\/8532\/revisions\/8562"}],"wp:attachment":[{"href":"https:\/\/www.ssv-senftenberg.de\/konzept\/wp-json\/wp\/v2\/media?parent=8532"}],"wp:term":[{"taxonomy":"category","embeddable":true,"href":"https:\/\/www.ssv-senftenberg.de\/konzept\/wp-json\/wp\/v2\/categories?post=8532"},{"taxonomy":"post_tag","embeddable":true,"href":"https:\/\/www.ssv-senftenberg.de\/konzept\/wp-json\/wp\/v2\/tags?post=8532"}],"curies":[{"name":"wp","href":"https:\/\/api.w.org\/{rel}","templated":true}]}}