{"id":8591,"date":"2025-01-31T00:08:51","date_gmt":"2025-01-30T23:08:51","guid":{"rendered":"https:\/\/www.ssv-senftenberg.de\/konzept\/?p=8591"},"modified":"2025-01-31T00:09:47","modified_gmt":"2025-01-30T23:09:47","slug":"seepferdchen-wettkampf-2025","status":"publish","type":"post","link":"https:\/\/www.ssv-senftenberg.de\/konzept\/seepferdchen-wettkampf-2025\/","title":{"rendered":"Seepferdchen Wettkampf 2025"},"content":{"rendered":"<p>Viele strahlende Gesichter und und tolle Stimmung: auch im dritten Jahr der Hallenschlie\u00dfung hat der SSV Senftenberg unseren j\u00fcngeren Sportlern beim vereinsinternen Seepferdchen Wettkampf den Ablauf eine Wettkampfs ge\u00fcbt, Selbstvertrauen gest\u00e4rkt und Lust auf mehr Erfolge gemacht.<\/p>\n<p><a href=\"https:\/\/www.ssv-senftenberg.de\/konzept\/wp-content\/uploads\/2025\/01\/WhatsApp-Image-2025-01-26-at-17.36.39.jpeg\"><img loading=\"lazy\" decoding=\"async\" class=\"alignnone wp-image-8601\" src=\"https:\/\/www.ssv-senftenberg.de\/konzept\/wp-content\/uploads\/2025\/01\/WhatsApp-Image-2025-01-26-at-17.36.39-300x200.jpeg\" alt=\"\" width=\"573\" height=\"382\" srcset=\"https:\/\/www.ssv-senftenberg.de\/konzept\/wp-content\/uploads\/2025\/01\/WhatsApp-Image-2025-01-26-at-17.36.39-300x200.jpeg 300w, https:\/\/www.ssv-senftenberg.de\/konzept\/wp-content\/uploads\/2025\/01\/WhatsApp-Image-2025-01-26-at-17.36.39-1024x683.jpeg 1024w, https:\/\/www.ssv-senftenberg.de\/konzept\/wp-content\/uploads\/2025\/01\/WhatsApp-Image-2025-01-26-at-17.36.39-768x512.jpeg 768w, https:\/\/www.ssv-senftenberg.de\/konzept\/wp-content\/uploads\/2025\/01\/WhatsApp-Image-2025-01-26-at-17.36.39-1536x1024.jpeg 1536w, https:\/\/www.ssv-senftenberg.de\/konzept\/wp-content\/uploads\/2025\/01\/WhatsApp-Image-2025-01-26-at-17.36.39.jpeg 1920w\" sizes=\"auto, (max-width: 573px) 100vw, 573px\" \/><\/a><\/p>\n<p><!--more--><\/p>\n<p>Trotz der fr\u00fchen Uhrzeit an einem Sonntag fanden sich 30 Jungen und M\u00e4dchen bestens gelaunt in der Schwimmhalle Lauchhammer ein, um in 16 Einzel- und zwei Staffelwettk\u00e4mpfen das im Training gelernte umzusetzen. F\u00fcr viele war es eine aufregendes erstes Mal bei einem Schwimmwettkampf w\u00e4hrend andere sich \u00fcber neue Bestzeiten freuen konnten.<\/p>\n<p>Stolz und mit Gold- Silber- und Bronzemedaillen behangen verlie\u00dfen alle die Halle. <a href=\"https:\/\/ssv-senftenberg.webclub.app\/oeffentlich-ergebnisse.php?openid=97\">Alle Ergebnisse und das vollst\u00e4ndige Protokoll gibt es in unserem Webclub<\/a>.<\/p>\n<p><span data-offset-key=\"fv851-0-0\">Wir bedanken uns bei alle Helfern, Kampfrichtern und Eltern f\u00fcr die Unterst\u00fctzung und reibungslose Durchf\u00fchrung des Wettkampfes! F\u00fcr unsere <\/span><span id=\"decorator-corrected-entity-id-15\" data-entity-key=\"15\" data-offset-key=\"fv851-1-0\"><span data-offset-key=\"fv851-1-0\">Kleinen<\/span><\/span><span data-offset-key=\"fv851-2-0\"> war es nicht nur ein Highlight im Trainingsjahr, sondern auch ein guter Start in den Wettkampfsport. Der SSV Senftenberg bewies wieder, dass auch ohne eigene <\/span><span id=\"decorator-corrected-entity-id-20\" data-entity-key=\"20\" data-offset-key=\"fv851-3-0\"><span data-offset-key=\"fv851-3-0\">Schwimmhalle ein<\/span><\/span><span data-offset-key=\"fv851-4-0\"> sehr guter Wettkampf m\u00f6glich ist!<\/span><\/p>\n\n\t\t<!-- MasterSlider -->\n\t\t<div id=\"P_MS69f4a74dd9999\" class=\"master-slider-parent msl ms-parent-id-48\" style=\"max-width:800px;\">\n\n\t\t\t\n\t\t\t<!-- MasterSlider Main -->\n\t\t\t<div id=\"MS69f4a74dd9999\" class=\"master-slider ms-skin-default\" >\n\t\t\t\t \t\t\t\t \n\t\t\t\t<div  class=\"ms-slide\" data-delay=\"3\" data-fill-mode=\"fill\"  >\n\t\t\t\t\t<img decoding=\"async\" src=\"https:\/\/www.ssv-senftenberg.de\/konzept\/wp-content\/plugins\/master-slider\/public\/assets\/css\/blank.gif\" alt=\"\" title=\"\" data-src=\"https:\/\/www.ssv-senftenberg.de\/konzept\/wp-content\/uploads\/2025\/01\/WhatsApp-Image-2025-01-26-at-13.15.44.jpeg\" \/>\n\n\n\t<div class=\"ms-thumb\" ><div class=\"ms-tab-context\"><div class=&quot;ms-tab-context&quot;><\/div><\/div>\n<\/div>\n\t\t\t\t<\/div>\n\t\t\t\t<div  class=\"ms-slide\" data-delay=\"3\" data-fill-mode=\"fill\"  >\n\t\t\t\t\t<img decoding=\"async\" src=\"https:\/\/www.ssv-senftenberg.de\/konzept\/wp-content\/plugins\/master-slider\/public\/assets\/css\/blank.gif\" alt=\"\" title=\"\" data-src=\"https:\/\/www.ssv-senftenberg.de\/konzept\/wp-content\/uploads\/2025\/01\/WhatsApp-Image-2025-01-26-at-13.15.54.jpeg\" \/>\n\n\n\t<div class=\"ms-thumb\" ><div class=\"ms-tab-context\"><div class=&quot;ms-tab-context&quot;><\/div><\/div>\n<\/div>\n\t\t\t\t<\/div>\n\t\t\t\t<div  class=\"ms-slide\" data-delay=\"3\" data-fill-mode=\"fill\"  >\n\t\t\t\t\t<img decoding=\"async\" src=\"https:\/\/www.ssv-senftenberg.de\/konzept\/wp-content\/plugins\/master-slider\/public\/assets\/css\/blank.gif\" alt=\"\" title=\"\" data-src=\"https:\/\/www.ssv-senftenberg.de\/konzept\/wp-content\/uploads\/2025\/01\/WhatsApp-Image-2025-01-26-at-13.18.52.jpeg\" \/>\n\n\n\t<div class=\"ms-thumb\" ><div class=\"ms-tab-context\"><div class=&quot;ms-tab-context&quot;><\/div><\/div>\n<\/div>\n\t\t\t\t<\/div>\n\t\t\t\t<div  class=\"ms-slide\" data-delay=\"3\" data-fill-mode=\"fill\"  >\n\t\t\t\t\t<img decoding=\"async\" src=\"https:\/\/www.ssv-senftenberg.de\/konzept\/wp-content\/plugins\/master-slider\/public\/assets\/css\/blank.gif\" alt=\"\" title=\"\" data-src=\"https:\/\/www.ssv-senftenberg.de\/konzept\/wp-content\/uploads\/2025\/01\/WhatsApp-Image-2025-01-26-at-17.36.24.jpeg\" \/>\n\n\n\t<div class=\"ms-thumb\" ><div class=\"ms-tab-context\"><div class=&quot;ms-tab-context&quot;><\/div><\/div>\n<\/div>\n\t\t\t\t<\/div>\n\t\t\t\t<div  class=\"ms-slide\" data-delay=\"3\" data-fill-mode=\"fill\"  >\n\t\t\t\t\t<img decoding=\"async\" src=\"https:\/\/www.ssv-senftenberg.de\/konzept\/wp-content\/plugins\/master-slider\/public\/assets\/css\/blank.gif\" alt=\"\" title=\"\" data-src=\"https:\/\/www.ssv-senftenberg.de\/konzept\/wp-content\/uploads\/2025\/01\/WhatsApp-Image-2025-01-26-at-11.08.10.jpeg\" \/>\n\n\n\t<div class=\"ms-thumb\" ><div class=\"ms-tab-context\"><div class=&quot;ms-tab-context&quot;><\/div><\/div>\n<\/div>\n\t\t\t\t<\/div>\n\t\t\t\t<div  class=\"ms-slide\" data-delay=\"3\" data-fill-mode=\"fill\"  >\n\t\t\t\t\t<img decoding=\"async\" src=\"https:\/\/www.ssv-senftenberg.de\/konzept\/wp-content\/plugins\/master-slider\/public\/assets\/css\/blank.gif\" alt=\"\" title=\"\" data-src=\"https:\/\/www.ssv-senftenberg.de\/konzept\/wp-content\/uploads\/2025\/01\/WhatsApp-Image-2025-01-26-at-13.12.02.jpeg\" \/>\n\n\n\t<div class=\"ms-thumb\" ><div class=\"ms-tab-context\"><div class=&quot;ms-tab-context&quot;><\/div><\/div>\n<\/div>\n\t\t\t\t<\/div>\n\t\t\t\t<div  class=\"ms-slide\" data-delay=\"3\" data-fill-mode=\"fill\"  >\n\t\t\t\t\t<img decoding=\"async\" src=\"https:\/\/www.ssv-senftenberg.de\/konzept\/wp-content\/plugins\/master-slider\/public\/assets\/css\/blank.gif\" alt=\"\" title=\"\" data-src=\"https:\/\/www.ssv-senftenberg.de\/konzept\/wp-content\/uploads\/2025\/01\/WhatsApp-Image-2025-01-26-at-13.12.01-1.jpeg\" \/>\n\n\n\t<div class=\"ms-thumb\" ><div class=\"ms-tab-context\"><div class=&quot;ms-tab-context&quot;><\/div><\/div>\n<\/div>\n\t\t\t\t<\/div>\n\t\t\t\t<div  class=\"ms-slide\" data-delay=\"3\" data-fill-mode=\"fill\"  >\n\t\t\t\t\t<img decoding=\"async\" src=\"https:\/\/www.ssv-senftenberg.de\/konzept\/wp-content\/plugins\/master-slider\/public\/assets\/css\/blank.gif\" alt=\"\" title=\"\" data-src=\"https:\/\/www.ssv-senftenberg.de\/konzept\/wp-content\/uploads\/2025\/01\/WhatsApp-Image-2025-01-26-at-13.12.01.jpeg\" \/>\n\n\n\t<div class=\"ms-thumb\" ><div class=\"ms-tab-context\"><div class=&quot;ms-tab-context&quot;><\/div><\/div>\n<\/div>\n\t\t\t\t<\/div>\n\t\t\t\t<div  class=\"ms-slide\" data-delay=\"3\" data-fill-mode=\"fill\"  >\n\t\t\t\t\t<img decoding=\"async\" src=\"https:\/\/www.ssv-senftenberg.de\/konzept\/wp-content\/plugins\/master-slider\/public\/assets\/css\/blank.gif\" alt=\"\" title=\"\" data-src=\"https:\/\/www.ssv-senftenberg.de\/konzept\/wp-content\/uploads\/2025\/01\/WhatsApp-Image-2025-01-26-at-11.09.52.jpeg\" \/>\n\n\n\t<div class=\"ms-thumb\" ><div class=\"ms-tab-context\"><div class=&quot;ms-tab-context&quot;><\/div><\/div>\n<\/div>\n\t\t\t\t<\/div>\n\t\t\t\t<div  class=\"ms-slide\" data-delay=\"3\" data-fill-mode=\"fill\"  >\n\t\t\t\t\t<img decoding=\"async\" src=\"https:\/\/www.ssv-senftenberg.de\/konzept\/wp-content\/plugins\/master-slider\/public\/assets\/css\/blank.gif\" alt=\"\" title=\"\" data-src=\"https:\/\/www.ssv-senftenberg.de\/konzept\/wp-content\/uploads\/2025\/01\/WhatsApp-Image-2025-01-26-at-17.36.38.jpeg\" \/>\n\n\n\t<div class=\"ms-thumb\" ><div class=\"ms-tab-context\"><div class=&quot;ms-tab-context&quot;><\/div><\/div>\n<\/div>\n\t\t\t\t<\/div>\n\t\t\t\t<div  class=\"ms-slide\" data-delay=\"3\" data-fill-mode=\"fill\"  >\n\t\t\t\t\t<img decoding=\"async\" src=\"https:\/\/www.ssv-senftenberg.de\/konzept\/wp-content\/plugins\/master-slider\/public\/assets\/css\/blank.gif\" alt=\"\" title=\"\" data-src=\"https:\/\/www.ssv-senftenberg.de\/konzept\/wp-content\/uploads\/2025\/01\/WhatsApp-Image-2025-01-26-at-17.36.42.jpeg\" \/>\n\n\n\t<div class=\"ms-thumb\" ><div class=\"ms-tab-context\"><div class=&quot;ms-tab-context&quot;><\/div><\/div>\n<\/div>\n\t\t\t\t<\/div>\n\n\t\t\t<\/div>\n\t\t\t<!-- END MasterSlider Main -->\n\n\t\t\t \n\t\t<\/div>\n\t\t<!-- END MasterSlider -->\n\n\t\t<script>\n\t\t(function ( $ ) {\n\t\t\t\"use strict\";\n\n\t\t\t$(function () {\n\t\t\t\tvar masterslider_9999 = new MasterSlider();\n\n\t\t\t\t\/\/ slider controls\n\t\t\t\tmasterslider_9999.control('arrows'     ,{ autohide:true, overVideo:true  });\t\t\t\tmasterslider_9999.control('bullets'    ,{ autohide:true, overVideo:true, dir:'h', align:'bottom' , margin:10  });\n\n\t\t\t\t\/\/ slider setup\n\t\t\t\tmasterslider_9999.setup(\"MS69f4a74dd9999\", {\n\t\t\t\t\t\twidth           : 800,\n\t\t\t\t\t\theight          : 480,\n\t\t\t\t\t\tminHeight       : 0,\n\t\t\t\t\t\tspace           : 0,\n\t\t\t\t\t\tstart           : 1,\n\t\t\t\t\t\tgrabCursor      : true,\n\t\t\t\t\t\tswipe           : true,\n\t\t\t\t\t\tmouse           : true,\n\t\t\t\t\t\tlayout          : \"boxed\",\n\t\t\t\t\t\twheel           : false,\n\t\t\t\t\t\tautoplay        : false,\n\t\t\t\t\t\tinstantStartLayers:false,\n\t\t\t\t\t\tloop            : false,\n\t\t\t\t\t\tshuffle         : false,\n\t\t\t\t\t\tpreload         : 0,\n\t\t\t\t\t\theightLimit     : true,\n\t\t\t\t\t\tautoHeight      : false,\n\t\t\t\t\t\tsmoothHeight    : true,\n\t\t\t\t\t\tendPause        : false,\n\t\t\t\t\t\toverPause       : true,\n\t\t\t\t\t\tfillMode        : \"fill\",\n\t\t\t\t\t\tcenterControls  : true,\n\t\t\t\t\t\tstartOnAppear   : false,\n\t\t\t\t\t\tlayersMode      : \"center\",\n\t\t\t\t\t\thideLayers      : false,\n\t\t\t\t\t\tfullscreenMargin: 0,\n\t\t\t\t\t\tspeed           : 20,\n\t\t\t\t\t\tdir             : \"h\",\n\t\t\t\t\t\tparallaxMode    : 'swipe',\n\t\t\t\t\t\tview            : \"basic\"\n\t\t\t\t});\n\n\t\t\t\t\n\t\t\t\twindow.masterslider_instances = window.masterslider_instances || [];\n\t\t\t\twindow.masterslider_instances.push( masterslider_9999 );\n\t\t\t });\n\n\t\t})(jQuery);\n\t\t<\/script>\n\n\n<p><strong>Henrik Hoffmann<\/strong><br \/>\nTrainer<\/p>\n<p>&nbsp;<\/p>\n","protected":false},"excerpt":{"rendered":"<p>Viele strahlende Gesichter und und tolle Stimmung: auch im dritten Jahr der Hallenschlie\u00dfung hat der SSV Senftenberg unseren j\u00fcngeren Sportlern beim vereinsinternen Seepferdchen Wettkampf den Ablauf eine Wettkampfs ge\u00fcbt, Selbstvertrauen gest\u00e4rkt und Lust auf mehr Erfolge gemacht.<\/p>\n","protected":false},"author":5,"featured_media":0,"comment_status":"closed","ping_status":"closed","sticky":false,"template":"","format":"standard","meta":{"footnotes":""},"categories":[18],"tags":[],"class_list":["post-8591","post","type-post","status-publish","format-standard","hentry","category-wk-bericht"],"_links":{"self":[{"href":"https:\/\/www.ssv-senftenberg.de\/konzept\/wp-json\/wp\/v2\/posts\/8591","targetHints":{"allow":["GET"]}}],"collection":[{"href":"https:\/\/www.ssv-senftenberg.de\/konzept\/wp-json\/wp\/v2\/posts"}],"about":[{"href":"https:\/\/www.ssv-senftenberg.de\/konzept\/wp-json\/wp\/v2\/types\/post"}],"author":[{"embeddable":true,"href":"https:\/\/www.ssv-senftenberg.de\/konzept\/wp-json\/wp\/v2\/users\/5"}],"replies":[{"embeddable":true,"href":"https:\/\/www.ssv-senftenberg.de\/konzept\/wp-json\/wp\/v2\/comments?post=8591"}],"version-history":[{"count":4,"href":"https:\/\/www.ssv-senftenberg.de\/konzept\/wp-json\/wp\/v2\/posts\/8591\/revisions"}],"predecessor-version":[{"id":8608,"href":"https:\/\/www.ssv-senftenberg.de\/konzept\/wp-json\/wp\/v2\/posts\/8591\/revisions\/8608"}],"wp:attachment":[{"href":"https:\/\/www.ssv-senftenberg.de\/konzept\/wp-json\/wp\/v2\/media?parent=8591"}],"wp:term":[{"taxonomy":"category","embeddable":true,"href":"https:\/\/www.ssv-senftenberg.de\/konzept\/wp-json\/wp\/v2\/categories?post=8591"},{"taxonomy":"post_tag","embeddable":true,"href":"https:\/\/www.ssv-senftenberg.de\/konzept\/wp-json\/wp\/v2\/tags?post=8591"}],"curies":[{"name":"wp","href":"https:\/\/api.w.org\/{rel}","templated":true}]}}