{"id":8641,"date":"2025-04-07T13:30:48","date_gmt":"2025-04-07T11:30:48","guid":{"rendered":"https:\/\/www.ssv-senftenberg.de\/konzept\/?p=8641"},"modified":"2025-04-07T15:50:11","modified_gmt":"2025-04-07T13:50:11","slug":"teilnahme-am-26-berolina-cup","status":"publish","type":"post","link":"https:\/\/www.ssv-senftenberg.de\/konzept\/teilnahme-am-26-berolina-cup\/","title":{"rendered":"26. Berolina-Cup I 22. &#038; 23. Februar 2025"},"content":{"rendered":"<p><img loading=\"lazy\" decoding=\"async\" class=\"alignnone size-full wp-image-8649\" src=\"https:\/\/www.ssv-senftenberg.de\/konzept\/wp-content\/uploads\/2025\/04\/f5d42692-fa8a-4531-a877-90ce51a8817a.jpeg\" alt=\"\" width=\"1200\" height=\"1600\" srcset=\"https:\/\/www.ssv-senftenberg.de\/konzept\/wp-content\/uploads\/2025\/04\/f5d42692-fa8a-4531-a877-90ce51a8817a.jpeg 1200w, https:\/\/www.ssv-senftenberg.de\/konzept\/wp-content\/uploads\/2025\/04\/f5d42692-fa8a-4531-a877-90ce51a8817a-225x300.jpeg 225w, https:\/\/www.ssv-senftenberg.de\/konzept\/wp-content\/uploads\/2025\/04\/f5d42692-fa8a-4531-a877-90ce51a8817a-768x1024.jpeg 768w, https:\/\/www.ssv-senftenberg.de\/konzept\/wp-content\/uploads\/2025\/04\/f5d42692-fa8a-4531-a877-90ce51a8817a-1152x1536.jpeg 1152w\" sizes=\"auto, (max-width: 767px) 89vw, (max-width: 1000px) 54vw, (max-width: 1071px) 543px, 580px\" \/><\/p>\n<p>AM 22. Und 23. Februar 2025 war es wieder soweit, mit dem bei unseren Schwimmern sehr beliebten Wettkampf in Berlin im SSE \u2013 der 26. Berolina-Cup. In diesem Jahr konnten 3 Schwimmer teilnehmen. 736 Starter und Starterinnen aus 5 Bundesl\u00e4ndern, alle Berliner Schwimmvereine und Vereine aus Italien, Chile und Tschechien waren vertreten.<\/p>\n<p>Aus Senftenberg schafften Martin Schultz, Timo Schorten und Oliver Hoffmann die Richtzeiten und konnten diese zu meiner \u00dcberraschung zum Teil enorm verbessern.<\/p>\n<p><!--more--><br \/>\nTimo Schorten konnte sich bei 5 von 6 Starts enorm verbessern. Besonders hervorzuheben sind seine 50m-Zeiten. So schwamm er in 50m R\u00fccken 34,85s, in 50m Kraul 28,38s und in Delphin sogar 29,77s schnell. Martin Schultz, der ebenso 6mal startete verbesserte seine Bestmarke \u00fcber 50m Kraul auf 29,09s und 100m R\u00fccken auf 1:15,62min. Oliver Hoffmann, der in diesem Jahr auch 6mal starten konnte, schaffte ebenfalls Bestzeiten. \u00dcber 50m Kraul schaffte er mit 29,03sek eine sehr gute Zeit, die er \u00fcber 100m Kraul mit allen beiden anderen unserer Schwimmer ziemlich zeitgleich noch einmal best\u00e4tigte und am Ende eine 1:05,82min schwamm. Timo schwamm 3 Hundertstel schneller und Martin erreichte eine Zeit von 1:05,73. Sehr knapp. F\u00fcr alle drei Schwimmer eine Bestzeit.<\/p>\n<p><img loading=\"lazy\" decoding=\"async\" class=\"alignnone size-full wp-image-8648\" src=\"https:\/\/www.ssv-senftenberg.de\/konzept\/wp-content\/uploads\/2025\/04\/e8538dc7-b77b-4353-9c5a-f8892710f322.jpeg\" alt=\"\" width=\"1536\" height=\"2048\" srcset=\"https:\/\/www.ssv-senftenberg.de\/konzept\/wp-content\/uploads\/2025\/04\/e8538dc7-b77b-4353-9c5a-f8892710f322.jpeg 1536w, https:\/\/www.ssv-senftenberg.de\/konzept\/wp-content\/uploads\/2025\/04\/e8538dc7-b77b-4353-9c5a-f8892710f322-225x300.jpeg 225w, https:\/\/www.ssv-senftenberg.de\/konzept\/wp-content\/uploads\/2025\/04\/e8538dc7-b77b-4353-9c5a-f8892710f322-768x1024.jpeg 768w, https:\/\/www.ssv-senftenberg.de\/konzept\/wp-content\/uploads\/2025\/04\/e8538dc7-b77b-4353-9c5a-f8892710f322-1152x1536.jpeg 1152w\" sizes=\"auto, (max-width: 767px) 89vw, (max-width: 1000px) 54vw, (max-width: 1071px) 543px, 580px\" \/><\/p>\n<p>Also es lohnt sich immer weiter zu trainieren. Einmal das Erlebnis in der Olympiahalle zu schwimmen und dann auch noch Bestzeiten. Leider mussten wir in diesem Jahr auf unsere gut befreundeten Schwimmer*innen des Nachbarvereins Spremberg verzichten.<\/p>\n<p><img loading=\"lazy\" decoding=\"async\" class=\"alignnone size-full wp-image-8643\" src=\"https:\/\/www.ssv-senftenberg.de\/konzept\/wp-content\/uploads\/2025\/04\/89eb97c0-4c66-41b8-af27-534d3ae4b070.jpeg\" alt=\"\" width=\"1536\" height=\"2048\" srcset=\"https:\/\/www.ssv-senftenberg.de\/konzept\/wp-content\/uploads\/2025\/04\/89eb97c0-4c66-41b8-af27-534d3ae4b070.jpeg 1536w, https:\/\/www.ssv-senftenberg.de\/konzept\/wp-content\/uploads\/2025\/04\/89eb97c0-4c66-41b8-af27-534d3ae4b070-225x300.jpeg 225w, https:\/\/www.ssv-senftenberg.de\/konzept\/wp-content\/uploads\/2025\/04\/89eb97c0-4c66-41b8-af27-534d3ae4b070-768x1024.jpeg 768w, https:\/\/www.ssv-senftenberg.de\/konzept\/wp-content\/uploads\/2025\/04\/89eb97c0-4c66-41b8-af27-534d3ae4b070-1152x1536.jpeg 1152w\" sizes=\"auto, (max-width: 767px) 89vw, (max-width: 1000px) 54vw, (max-width: 1071px) 543px, 580px\" \/><\/p>\n<p>Alles in Allem: Sehr gut. Im n\u00e4chsten Jahr hei\u00dft es wieder: Auf ein Neues.<\/p>\n<p><a href=\"https:\/\/ssv-senftenberg.webclub.app\/oeffentlich-ergebnisse.php?openid=107\">Ergebnisse Berolina Cup<\/a><\/p>\n<p>Sportliche Gr\u00fc\u00dfe<br \/>\n<strong>Hendrik Just<\/strong><br \/>\n<em>Trainerin Jhg 2006-2012<\/em><\/p>\n","protected":false},"excerpt":{"rendered":"<p>AM 22. Und 23. Februar 2025 war es wieder soweit, mit dem bei unseren Schwimmern sehr beliebten Wettkampf in Berlin im SSE \u2013 der 26. Berolina-Cup. In diesem Jahr konnten 3 Schwimmer teilnehmen. 736 Starter und Starterinnen aus 5 Bundesl\u00e4ndern, alle Berliner Schwimmvereine und Vereine aus Italien, Chile und Tschechien waren vertreten. Aus Senftenberg schafften &hellip; <\/p>\n<p class=\"link-more\"><a href=\"https:\/\/www.ssv-senftenberg.de\/konzept\/teilnahme-am-26-berolina-cup\/\" class=\"more-link\"><span class=\"screen-reader-text\">\u201e26. Berolina-Cup I 22. &#038; 23. Februar 2025\u201c <\/span>weiterlesen<\/a><\/p>\n","protected":false},"author":9,"featured_media":0,"comment_status":"closed","ping_status":"closed","sticky":false,"template":"","format":"standard","meta":{"footnotes":""},"categories":[1,18],"tags":[],"class_list":["post-8641","post","type-post","status-publish","format-standard","hentry","category-allgemein","category-wk-bericht"],"_links":{"self":[{"href":"https:\/\/www.ssv-senftenberg.de\/konzept\/wp-json\/wp\/v2\/posts\/8641","targetHints":{"allow":["GET"]}}],"collection":[{"href":"https:\/\/www.ssv-senftenberg.de\/konzept\/wp-json\/wp\/v2\/posts"}],"about":[{"href":"https:\/\/www.ssv-senftenberg.de\/konzept\/wp-json\/wp\/v2\/types\/post"}],"author":[{"embeddable":true,"href":"https:\/\/www.ssv-senftenberg.de\/konzept\/wp-json\/wp\/v2\/users\/9"}],"replies":[{"embeddable":true,"href":"https:\/\/www.ssv-senftenberg.de\/konzept\/wp-json\/wp\/v2\/comments?post=8641"}],"version-history":[{"count":7,"href":"https:\/\/www.ssv-senftenberg.de\/konzept\/wp-json\/wp\/v2\/posts\/8641\/revisions"}],"predecessor-version":[{"id":8703,"href":"https:\/\/www.ssv-senftenberg.de\/konzept\/wp-json\/wp\/v2\/posts\/8641\/revisions\/8703"}],"wp:attachment":[{"href":"https:\/\/www.ssv-senftenberg.de\/konzept\/wp-json\/wp\/v2\/media?parent=8641"}],"wp:term":[{"taxonomy":"category","embeddable":true,"href":"https:\/\/www.ssv-senftenberg.de\/konzept\/wp-json\/wp\/v2\/categories?post=8641"},{"taxonomy":"post_tag","embeddable":true,"href":"https:\/\/www.ssv-senftenberg.de\/konzept\/wp-json\/wp\/v2\/tags?post=8641"}],"curies":[{"name":"wp","href":"https:\/\/api.w.org\/{rel}","templated":true}]}}