{"id":8683,"date":"2025-04-07T15:07:17","date_gmt":"2025-04-07T13:07:17","guid":{"rendered":"https:\/\/www.ssv-senftenberg.de\/konzept\/?p=8683"},"modified":"2025-04-07T15:46:01","modified_gmt":"2025-04-07T13:46:01","slug":"8683-2","status":"publish","type":"post","link":"https:\/\/www.ssv-senftenberg.de\/konzept\/8683-2\/","title":{"rendered":"Fr\u00fchjahrswettkampf in Dresden I 23.03.2025"},"content":{"rendered":"<p><img loading=\"lazy\" decoding=\"async\" class=\"alignnone size-full wp-image-8689\" src=\"https:\/\/www.ssv-senftenberg.de\/konzept\/wp-content\/uploads\/2025\/04\/WhatsApp-Bild-2025-04-02-um-15.10.39_823f9276.jpg\" alt=\"\" width=\"1600\" height=\"1351\" srcset=\"https:\/\/www.ssv-senftenberg.de\/konzept\/wp-content\/uploads\/2025\/04\/WhatsApp-Bild-2025-04-02-um-15.10.39_823f9276.jpg 1600w, https:\/\/www.ssv-senftenberg.de\/konzept\/wp-content\/uploads\/2025\/04\/WhatsApp-Bild-2025-04-02-um-15.10.39_823f9276-300x253.jpg 300w, https:\/\/www.ssv-senftenberg.de\/konzept\/wp-content\/uploads\/2025\/04\/WhatsApp-Bild-2025-04-02-um-15.10.39_823f9276-1024x865.jpg 1024w, https:\/\/www.ssv-senftenberg.de\/konzept\/wp-content\/uploads\/2025\/04\/WhatsApp-Bild-2025-04-02-um-15.10.39_823f9276-768x648.jpg 768w, https:\/\/www.ssv-senftenberg.de\/konzept\/wp-content\/uploads\/2025\/04\/WhatsApp-Bild-2025-04-02-um-15.10.39_823f9276-1536x1297.jpg 1536w\" sizes=\"auto, (max-width: 767px) 89vw, (max-width: 1000px) 54vw, (max-width: 1071px) 543px, 580px\" \/><\/p>\n<p>Der Fr\u00fchjahrswettkampf in Dresden war ein aufregendes Event, das besonders f\u00fcr die jungen Talente im Schwimmsport ein H\u00f6hepunkt werden k\u00f6nnte. Auf der 50-Meter-Bahn konnten die Nachwuchsschwimmerinnen und -schwimmer ihr K\u00f6nnen unter Beweis stellen und gl\u00e4nzten mit vielen guten Zeiten und tollen Ergebnissen.<\/p>\n<p><!--more--><\/p>\n<p>Bereits zu Beginn des Wettkampfs war die Spannung f\u00f6rmlich greifbar, als die jungen Athleten sich in den verschiedenen Disziplinen ma\u00dfen. Besonders die 50-Meter-Sprints sorgten f\u00fcr aufregende Momente. Hier zeigten die Teilnehmer nicht nur ihre Geschwindigkeit, sondern auch ihre mentale St\u00e4rke, denn der Wettkampf auf der kurzen Strecke erfordert h\u00f6chste Konzentration und eine perfekte Technik. Viele der jungen Talente konnten ihre pers\u00f6nlichen Bestzeiten knacken und beeindruckten die Zuschauer mit blitzschnellen Starts und mehr oder weniger guten Wenden.<\/p>\n<p>Die 50-Meter-Bahn stellte f\u00fcr die Schwimmer eine besondere Herausforderung dar, da diese kurze, aber intensive Distanz die gesamte Leistungsf\u00e4higkeit auf den Punkt bringt. Doch die jungen Sportler meisterten diese Herausforderung mit Bravour. Es gab zahlreiche Bestleistungen in den verschiedenen Disziplinen wie Freistil, Brust, Schmetterling und R\u00fccken. Besonders hervorzuheben waren die konstant schnellen Zeiten, die sowohl bei den M\u00e4dchen als auch bei den Jungen erzielt wurden.<\/p>\n<p>Die jungen Talente zeigten nicht nur sportliche H\u00f6chstleistungen, sondern auch eine bemerkenswerte Wettkampfh\u00e4rte und Nervenst\u00e4rke. In einigen der Rennen war der Zieleinlauf so knapp, dass die Zuschauer mitfieberten und die Sportler zu H\u00f6chstleistungen anfeuerten. Die Leistungen auf der 50-Meter-Bahn waren ein klarer Beweis f\u00fcr das gro\u00dfe Potenzial, das in unseren jungen Athleten steckt.<\/p>\n<p>Neben den individuellen Erfolgen war es auch die gro\u00dfartige Atmosph\u00e4re, die den Wettkampf zu einem besonderen Erlebnis machte. Die jungen Schwimmer wurden von ihren Trainern, Familien und Freunden tatkr\u00e4ftig unterst\u00fctzt und angefeuert, was den Wettkampfgeist noch weiter anheizte. Der Teamzusammenhalt und die Motivation unter den Athleten waren bemerkenswert und trugen sicherlich zu den vielen tollen Ergebnissen bei.<\/p>\n<p>Zusammenfassend war der Fr\u00fchjahrswettkampf in Dresden ein unvergessliches Event f\u00fcr die jungen Talente im Schwimmsport. Viele pers\u00f6nliche Bestzeiten wurden erzielt, und die Leistungen auf der 50-Meter-Bahn sorgten f\u00fcr beeindruckende Momente. Der Wettkampf zeigte einmal mehr, dass die Nachwuchsarbeit in Dresden auf einem hohen Niveau ist und dass die jungen Schwimmer auf dem besten Weg sind, noch gr\u00f6\u00dfere Erfolge zu feiern.<\/p>\n<p><a href=\"https:\/\/ssv-senftenberg.webclub.app\/oeffentlich-ergebnisse.php?openid=103\">Ergebnisse Fr\u00fchjahrs Wettkampf Dresden<\/a><\/p>\n\n\t\t<!-- MasterSlider -->\n\t\t<div id=\"P_MS69f4fc70bc1c7\" class=\"master-slider-parent msl ms-parent-id-52\" style=\"max-width:800px;\">\n\n\t\t\t\n\t\t\t<!-- MasterSlider Main -->\n\t\t\t<div id=\"MS69f4fc70bc1c7\" class=\"master-slider ms-skin-light-3\" >\n\t\t\t\t \t\t\t\t \n\t\t\t\t<div  class=\"ms-slide\" data-delay=\"3\" data-fill-mode=\"fill\"  >\n\t\t\t\t\t<img decoding=\"async\" src=\"https:\/\/www.ssv-senftenberg.de\/konzept\/wp-content\/plugins\/master-slider\/public\/assets\/css\/blank.gif\" alt=\"\" title=\"\" data-src=\"https:\/\/www.ssv-senftenberg.de\/konzept\/wp-content\/uploads\/2025\/04\/WhatsApp-Bild-2025-04-02-um-15.10.39_e7613aac.jpg\" \/>\n\n\n\t<img decoding=\"async\" class=\"ms-thumb\" src=\"https:\/\/www.ssv-senftenberg.de\/konzept\/wp-content\/uploads\/2025\/04\/WhatsApp-Bild-2025-04-02-um-15.10.39_e7613aac-140x80.jpg\" alt=\"\" \/>\n\t<div class=\"ms-thumb\" ><div class=\"ms-tab-context\"><div class=&quot;ms-tab-context&quot;><\/div><\/div>\n<\/div>\n\t\t\t\t<\/div>\n\t\t\t\t<div  class=\"ms-slide\" data-delay=\"3\" data-fill-mode=\"fill\"  >\n\t\t\t\t\t<img decoding=\"async\" src=\"https:\/\/www.ssv-senftenberg.de\/konzept\/wp-content\/plugins\/master-slider\/public\/assets\/css\/blank.gif\" alt=\"\" title=\"\" data-src=\"https:\/\/www.ssv-senftenberg.de\/konzept\/wp-content\/uploads\/2025\/04\/WhatsApp-Bild-2025-04-02-um-15.10.39_a55654da.jpg\" \/>\n\n\n\t<img decoding=\"async\" class=\"ms-thumb\" src=\"https:\/\/www.ssv-senftenberg.de\/konzept\/wp-content\/uploads\/2025\/04\/WhatsApp-Bild-2025-04-02-um-15.10.39_a55654da-140x80.jpg\" alt=\"\" \/>\n\t<div class=\"ms-thumb\" ><div class=\"ms-tab-context\"><div class=&quot;ms-tab-context&quot;><\/div><\/div>\n<\/div>\n\t\t\t\t<\/div>\n\t\t\t\t<div  class=\"ms-slide\" data-delay=\"3\" data-fill-mode=\"fill\"  >\n\t\t\t\t\t<img decoding=\"async\" src=\"https:\/\/www.ssv-senftenberg.de\/konzept\/wp-content\/plugins\/master-slider\/public\/assets\/css\/blank.gif\" alt=\"\" title=\"\" data-src=\"https:\/\/www.ssv-senftenberg.de\/konzept\/wp-content\/uploads\/2025\/04\/WhatsApp-Bild-2025-04-02-um-15.10.39_903f2297.jpg\" \/>\n\n\n\t<img decoding=\"async\" class=\"ms-thumb\" src=\"https:\/\/www.ssv-senftenberg.de\/konzept\/wp-content\/uploads\/2025\/04\/WhatsApp-Bild-2025-04-02-um-15.10.39_903f2297-140x80.jpg\" alt=\"\" \/>\n\t<div class=\"ms-thumb\" ><div class=\"ms-tab-context\"><div class=&quot;ms-tab-context&quot;><\/div><\/div>\n<\/div>\n\t\t\t\t<\/div>\n\t\t\t\t<div  class=\"ms-slide\" data-delay=\"3\" data-fill-mode=\"fill\"  >\n\t\t\t\t\t<img decoding=\"async\" src=\"https:\/\/www.ssv-senftenberg.de\/konzept\/wp-content\/plugins\/master-slider\/public\/assets\/css\/blank.gif\" alt=\"\" title=\"\" data-src=\"https:\/\/www.ssv-senftenberg.de\/konzept\/wp-content\/uploads\/2025\/04\/WhatsApp-Bild-2025-04-02-um-15.10.39_823f9276.jpg\" \/>\n\n\n\t<img decoding=\"async\" class=\"ms-thumb\" src=\"https:\/\/www.ssv-senftenberg.de\/konzept\/wp-content\/uploads\/2025\/04\/WhatsApp-Bild-2025-04-02-um-15.10.39_823f9276-140x80.jpg\" alt=\"\" \/>\n\t<div class=\"ms-thumb\" ><div class=\"ms-tab-context\"><div class=&quot;ms-tab-context&quot;><\/div><\/div>\n<\/div>\n\t\t\t\t<\/div>\n\t\t\t\t<div  class=\"ms-slide\" data-delay=\"3\" data-fill-mode=\"fill\"  >\n\t\t\t\t\t<img decoding=\"async\" src=\"https:\/\/www.ssv-senftenberg.de\/konzept\/wp-content\/plugins\/master-slider\/public\/assets\/css\/blank.gif\" alt=\"\" title=\"\" data-src=\"https:\/\/www.ssv-senftenberg.de\/konzept\/wp-content\/uploads\/2025\/04\/WhatsApp-Bild-2025-04-02-um-15.10.39_22a84db1.jpg\" \/>\n\n\n\t<img decoding=\"async\" class=\"ms-thumb\" src=\"https:\/\/www.ssv-senftenberg.de\/konzept\/wp-content\/uploads\/2025\/04\/WhatsApp-Bild-2025-04-02-um-15.10.39_22a84db1-140x80.jpg\" alt=\"\" \/>\n\t<div class=\"ms-thumb\" ><div class=\"ms-tab-context\"><div class=&quot;ms-tab-context&quot;><\/div><\/div>\n<\/div>\n\t\t\t\t<\/div>\n\t\t\t\t<div  class=\"ms-slide\" data-delay=\"3\" data-fill-mode=\"fill\"  >\n\t\t\t\t\t<img decoding=\"async\" src=\"https:\/\/www.ssv-senftenberg.de\/konzept\/wp-content\/plugins\/master-slider\/public\/assets\/css\/blank.gif\" alt=\"\" title=\"\" data-src=\"https:\/\/www.ssv-senftenberg.de\/konzept\/wp-content\/uploads\/2025\/04\/WhatsApp-Bild-2025-04-02-um-15.10.39_9c613491.jpg\" \/>\n\n\n\t<img decoding=\"async\" class=\"ms-thumb\" src=\"https:\/\/www.ssv-senftenberg.de\/konzept\/wp-content\/uploads\/2025\/04\/WhatsApp-Bild-2025-04-02-um-15.10.39_9c613491-140x80.jpg\" alt=\"\" \/>\n\t<div class=\"ms-thumb\" ><div class=\"ms-tab-context\"><div class=&quot;ms-tab-context&quot;><\/div><\/div>\n<\/div>\n\t\t\t\t<\/div>\n\t\t\t\t<div  class=\"ms-slide\" data-delay=\"3\" data-fill-mode=\"fill\"  >\n\t\t\t\t\t<img decoding=\"async\" src=\"https:\/\/www.ssv-senftenberg.de\/konzept\/wp-content\/plugins\/master-slider\/public\/assets\/css\/blank.gif\" alt=\"\" title=\"\" data-src=\"https:\/\/www.ssv-senftenberg.de\/konzept\/wp-content\/uploads\/2025\/04\/WhatsApp-Bild-2025-04-02-um-15.10.39_8f2bb914.jpg\" \/>\n\n\n\t<img decoding=\"async\" class=\"ms-thumb\" src=\"https:\/\/www.ssv-senftenberg.de\/konzept\/wp-content\/uploads\/2025\/04\/WhatsApp-Bild-2025-04-02-um-15.10.39_8f2bb914-140x80.jpg\" alt=\"\" \/>\n\t<div class=\"ms-thumb\" ><div class=\"ms-tab-context\"><div class=&quot;ms-tab-context&quot;><\/div><\/div>\n<\/div>\n\t\t\t\t<\/div>\n\t\t\t\t<div  class=\"ms-slide\" data-delay=\"3\" data-fill-mode=\"fill\"  >\n\t\t\t\t\t<img decoding=\"async\" src=\"https:\/\/www.ssv-senftenberg.de\/konzept\/wp-content\/plugins\/master-slider\/public\/assets\/css\/blank.gif\" alt=\"\" title=\"\" data-src=\"https:\/\/www.ssv-senftenberg.de\/konzept\/wp-content\/uploads\/2025\/04\/WhatsApp-Bild-2025-04-02-um-15.10.39_3e552ff4.jpg\" \/>\n\n\n\t<img decoding=\"async\" class=\"ms-thumb\" src=\"https:\/\/www.ssv-senftenberg.de\/konzept\/wp-content\/uploads\/2025\/04\/WhatsApp-Bild-2025-04-02-um-15.10.39_3e552ff4-140x80.jpg\" alt=\"\" \/>\n\t<div class=\"ms-thumb\" ><div class=\"ms-tab-context\"><div class=&quot;ms-tab-context&quot;><\/div><\/div>\n<\/div>\n\t\t\t\t<\/div>\n\t\t\t\t<div  class=\"ms-slide\" data-delay=\"3\" data-fill-mode=\"fill\"  >\n\t\t\t\t\t<img decoding=\"async\" src=\"https:\/\/www.ssv-senftenberg.de\/konzept\/wp-content\/plugins\/master-slider\/public\/assets\/css\/blank.gif\" alt=\"\" title=\"\" data-src=\"https:\/\/www.ssv-senftenberg.de\/konzept\/wp-content\/uploads\/2025\/04\/WhatsApp-Bild-2025-04-02-um-15.10.39_01b93edb.jpg\" \/>\n\n\n\t<img decoding=\"async\" class=\"ms-thumb\" src=\"https:\/\/www.ssv-senftenberg.de\/konzept\/wp-content\/uploads\/2025\/04\/WhatsApp-Bild-2025-04-02-um-15.10.39_01b93edb-140x80.jpg\" alt=\"\" \/>\n\t<div class=\"ms-thumb\" ><div class=\"ms-tab-context\"><div class=&quot;ms-tab-context&quot;><\/div><\/div>\n<\/div>\n\t\t\t\t<\/div>\n\n\t\t\t<\/div>\n\t\t\t<!-- END MasterSlider Main -->\n\n\t\t\t \n\t\t<\/div>\n\t\t<!-- END MasterSlider -->\n\n\t\t<script>\n\t\t(function ( $ ) {\n\t\t\t\"use strict\";\n\n\t\t\t$(function () {\n\t\t\t\tvar masterslider_c1c7 = new MasterSlider();\n\n\t\t\t\t\/\/ slider controls\n\t\t\t\tmasterslider_c1c7.control('arrows'     ,{ autohide:false, overVideo:true  });\t\t\t\tmasterslider_c1c7.control('bullets'    ,{ autohide:false, overVideo:true, dir:'h', align:'bottom' , margin:10  });\n\n\t\t\t\tmasterslider_c1c7.control('thumblist'  ,{ autohide:false, overVideo:true, dir:'h', speed:17, inset:false, arrows:false, hover:false, customClass:'', align:'bottom',type:'thumbs', margin:5, width:140, height:80, space:5, fillMode:'fill'  });\n\t\t\t\tmasterslider_c1c7.control('scrollbar'  ,{ autohide:false, overVideo:true, dir:'h', inset:true, align:'top', color:'#3D3D3D' , margin:10  , width:4 });\n\t\t\t\tmasterslider_c1c7.control('circletimer',{ autohide:false, overVideo:true, color:'#A2A2A2', radius:4, stroke:10   });\n\t\t\t\tmasterslider_c1c7.control('timebar'    ,{ autohide:false, overVideo:true, align:'bottom', color:'#FFFFFF'  , width:4 });\n\t\t\t\t\/\/ slider setup\n\t\t\t\tmasterslider_c1c7.setup(\"MS69f4fc70bc1c7\", {\n\t\t\t\t\t\twidth           : 800,\n\t\t\t\t\t\theight          : 480,\n\t\t\t\t\t\tminHeight       : 0,\n\t\t\t\t\t\tspace           : 0,\n\t\t\t\t\t\tstart           : 1,\n\t\t\t\t\t\tgrabCursor      : true,\n\t\t\t\t\t\tswipe           : true,\n\t\t\t\t\t\tmouse           : true,\n\t\t\t\t\t\tlayout          : \"boxed\",\n\t\t\t\t\t\twheel           : false,\n\t\t\t\t\t\tautoplay        : false,\n\t\t\t\t\t\tinstantStartLayers:false,\n\t\t\t\t\t\tloop            : false,\n\t\t\t\t\t\tshuffle         : false,\n\t\t\t\t\t\tpreload         : 0,\n\t\t\t\t\t\theightLimit     : true,\n\t\t\t\t\t\tautoHeight      : false,\n\t\t\t\t\t\tsmoothHeight    : true,\n\t\t\t\t\t\tendPause        : false,\n\t\t\t\t\t\toverPause       : true,\n\t\t\t\t\t\tfillMode        : \"fill\",\n\t\t\t\t\t\tcenterControls  : true,\n\t\t\t\t\t\tstartOnAppear   : false,\n\t\t\t\t\t\tlayersMode      : \"center\",\n\t\t\t\t\t\thideLayers      : false,\n\t\t\t\t\t\tfullscreenMargin: 0,\n\t\t\t\t\t\tspeed           : 20,\n\t\t\t\t\t\tdir             : \"h\",\n\t\t\t\t\t\tparallaxMode    : 'swipe',\n\t\t\t\t\t\tview            : \"basic\"\n\t\t\t\t});\n\n\t\t\t\t\n\t\t\t\twindow.masterslider_instances = window.masterslider_instances || [];\n\t\t\t\twindow.masterslider_instances.push( masterslider_c1c7 );\n\t\t\t });\n\n\t\t})(jQuery);\n\t\t<\/script>\n\n\n<p>&nbsp;<\/p>\n<p>Sportliche Gr\u00fc\u00dfe<br \/>\n<strong>Christian Hahn<\/strong><br \/>\n<em>Trainer Jhg 2010-2015<\/em><\/p>\n<p>&nbsp;<\/p>\n","protected":false},"excerpt":{"rendered":"<p>Der Fr\u00fchjahrswettkampf in Dresden war ein aufregendes Event, das besonders f\u00fcr die jungen Talente im Schwimmsport ein H\u00f6hepunkt werden k\u00f6nnte. Auf der 50-Meter-Bahn konnten die Nachwuchsschwimmerinnen und -schwimmer ihr K\u00f6nnen unter Beweis stellen und gl\u00e4nzten mit vielen guten Zeiten und tollen Ergebnissen.<\/p>\n","protected":false},"author":9,"featured_media":0,"comment_status":"closed","ping_status":"closed","sticky":false,"template":"","format":"standard","meta":{"footnotes":""},"categories":[1,18],"tags":[],"class_list":["post-8683","post","type-post","status-publish","format-standard","hentry","category-allgemein","category-wk-bericht"],"_links":{"self":[{"href":"https:\/\/www.ssv-senftenberg.de\/konzept\/wp-json\/wp\/v2\/posts\/8683","targetHints":{"allow":["GET"]}}],"collection":[{"href":"https:\/\/www.ssv-senftenberg.de\/konzept\/wp-json\/wp\/v2\/posts"}],"about":[{"href":"https:\/\/www.ssv-senftenberg.de\/konzept\/wp-json\/wp\/v2\/types\/post"}],"author":[{"embeddable":true,"href":"https:\/\/www.ssv-senftenberg.de\/konzept\/wp-json\/wp\/v2\/users\/9"}],"replies":[{"embeddable":true,"href":"https:\/\/www.ssv-senftenberg.de\/konzept\/wp-json\/wp\/v2\/comments?post=8683"}],"version-history":[{"count":7,"href":"https:\/\/www.ssv-senftenberg.de\/konzept\/wp-json\/wp\/v2\/posts\/8683\/revisions"}],"predecessor-version":[{"id":8700,"href":"https:\/\/www.ssv-senftenberg.de\/konzept\/wp-json\/wp\/v2\/posts\/8683\/revisions\/8700"}],"wp:attachment":[{"href":"https:\/\/www.ssv-senftenberg.de\/konzept\/wp-json\/wp\/v2\/media?parent=8683"}],"wp:term":[{"taxonomy":"category","embeddable":true,"href":"https:\/\/www.ssv-senftenberg.de\/konzept\/wp-json\/wp\/v2\/categories?post=8683"},{"taxonomy":"post_tag","embeddable":true,"href":"https:\/\/www.ssv-senftenberg.de\/konzept\/wp-json\/wp\/v2\/tags?post=8683"}],"curies":[{"name":"wp","href":"https:\/\/api.w.org\/{rel}","templated":true}]}}