{"id":8755,"date":"2025-06-27T13:39:37","date_gmt":"2025-06-27T11:39:37","guid":{"rendered":"https:\/\/www.ssv-senftenberg.de\/konzept\/?p=8755"},"modified":"2025-06-27T13:50:31","modified_gmt":"2025-06-27T11:50:31","slug":"ssv-senftenberg-erfolgreich-beim-talentewettkampf-2025","status":"publish","type":"post","link":"https:\/\/www.ssv-senftenberg.de\/konzept\/ssv-senftenberg-erfolgreich-beim-talentewettkampf-2025\/","title":{"rendered":"SSV Senftenberg erfolgreich beim Talentewettkampf 2025"},"content":{"rendered":"<p>Am 22. Juni 2025 stellten sich die j\u00fcngsten Schwimmerinnen und Schwimmer des SSV Senftenberg e.V. beim Talentewettkampf in der Lagune Cottbus der starken regionalen Konkurrenz. Der Wettkampf war in zwei Veranstaltungsabschnitte unterteilt und bot zahlreiche Starts auf 25- und 50-Meter-Strecken.<\/p>\n<p><strong>Dabei machte den Aktiven zus\u00e4tzlich zur sportlichen Herausforderung auch das Wetter zu schaffen:<\/strong> Bei hochsommerlichen Temperaturen von \u00fcber 30\u202f\u00b0C wurde der Tag zur echten Hitzeschlacht. Umso bemerkenswerter sind die Leistungen unserer Kinder, die trotz schwei\u00dftreibender Bedingungen starke Nerven, Ausdauer und Kampfgeist bewiesen.<\/p>\n<p><a href=\"https:\/\/www.ssv-senftenberg.de\/konzept\/wp-content\/uploads\/2025\/06\/twk_2025_2-e1751023702858.jpg\"><img loading=\"lazy\" decoding=\"async\" class=\"alignnone wp-image-8758 \" src=\"https:\/\/www.ssv-senftenberg.de\/konzept\/wp-content\/uploads\/2025\/06\/twk_2025_2-e1751023702858-209x300.jpg\" alt=\"\" width=\"177\" height=\"254\" srcset=\"https:\/\/www.ssv-senftenberg.de\/konzept\/wp-content\/uploads\/2025\/06\/twk_2025_2-e1751023702858-209x300.jpg 209w, https:\/\/www.ssv-senftenberg.de\/konzept\/wp-content\/uploads\/2025\/06\/twk_2025_2-e1751023702858-712x1024.jpg 712w, https:\/\/www.ssv-senftenberg.de\/konzept\/wp-content\/uploads\/2025\/06\/twk_2025_2-e1751023702858-768x1105.jpg 768w, https:\/\/www.ssv-senftenberg.de\/konzept\/wp-content\/uploads\/2025\/06\/twk_2025_2-e1751023702858.jpg 869w\" sizes=\"auto, (max-width: 177px) 100vw, 177px\" \/><\/a><a href=\"https:\/\/www.ssv-senftenberg.de\/konzept\/wp-content\/uploads\/2025\/06\/twk_2025.jpg\"><img loading=\"lazy\" decoding=\"async\" class=\"alignnone wp-image-8759 size-medium\" src=\"https:\/\/www.ssv-senftenberg.de\/konzept\/wp-content\/uploads\/2025\/06\/twk_2025-e1751023757582-300x254.jpg\" alt=\"\" width=\"300\" height=\"254\" srcset=\"https:\/\/www.ssv-senftenberg.de\/konzept\/wp-content\/uploads\/2025\/06\/twk_2025-e1751023757582-300x254.jpg 300w, https:\/\/www.ssv-senftenberg.de\/konzept\/wp-content\/uploads\/2025\/06\/twk_2025-e1751023757582-1024x867.jpg 1024w, https:\/\/www.ssv-senftenberg.de\/konzept\/wp-content\/uploads\/2025\/06\/twk_2025-e1751023757582-768x650.jpg 768w, https:\/\/www.ssv-senftenberg.de\/konzept\/wp-content\/uploads\/2025\/06\/twk_2025-e1751023757582.jpg 1127w\" sizes=\"auto, (max-width: 300px) 100vw, 300px\" \/><\/a><\/p>\n<p><!--more--><\/p>\n<p><strong>1. Veranstaltungsabschnitt \u2013 10:00 Uhr<\/strong> <em>Jahrg\u00e4nge 2018\u20132019<br \/>\n<\/em>Im ersten Abschnitt standen unsere j\u00fcngsten Talente am Start. Auch wenn noch keine Podestplatzierungen erzielt wurden, sammelten die Kinder wichtige Erfahrung und zeigten beeindruckenden Einsatzwillen.<\/p>\n<p><strong>F\u00fcr den SSV Senftenberg starteten:<\/strong><\/p>\n<ul>\n<li style=\"list-style-type: none;\">\n<ul>\n<li><strong>Hedi Helene Volkmann<\/strong> (Jg. 2019) \u202f\u2022 25\u202fm R\u00fccken-Beine \u2013 0:50,56 \u202f\u2022 25\u202fm Kraul-Beine \u2013 0:54,90 \u202f\u2022 25\u202fm Brust-Beine \u2013 0:54,01<\/li>\n<li><strong>Anna Hoffmann<\/strong> (Jg. 2018) \u202f\u2022 25\u202fm R\u00fccken-Beine \u2013 0:35,66 \u202f\u2022 25\u202fm Kraul-Beine \u2013 0:37,08 \u202f\u2022 25\u202fm R\u00fccken \u2013 0:48,01 \u202f\u2022 25\u202fm Kraul \u2013 0:35,33<\/li>\n<\/ul>\n<\/li>\n<\/ul>\n<div><\/div>\n<p><strong>2. Veranstaltungsabschnitt \u2013 12:30 Uhr<\/strong> <em>Jahrg\u00e4nge 2013\u20132017<br \/>\n<\/em>Hier zeigten die Nachwuchsathlet*innen des SSV Senftenberg ihr ganzes K\u00f6nnen \u2013 und belohnten sich mit insgesamt sechs Platzierungen auf dem Podest:<\/p>\n<p><strong>\ud83e\udd47Timo K\u00f6ster<\/strong> (Jg. 2017) \u202f\u2022 25\u202fm R\u00fccken-Beine \u2013 0:28,47<br \/>\n<strong>\ud83e\udd47Timo K\u00f6ster<\/strong> (Jg. 2017) \u202f\u2022 25\u202fm R\u00fccken \u2013 0:29,03<br \/>\n<strong>\ud83e\udd47Neele Fischer<\/strong> (Jg. 2016) \u202f\u2022 50\u202fm Brust-Beine \u2013 0:59,14<br \/>\n<strong>\ud83e\udd48Moritz Zschiesche<\/strong> (Jg. 2015) \u202f\u2022 50\u202fm Kraul-Beine \u2013 1:02,59<br \/>\n<strong>\ud83e\udd49 Neele Fischer<\/strong> (Jg. 2016) \u202f\u2022 50\u202fm Brust \u2013 0:52,78<br \/>\n<strong>\ud83e\udd49 Lani Weinert<\/strong> (Jg. 2014) \u202f\u2022 50\u202fm Delfin-Beine \u2013 1:09,70<br \/>\n<strong>\ud83e\udd49 Charly Krosta<\/strong> (Jg. 2014) \u202f\u2022 50\u202fm Schmetterling \u2013 0:52,57<\/p>\n<div><a href=\"https:\/\/ssv-senftenberg.webclub.app\/oeffentlich-ergebnisse.php?openid=127\">Alle Ergebnisse und das vollst\u00e4ndige Wettkampfprotokoll gibt es in unserem Webclub.<\/a><\/div>\n<div><\/div>\n<p><strong>Fazit:<\/strong> Mit <strong>3 Gold-, 1 Silber- und 3 Bronzemedaillen<\/strong> war der Wettkampf ein voller Erfolg f\u00fcr den SSV Senftenberg. Die Kinder haben nicht nur sportlich \u00fcberzeugt, sondern trotz gro\u00dfer Hitze Durchhalteverm\u00f6gen, Zusammenhalt und Fairness gezeigt.<\/p>\n<p>Ein besonderer Dank gilt unserem <strong>Trainerteam<\/strong> f\u00fcr die tolle Betreuung und Vorbereitung \u2013 sowie den beiden <strong>Wettkampfrichterinnen Anke und Leilani Fr\u00f6hnel<\/strong>, die mit ihrem Einsatz einen wichtigen Beitrag zum Gelingen des Wettkampfs geleistet haben.<\/p>\n<p>Wir gratulieren allen Starter*innen herzlich zu ihren Leistungen und freuen uns schon auf den n\u00e4chsten Einsatz im Wasser!<\/p>\n","protected":false},"excerpt":{"rendered":"<p>Am 22. Juni 2025 stellten sich die j\u00fcngsten Schwimmerinnen und Schwimmer des SSV Senftenberg e.V. beim Talentewettkampf in der Lagune Cottbus der starken regionalen Konkurrenz. Der Wettkampf war in zwei Veranstaltungsabschnitte unterteilt und bot zahlreiche Starts auf 25- und 50-Meter-Strecken. Dabei machte den Aktiven zus\u00e4tzlich zur sportlichen Herausforderung auch das Wetter zu schaffen: Bei hochsommerlichen &hellip; <\/p>\n<p class=\"link-more\"><a href=\"https:\/\/www.ssv-senftenberg.de\/konzept\/ssv-senftenberg-erfolgreich-beim-talentewettkampf-2025\/\" class=\"more-link\"><span class=\"screen-reader-text\">\u201eSSV Senftenberg erfolgreich beim Talentewettkampf 2025\u201c <\/span>weiterlesen<\/a><\/p>\n","protected":false},"author":5,"featured_media":0,"comment_status":"closed","ping_status":"closed","sticky":false,"template":"","format":"standard","meta":{"footnotes":""},"categories":[1,18],"tags":[],"class_list":["post-8755","post","type-post","status-publish","format-standard","hentry","category-allgemein","category-wk-bericht"],"_links":{"self":[{"href":"https:\/\/www.ssv-senftenberg.de\/konzept\/wp-json\/wp\/v2\/posts\/8755","targetHints":{"allow":["GET"]}}],"collection":[{"href":"https:\/\/www.ssv-senftenberg.de\/konzept\/wp-json\/wp\/v2\/posts"}],"about":[{"href":"https:\/\/www.ssv-senftenberg.de\/konzept\/wp-json\/wp\/v2\/types\/post"}],"author":[{"embeddable":true,"href":"https:\/\/www.ssv-senftenberg.de\/konzept\/wp-json\/wp\/v2\/users\/5"}],"replies":[{"embeddable":true,"href":"https:\/\/www.ssv-senftenberg.de\/konzept\/wp-json\/wp\/v2\/comments?post=8755"}],"version-history":[{"count":10,"href":"https:\/\/www.ssv-senftenberg.de\/konzept\/wp-json\/wp\/v2\/posts\/8755\/revisions"}],"predecessor-version":[{"id":8768,"href":"https:\/\/www.ssv-senftenberg.de\/konzept\/wp-json\/wp\/v2\/posts\/8755\/revisions\/8768"}],"wp:attachment":[{"href":"https:\/\/www.ssv-senftenberg.de\/konzept\/wp-json\/wp\/v2\/media?parent=8755"}],"wp:term":[{"taxonomy":"category","embeddable":true,"href":"https:\/\/www.ssv-senftenberg.de\/konzept\/wp-json\/wp\/v2\/categories?post=8755"},{"taxonomy":"post_tag","embeddable":true,"href":"https:\/\/www.ssv-senftenberg.de\/konzept\/wp-json\/wp\/v2\/tags?post=8755"}],"curies":[{"name":"wp","href":"https:\/\/api.w.org\/{rel}","templated":true}]}}