{"id":8770,"date":"2025-07-15T11:22:51","date_gmt":"2025-07-15T09:22:51","guid":{"rendered":"https:\/\/www.ssv-senftenberg.de\/konzept\/?p=8770"},"modified":"2025-07-15T17:48:34","modified_gmt":"2025-07-15T15:48:34","slug":"kampfrichterwesen-im-aufschwung-wichtige-entwicklung-im-verein","status":"publish","type":"post","link":"https:\/\/www.ssv-senftenberg.de\/konzept\/kampfrichterwesen-im-aufschwung-wichtige-entwicklung-im-verein\/","title":{"rendered":"Kampfrichterwesen im Aufschwung \u2013 wichtige Entwicklung im Verein"},"content":{"rendered":"<div>\n<figure id=\"attachment_8778\" aria-describedby=\"caption-attachment-8778\" style=\"width: 2048px\" class=\"wp-caption alignnone\"><img loading=\"lazy\" decoding=\"async\" class=\"wp-image-8778 size-full\" src=\"https:\/\/www.ssv-senftenberg.de\/konzept\/wp-content\/uploads\/2025\/07\/WhatsApp-Bild-2025-07-15-um-11.50.37_496391df.jpg\" alt=\"\" width=\"2048\" height=\"1536\" srcset=\"https:\/\/www.ssv-senftenberg.de\/konzept\/wp-content\/uploads\/2025\/07\/WhatsApp-Bild-2025-07-15-um-11.50.37_496391df.jpg 2048w, https:\/\/www.ssv-senftenberg.de\/konzept\/wp-content\/uploads\/2025\/07\/WhatsApp-Bild-2025-07-15-um-11.50.37_496391df-300x225.jpg 300w, https:\/\/www.ssv-senftenberg.de\/konzept\/wp-content\/uploads\/2025\/07\/WhatsApp-Bild-2025-07-15-um-11.50.37_496391df-1024x768.jpg 1024w, https:\/\/www.ssv-senftenberg.de\/konzept\/wp-content\/uploads\/2025\/07\/WhatsApp-Bild-2025-07-15-um-11.50.37_496391df-768x576.jpg 768w, https:\/\/www.ssv-senftenberg.de\/konzept\/wp-content\/uploads\/2025\/07\/WhatsApp-Bild-2025-07-15-um-11.50.37_496391df-1536x1152.jpg 1536w\" sizes=\"auto, (max-width: 767px) 89vw, (max-width: 1000px) 54vw, (max-width: 1071px) 543px, 580px\" \/><figcaption id=\"caption-attachment-8778\" class=\"wp-caption-text\">Stephanie Zschiesche vom SSV Senftenberg e. V.<\/figcaption><\/figure>\n<\/div>\n<div>\n<p>Im vergangenen Jahr hat sich im Bereich Kampfrichterwesen beim SSV Senftenberg viel bewegt. F\u00fcnf neue Vereinsmitglieder (Anke, Stephanie, Stephanie, Leilani und Julius) haben erfolgreich die Ausbildung zum Kampfrichter absolviert.<\/p>\n<p>Nach ihren ersten praktischen Eins\u00e4tzen stehen sie uns nun als vollwertige Kampfrichter bei Wettk\u00e4mpfen zur Verf\u00fcgung. Diese personelle Verst\u00e4rkung ist ein wichtiger Schritt, um unsere eigenen Veranstaltungen k\u00fcnftig noch reibungsloser und professioneller organisieren zu k\u00f6nnen. Gleichzeitig erm\u00f6glichen sie die Teilnahme an zahlreichen ausw\u00e4rtigen Wettk\u00e4mpfen, bei denen wir verpflichtend Kampfrichter stellen m\u00fcssen \u2013 eine gro\u00dfe Hilfe f\u00fcr unsere Sportlerinnen und Sportler.<\/p>\n<p><a href=\"https:\/\/www.ssv-senftenberg.de\/konzept\/trainer-wettkampfrichter-werden\/\">Ich m\u00f6chte auch Kampfrichter*in werden.<\/a><\/p>\n<\/div>\n<p><!--more--><\/p>\n<p>Darauf aufbauend haben sich Christian, Hendrik und Julius am 5. Juli 2025 in einer Spezialausbildung mit dem Schwerpunkt Freiwasser weiterqualifiziert. Die Schulung wurde vom Schwimmverband NRW durchgef\u00fchrt und bereitet die drei gezielt auf unseren ersten Freiwasserwettkampf am Senftenberger See vor. Dort werden sie erstmals als spezialisierte Kampfrichter im Einsatz sein.<\/p>\n<p>Langfristig verfolgt der SSV Senftenberg das Ziel, m\u00f6glichst alle Kampfrichter auch f\u00fcr Freiwassereins\u00e4tze zu qualifizieren. So m\u00f6chten wir sicherstellen, dass wir auch k\u00fcnftig Freiwasserwettk\u00e4mpfe eigenst\u00e4ndig und auf hohem Niveau durchf\u00fchren k\u00f6nnen.<\/p>\n<p>Ein besonderer Dank gilt an dieser Stelle allen aktiven Kampfrichterinnen, Kampfrichtern und Schiedsrichtern, die bei vereinseigenen sowie ausw\u00e4rtigen Wettk\u00e4mpfen regelm\u00e4\u00dfig im Einsatz sind. Ihr Engagement ist ein unverzichtbarer Beitrag f\u00fcr einen fairen und erfolgreichen Wettkampfbetrieb \u2013 daf\u00fcr sagen wir:\u00a0<strong>Danke!<\/strong><\/p>\n<p>Du m\u00f6chtest dich im Verein engagieren und aktiv zum Gelingen unserer Wettk\u00e4mpfe beitragen? Dann werde Kampfrichter! Wir suchen weiterhin motivierte Mitglieder, die Interesse an einer Ausbildung haben und das Team verst\u00e4rken m\u00f6chten. Bei Interesse melde dich gern bei uns \u2013 wir freuen uns \u00fcber jede Unterst\u00fctzung!<\/p>\n<p><img loading=\"lazy\" decoding=\"async\" class=\"alignnone size-full wp-image-8779\" src=\"https:\/\/www.ssv-senftenberg.de\/konzept\/wp-content\/uploads\/2025\/07\/WhatsApp-Bild-2025-07-15-um-11.53.29_fbf3e664.jpg\" alt=\"\" width=\"1536\" height=\"2048\" srcset=\"https:\/\/www.ssv-senftenberg.de\/konzept\/wp-content\/uploads\/2025\/07\/WhatsApp-Bild-2025-07-15-um-11.53.29_fbf3e664.jpg 1536w, https:\/\/www.ssv-senftenberg.de\/konzept\/wp-content\/uploads\/2025\/07\/WhatsApp-Bild-2025-07-15-um-11.53.29_fbf3e664-225x300.jpg 225w, https:\/\/www.ssv-senftenberg.de\/konzept\/wp-content\/uploads\/2025\/07\/WhatsApp-Bild-2025-07-15-um-11.53.29_fbf3e664-768x1024.jpg 768w, https:\/\/www.ssv-senftenberg.de\/konzept\/wp-content\/uploads\/2025\/07\/WhatsApp-Bild-2025-07-15-um-11.53.29_fbf3e664-1152x1536.jpg 1152w\" sizes=\"auto, (max-width: 767px) 89vw, (max-width: 1000px) 54vw, (max-width: 1071px) 543px, 580px\" \/><\/p>\n<p><a href=\"https:\/\/www.ssv-senftenberg.de\/konzept\/trainer-wettkampfrichter-werden\/\">Ich m\u00f6chte auch Kampfrichter*in werden.<\/a><\/p>\n<p>Sportliche Gr\u00fc\u00dfe<br \/>\n<strong>Julius Sch\u00f6nheid<\/strong><br \/>\n<em>Sportwart<\/em><\/p>\n","protected":false},"excerpt":{"rendered":"<p>Im vergangenen Jahr hat sich im Bereich Kampfrichterwesen beim SSV Senftenberg viel bewegt. F\u00fcnf neue Vereinsmitglieder (Anke, Stephanie, Stephanie, Leilani und Julius) haben erfolgreich die Ausbildung zum Kampfrichter absolviert. Nach ihren ersten praktischen Eins\u00e4tzen stehen sie uns nun als vollwertige Kampfrichter bei Wettk\u00e4mpfen zur Verf\u00fcgung. Diese personelle Verst\u00e4rkung ist ein wichtiger Schritt, um unsere eigenen &hellip; <\/p>\n<p class=\"link-more\"><a href=\"https:\/\/www.ssv-senftenberg.de\/konzept\/kampfrichterwesen-im-aufschwung-wichtige-entwicklung-im-verein\/\" class=\"more-link\"><span class=\"screen-reader-text\">\u201eKampfrichterwesen im Aufschwung \u2013 wichtige Entwicklung im Verein\u201c <\/span>weiterlesen<\/a><\/p>\n","protected":false},"author":9,"featured_media":0,"comment_status":"closed","ping_status":"closed","sticky":false,"template":"","format":"standard","meta":{"footnotes":""},"categories":[1],"tags":[],"class_list":["post-8770","post","type-post","status-publish","format-standard","hentry","category-allgemein"],"_links":{"self":[{"href":"https:\/\/www.ssv-senftenberg.de\/konzept\/wp-json\/wp\/v2\/posts\/8770","targetHints":{"allow":["GET"]}}],"collection":[{"href":"https:\/\/www.ssv-senftenberg.de\/konzept\/wp-json\/wp\/v2\/posts"}],"about":[{"href":"https:\/\/www.ssv-senftenberg.de\/konzept\/wp-json\/wp\/v2\/types\/post"}],"author":[{"embeddable":true,"href":"https:\/\/www.ssv-senftenberg.de\/konzept\/wp-json\/wp\/v2\/users\/9"}],"replies":[{"embeddable":true,"href":"https:\/\/www.ssv-senftenberg.de\/konzept\/wp-json\/wp\/v2\/comments?post=8770"}],"version-history":[{"count":9,"href":"https:\/\/www.ssv-senftenberg.de\/konzept\/wp-json\/wp\/v2\/posts\/8770\/revisions"}],"predecessor-version":[{"id":8791,"href":"https:\/\/www.ssv-senftenberg.de\/konzept\/wp-json\/wp\/v2\/posts\/8770\/revisions\/8791"}],"wp:attachment":[{"href":"https:\/\/www.ssv-senftenberg.de\/konzept\/wp-json\/wp\/v2\/media?parent=8770"}],"wp:term":[{"taxonomy":"category","embeddable":true,"href":"https:\/\/www.ssv-senftenberg.de\/konzept\/wp-json\/wp\/v2\/categories?post=8770"},{"taxonomy":"post_tag","embeddable":true,"href":"https:\/\/www.ssv-senftenberg.de\/konzept\/wp-json\/wp\/v2\/tags?post=8770"}],"curies":[{"name":"wp","href":"https:\/\/api.w.org\/{rel}","templated":true}]}}