{"id":8863,"date":"2025-11-11T01:29:54","date_gmt":"2025-11-11T00:29:54","guid":{"rendered":"https:\/\/www.ssv-senftenberg.de\/konzept\/?p=8863"},"modified":"2025-11-11T08:31:57","modified_gmt":"2025-11-11T07:31:57","slug":"ssv-senftenberg-ueberzeugt-bei-den-kurzbahn-landesmeisterschaften-in-cottbus-starke-leistungen-trotz-schwieriger-trainingsbedingungen","status":"publish","type":"post","link":"https:\/\/www.ssv-senftenberg.de\/konzept\/ssv-senftenberg-ueberzeugt-bei-den-kurzbahn-landesmeisterschaften-in-cottbus-starke-leistungen-trotz-schwieriger-trainingsbedingungen\/","title":{"rendered":"SSV Senftenberg \u00fcberzeugt bei den Kurzbahn-Landesmeisterschaften in Cottbus \u2013 starke Leistungen trotz schwieriger Trainingsbedingungen"},"content":{"rendered":"<p>Am <strong>8. und 9. November 2025<\/strong> fanden in der <strong>Lagune Cottbus<\/strong> die <strong>Kurzbahn-Landesmeisterschaften des Landesschwimmverbandes Brandenburg<\/strong>\u00a0statt.<br \/>\n\u00dcber <strong>350 Schwimmerinnen und Schwimmer aus 24 Vereinen<\/strong> traten an, um die Landesmeistertitel auszuschwimmen. Die Stimmung war ausgelassen und die Organisation tadellos.<br \/>\nAuch der <strong>SSV Senftenberg e. V.<\/strong> war mit einer kleinen aber engagierten Mannschaft vertreten, die es durch Leistungen in vergangenen Wettk\u00e4mpfen schaffte, sich f\u00fcr die Teilnahme an der Landesmeisterschaft zu qualifizieren.<\/p>\n\n\t\t<!-- MasterSlider -->\n\t\t<div id=\"P_MS69f49957e685c\" class=\"master-slider-parent msl ms-parent-id-57\" style=\"max-width:800px;\">\n\n\t\t\t\n\t\t\t<!-- MasterSlider Main -->\n\t\t\t<div id=\"MS69f49957e685c\" class=\"master-slider ms-skin-default\" >\n\t\t\t\t \t\t\t\t \n\t\t\t\t<div  class=\"ms-slide\" data-delay=\"3\" data-fill-mode=\"fill\"  >\n\t\t\t\t\t<img decoding=\"async\" src=\"https:\/\/www.ssv-senftenberg.de\/konzept\/wp-content\/plugins\/master-slider\/public\/assets\/css\/blank.gif\" alt=\"\" title=\"\" data-src=\"https:\/\/www.ssv-senftenberg.de\/konzept\/wp-content\/uploads\/2025\/11\/WhatsApp-Bild-2025-11-08-um-10.20.59_c22ef89d.jpg\" \/>\n\n\n\t<img decoding=\"async\" class=\"ms-thumb\" src=\"https:\/\/www.ssv-senftenberg.de\/konzept\/wp-content\/uploads\/2025\/11\/WhatsApp-Bild-2025-11-08-um-10.20.59_c22ef89d-140x80.jpg\" alt=\"\" \/>\n\t<div class=\"ms-thumb\" ><div class=\"ms-tab-context\"><div class=&quot;ms-tab-context&quot;><\/div><\/div>\n<\/div>\n\t\t\t\t<\/div>\n\t\t\t\t<div  class=\"ms-slide\" data-delay=\"3\" data-fill-mode=\"fill\"  >\n\t\t\t\t\t<img decoding=\"async\" src=\"https:\/\/www.ssv-senftenberg.de\/konzept\/wp-content\/plugins\/master-slider\/public\/assets\/css\/blank.gif\" alt=\"\" title=\"\" data-src=\"https:\/\/www.ssv-senftenberg.de\/konzept\/wp-content\/uploads\/2025\/11\/WhatsApp-Bild-2025-11-10-um-13.35.33_079f9d5e.jpg\" \/>\n\n\n\t<img decoding=\"async\" class=\"ms-thumb\" src=\"https:\/\/www.ssv-senftenberg.de\/konzept\/wp-content\/uploads\/2025\/11\/WhatsApp-Bild-2025-11-10-um-13.35.33_079f9d5e-140x80.jpg\" alt=\"\" \/>\n\t<div class=\"ms-thumb\" ><div class=\"ms-tab-context\"><div class=&quot;ms-tab-context&quot;><\/div><\/div>\n<\/div>\n\t\t\t\t<\/div>\n\t\t\t\t<div  class=\"ms-slide\" data-delay=\"3\" data-fill-mode=\"fill\"  >\n\t\t\t\t\t<img decoding=\"async\" src=\"https:\/\/www.ssv-senftenberg.de\/konzept\/wp-content\/plugins\/master-slider\/public\/assets\/css\/blank.gif\" alt=\"\" title=\"\" data-src=\"https:\/\/www.ssv-senftenberg.de\/konzept\/wp-content\/uploads\/2025\/11\/WhatsApp-Bild-2025-11-10-um-13.17.55_e7a29b75.jpg\" \/>\n\n\n\t<img decoding=\"async\" class=\"ms-thumb\" src=\"https:\/\/www.ssv-senftenberg.de\/konzept\/wp-content\/uploads\/2025\/11\/WhatsApp-Bild-2025-11-10-um-13.17.55_e7a29b75-140x80.jpg\" alt=\"\" \/>\n\t<div class=\"ms-thumb\" ><div class=\"ms-tab-context\"><div class=&quot;ms-tab-context&quot;><\/div><\/div>\n<\/div>\n\t\t\t\t<\/div>\n\t\t\t\t<div  class=\"ms-slide\" data-delay=\"3\" data-fill-mode=\"fill\"  >\n\t\t\t\t\t<img decoding=\"async\" src=\"https:\/\/www.ssv-senftenberg.de\/konzept\/wp-content\/plugins\/master-slider\/public\/assets\/css\/blank.gif\" alt=\"\" title=\"\" data-src=\"https:\/\/www.ssv-senftenberg.de\/konzept\/wp-content\/uploads\/2025\/11\/WhatsApp-Bild-2025-11-10-um-13.16.21_adf17a86.jpg\" \/>\n\n\n\t<img decoding=\"async\" class=\"ms-thumb\" src=\"https:\/\/www.ssv-senftenberg.de\/konzept\/wp-content\/uploads\/2025\/11\/WhatsApp-Bild-2025-11-10-um-13.16.21_adf17a86-140x80.jpg\" alt=\"\" \/>\n\t<div class=\"ms-thumb\" ><div class=\"ms-tab-context\"><div class=&quot;ms-tab-context&quot;><\/div><\/div>\n<\/div>\n\t\t\t\t<\/div>\n\t\t\t\t<div  class=\"ms-slide\" data-delay=\"3\" data-fill-mode=\"fill\"  >\n\t\t\t\t\t<img decoding=\"async\" src=\"https:\/\/www.ssv-senftenberg.de\/konzept\/wp-content\/plugins\/master-slider\/public\/assets\/css\/blank.gif\" alt=\"\" title=\"\" data-src=\"https:\/\/www.ssv-senftenberg.de\/konzept\/wp-content\/uploads\/2025\/11\/WhatsApp-Bild-2025-11-08-um-16.51.17_8f1ed9ee-e1762820229764.jpg\" \/>\n\n\n\t<img decoding=\"async\" class=\"ms-thumb\" src=\"https:\/\/www.ssv-senftenberg.de\/konzept\/wp-content\/uploads\/2025\/11\/WhatsApp-Bild-2025-11-08-um-16.51.17_8f1ed9ee-e1762820229764-140x80.jpg\" alt=\"\" \/>\n\t<div class=\"ms-thumb\" ><div class=\"ms-tab-context\"><div class=&quot;ms-tab-context&quot;><\/div><\/div>\n<\/div>\n\t\t\t\t<\/div>\n\t\t\t\t<div  class=\"ms-slide\" data-delay=\"3\" data-fill-mode=\"fill\"  >\n\t\t\t\t\t<img decoding=\"async\" src=\"https:\/\/www.ssv-senftenberg.de\/konzept\/wp-content\/plugins\/master-slider\/public\/assets\/css\/blank.gif\" alt=\"\" title=\"\" data-src=\"https:\/\/www.ssv-senftenberg.de\/konzept\/wp-content\/uploads\/2025\/11\/WhatsApp-Bild-2025-11-08-um-16.51.16_b9fecada-e1762820311967.jpg\" \/>\n\n\n\t<img decoding=\"async\" class=\"ms-thumb\" src=\"https:\/\/www.ssv-senftenberg.de\/konzept\/wp-content\/uploads\/2025\/11\/WhatsApp-Bild-2025-11-08-um-16.51.16_b9fecada-e1762820311967-140x80.jpg\" alt=\"\" \/>\n\t<div class=\"ms-thumb\" ><div class=\"ms-tab-context\"><div class=&quot;ms-tab-context&quot;><\/div><\/div>\n<\/div>\n\t\t\t\t<\/div>\n\t\t\t\t<div  class=\"ms-slide\" data-delay=\"3\" data-fill-mode=\"fill\"  >\n\t\t\t\t\t<img decoding=\"async\" src=\"https:\/\/www.ssv-senftenberg.de\/konzept\/wp-content\/plugins\/master-slider\/public\/assets\/css\/blank.gif\" alt=\"\" title=\"\" data-src=\"https:\/\/www.ssv-senftenberg.de\/konzept\/wp-content\/uploads\/2025\/11\/WhatsApp-Bild-2025-11-09-um-17.09.19_49b76d3d-e1762820199411.jpg\" \/>\n\n\n\t<img decoding=\"async\" class=\"ms-thumb\" src=\"https:\/\/www.ssv-senftenberg.de\/konzept\/wp-content\/uploads\/2025\/11\/WhatsApp-Bild-2025-11-09-um-17.09.19_49b76d3d-e1762820199411-140x80.jpg\" alt=\"\" \/>\n\t<div class=\"ms-thumb\" ><div class=\"ms-tab-context\"><div class=&quot;ms-tab-context&quot;><\/div><\/div>\n<\/div>\n\t\t\t\t<\/div>\n\n\t\t\t<\/div>\n\t\t\t<!-- END MasterSlider Main -->\n\n\t\t\t \n\t\t<\/div>\n\t\t<!-- END MasterSlider -->\n\n\t\t<script>\n\t\t(function ( $ ) {\n\t\t\t\"use strict\";\n\n\t\t\t$(function () {\n\t\t\t\tvar masterslider_685c = new MasterSlider();\n\n\t\t\t\t\/\/ slider controls\n\t\t\t\tmasterslider_685c.control('arrows'     ,{ autohide:false, overVideo:true  });\t\t\t\tmasterslider_685c.control('bullets'    ,{ autohide:false, overVideo:true, dir:'h', align:'bottom' , margin:10  });\n\n\t\t\t\tmasterslider_685c.control('thumblist'  ,{ autohide:false, overVideo:true, dir:'h', speed:17, inset:false, arrows:false, hover:false, customClass:'', align:'bottom',type:'thumbs', margin:5, width:140, height:80, space:5, fillMode:'fill'  });\n\t\t\t\t\/\/ slider setup\n\t\t\t\tmasterslider_685c.setup(\"MS69f49957e685c\", {\n\t\t\t\t\t\twidth           : 480,\n\t\t\t\t\t\theight          : 800,\n\t\t\t\t\t\tminHeight       : 0,\n\t\t\t\t\t\tspace           : 0,\n\t\t\t\t\t\tstart           : 1,\n\t\t\t\t\t\tgrabCursor      : true,\n\t\t\t\t\t\tswipe           : true,\n\t\t\t\t\t\tmouse           : true,\n\t\t\t\t\t\tlayout          : \"boxed\",\n\t\t\t\t\t\twheel           : false,\n\t\t\t\t\t\tautoplay        : false,\n\t\t\t\t\t\tinstantStartLayers:false,\n\t\t\t\t\t\tloop            : false,\n\t\t\t\t\t\tshuffle         : false,\n\t\t\t\t\t\tpreload         : 0,\n\t\t\t\t\t\theightLimit     : true,\n\t\t\t\t\t\tautoHeight      : true,\n\t\t\t\t\t\tsmoothHeight    : true,\n\t\t\t\t\t\tendPause        : false,\n\t\t\t\t\t\toverPause       : true,\n\t\t\t\t\t\tfillMode        : \"fill\",\n\t\t\t\t\t\tcenterControls  : true,\n\t\t\t\t\t\tstartOnAppear   : false,\n\t\t\t\t\t\tlayersMode      : \"center\",\n\t\t\t\t\t\thideLayers      : false,\n\t\t\t\t\t\tfullscreenMargin: 0,\n\t\t\t\t\t\tspeed           : 20,\n\t\t\t\t\t\tdir             : \"h\",\n\t\t\t\t\t\tparallaxMode    : 'swipe',\n\t\t\t\t\t\tview            : \"basic\"\n\t\t\t\t});\n\n\t\t\t\t\n\t\t\t\twindow.masterslider_instances = window.masterslider_instances || [];\n\t\t\t\twindow.masterslider_instances.push( masterslider_685c );\n\t\t\t });\n\n\t\t})(jQuery);\n\t\t<\/script>\n\n\n<h3>\ud83d\udcaa keine Schwimmhalle aber 9 Podiumspl\u00e4tze<\/h3>\n<p>Besonders bemerkenswert: Seit der <strong>Schlie\u00dfung der Schwimmhalle Senftenberg im Jahr 2022<\/strong> trainiert der Verein unter erschwerten Bedingungen.<br \/>\nTrotz l\u00e4ngerer Fahrtwege zu Trainingsst\u00e4tten, ung\u00fcnstigen Trainingszeiten und hoher Kosten haben sich die Senftenberger Aktiven mit gro\u00dfem Einsatz vorbereitet \u2013<br \/>\nund zeigten in Cottbus, dass <strong>Engagement der Trainer und Sportler letztlich auszahlt<\/strong>.<\/p>\n<p><!--more--><\/p>\n<h3>\ud83c\udfc5 Medaillen und Podiumspl\u00e4tze<\/h3>\n<h4>\ud83e\udd47 Rebecca Hoffmann (Jg. 2015)<\/h4>\n<p><strong>1. Platz \u2013 100 m Schmetterling<\/strong> (1:30,21)<br \/>\n<strong>1. Platz \u2013 100 m Freistil<\/strong> (1:18,83)<br \/>\n<strong>3. Platz \u2013 200 m Freistil<\/strong> (2:57,16)<\/p>\n<h4>\ud83e\udd47 Sophia Maurer (Jg. 2009)<\/h4>\n<p><strong>1. Platz \u2013 400 m Freistil<\/strong> (5:30,76)<br \/>\n<strong>3. Platz \u2013 100 m Freistil<\/strong> (1:10,31)<\/p>\n<h4>\ud83e\udd48 Martin Schultz (Jg. 2009)<\/h4>\n<p><strong>2. Platz \u2013 200 m Freistil<\/strong> (2:18,25)<br \/>\n<strong>3. Platz \u2013 100 m R\u00fccken<\/strong> (1:10,93)<br \/>\n<strong>3. Platz \u2013 50 m R\u00fccken<\/strong> (0:32,00)<\/p>\n<h4>\ud83e\udd49 Timo Schorten (Jg. 2008)<\/h4>\n<p><strong>3. Platz \u2013 200 m Freistil<\/strong> (2:20,24)<\/p>\n<h3>\ud83d\udca6 Starke Leistungen aller Senftenberger Schwimmer<\/h3>\n<p>Auch die weiteren Teilnehmer des SSV Senftenberg zeigten beachtliche Leistungen, viele mit neuen pers\u00f6nlichen Bestzeiten:<\/p>\n<p><strong>Oliver Hoffmann (Jg. 2011)<\/strong> \u2013 Mehrere Top-10-Platzierungen \u00fcber 100 m Schmetterling, 100 m R\u00fccken und 100 m Freistil.<br \/>\n<strong>Luise Thie\u00df (Jg. 2009)<\/strong> \u2013 Platzierungen im Vorderfeld \u00fcber 50 m Schmetterling und 50 m Freistil.<\/p>\n<p><a href=\"https:\/\/ssv-senftenberg.webclub.app\/oeffentlich-ergebnisse.php?openid=138\">Alle Ergebnisse sowie das vollst\u00e4ndige Protokoll gibt es in unserem Webclub.<\/a><\/p>\n<p>\ud83c\udfc5 Mit ihren herausragenden Leistungen wurde Rebecca in die <strong>Auswahlmannschaft des Landesschwimmverbandes Brandenburg<\/strong> berufen<br \/>\nund vertritt das Land beim <strong>Norddeutschen Nachwuchsl\u00e4nderkampf am 22. November 2025 in Berlin<\/strong>. Viel Erfolg!<\/p>\n<h3>\ud83d\ude4f Danksagung<\/h3>\n<p>Ein besonderer Dank gilt <strong>Trainer Hendrik Just<\/strong>, der mit gro\u00dfem Engagement und viel Herzblut die Senftenberger Schwimmerinnen und Schwimmer betreut.<br \/>\nTrotz der schwierigen Trainingsbedingungen investiert er unerm\u00fcdlich Zeit in die Nachwuchsarbeit und tr\u00e4gt ma\u00dfgeblich dazu bei,<br \/>\ndass die Kinder und Jugendlichen motiviert bleiben und sich sportlich weiterentwickeln.<\/p>\n<p>Ebenso herzlich bedankt sich der Verein bei <strong>Familie Reichert<\/strong>, die als <strong>Schiedsrichter und Kampfrichter<\/strong> an der Durchf\u00fchrung der Landesmeisterschaften mitgewirkt hat.<br \/>\nIhr Einsatz und ihre Unterst\u00fctzung sind ein unverzichtbarer Beitrag zum reibungslosen Ablauf solcher Veranstaltungen.<\/p>\n<p>Trotz der anhaltenden Herausforderungen zeigt sich: <strong>Der Schwimmsport in Senftenberg lebt \u2013 und das mit voller Kraft!<\/strong><\/p>\n","protected":false},"excerpt":{"rendered":"<p>Am 8. und 9. November 2025 fanden in der Lagune Cottbus die Kurzbahn-Landesmeisterschaften des Landesschwimmverbandes Brandenburg\u00a0statt. \u00dcber 350 Schwimmerinnen und Schwimmer aus 24 Vereinen traten an, um die Landesmeistertitel auszuschwimmen. Die Stimmung war ausgelassen und die Organisation tadellos. Auch der SSV Senftenberg e. V. war mit einer kleinen aber engagierten Mannschaft vertreten, die es durch &hellip; <\/p>\n<p class=\"link-more\"><a href=\"https:\/\/www.ssv-senftenberg.de\/konzept\/ssv-senftenberg-ueberzeugt-bei-den-kurzbahn-landesmeisterschaften-in-cottbus-starke-leistungen-trotz-schwieriger-trainingsbedingungen\/\" class=\"more-link\"><span class=\"screen-reader-text\">\u201eSSV Senftenberg \u00fcberzeugt bei den Kurzbahn-Landesmeisterschaften in Cottbus \u2013 starke Leistungen trotz schwieriger Trainingsbedingungen\u201c <\/span>weiterlesen<\/a><\/p>\n","protected":false},"author":5,"featured_media":0,"comment_status":"closed","ping_status":"closed","sticky":false,"template":"","format":"standard","meta":{"footnotes":""},"categories":[1,18],"tags":[],"class_list":["post-8863","post","type-post","status-publish","format-standard","hentry","category-allgemein","category-wk-bericht"],"_links":{"self":[{"href":"https:\/\/www.ssv-senftenberg.de\/konzept\/wp-json\/wp\/v2\/posts\/8863","targetHints":{"allow":["GET"]}}],"collection":[{"href":"https:\/\/www.ssv-senftenberg.de\/konzept\/wp-json\/wp\/v2\/posts"}],"about":[{"href":"https:\/\/www.ssv-senftenberg.de\/konzept\/wp-json\/wp\/v2\/types\/post"}],"author":[{"embeddable":true,"href":"https:\/\/www.ssv-senftenberg.de\/konzept\/wp-json\/wp\/v2\/users\/5"}],"replies":[{"embeddable":true,"href":"https:\/\/www.ssv-senftenberg.de\/konzept\/wp-json\/wp\/v2\/comments?post=8863"}],"version-history":[{"count":11,"href":"https:\/\/www.ssv-senftenberg.de\/konzept\/wp-json\/wp\/v2\/posts\/8863\/revisions"}],"predecessor-version":[{"id":8881,"href":"https:\/\/www.ssv-senftenberg.de\/konzept\/wp-json\/wp\/v2\/posts\/8863\/revisions\/8881"}],"wp:attachment":[{"href":"https:\/\/www.ssv-senftenberg.de\/konzept\/wp-json\/wp\/v2\/media?parent=8863"}],"wp:term":[{"taxonomy":"category","embeddable":true,"href":"https:\/\/www.ssv-senftenberg.de\/konzept\/wp-json\/wp\/v2\/categories?post=8863"},{"taxonomy":"post_tag","embeddable":true,"href":"https:\/\/www.ssv-senftenberg.de\/konzept\/wp-json\/wp\/v2\/tags?post=8863"}],"curies":[{"name":"wp","href":"https:\/\/api.w.org\/{rel}","templated":true}]}}