{"id":8937,"date":"2025-12-11T14:27:30","date_gmt":"2025-12-11T13:27:30","guid":{"rendered":"https:\/\/www.ssv-senftenberg.de\/konzept\/?p=8937"},"modified":"2025-12-11T14:36:51","modified_gmt":"2025-12-11T13:36:51","slug":"1-advent-in-erfurt","status":"publish","type":"post","link":"https:\/\/www.ssv-senftenberg.de\/konzept\/1-advent-in-erfurt\/","title":{"rendered":"1. Advent in Erfurt"},"content":{"rendered":"<p><img loading=\"lazy\" decoding=\"async\" class=\"alignnone size-full wp-image-8938\" src=\"https:\/\/www.ssv-senftenberg.de\/konzept\/wp-content\/uploads\/2025\/12\/WhatsApp-Image-2025-12-11-at-14.14.37.jpeg\" alt=\"\" width=\"2048\" height=\"1366\" srcset=\"https:\/\/www.ssv-senftenberg.de\/konzept\/wp-content\/uploads\/2025\/12\/WhatsApp-Image-2025-12-11-at-14.14.37.jpeg 2048w, https:\/\/www.ssv-senftenberg.de\/konzept\/wp-content\/uploads\/2025\/12\/WhatsApp-Image-2025-12-11-at-14.14.37-300x200.jpeg 300w, https:\/\/www.ssv-senftenberg.de\/konzept\/wp-content\/uploads\/2025\/12\/WhatsApp-Image-2025-12-11-at-14.14.37-1024x683.jpeg 1024w, https:\/\/www.ssv-senftenberg.de\/konzept\/wp-content\/uploads\/2025\/12\/WhatsApp-Image-2025-12-11-at-14.14.37-768x512.jpeg 768w, https:\/\/www.ssv-senftenberg.de\/konzept\/wp-content\/uploads\/2025\/12\/WhatsApp-Image-2025-12-11-at-14.14.37-1536x1025.jpeg 1536w\" sizes=\"auto, (max-width: 767px) 89vw, (max-width: 1000px) 54vw, (max-width: 1071px) 543px, 580px\" \/><\/p>\n<p style=\"text-align: left;\">In diesem Jahr waren wir das erste Mal beim 32. Adventsschwimmfest des SSV Erfurt Nord in Erfurt. Dieser Wettkampf fand ohne Richtzeiten am 1. Adventswochenende in der Roland-Matthes-Schwimmhalle in Erfurt statt. Entsprechend gro\u00df war das Interesse anderer Vereine.<\/p>\n<p style=\"text-align: left;\">Aus 9 Landesverb\u00e4nden und sogar aus der Schweiz waren Schwimmerinnen und Schwimmer vertreten. Der Senftenberger Schwimmverein nahm mit 6 Jungen und M\u00e4dchen aus den Schwimmgruppen Hahn und Just teil. Wir konnten mit 54 Einzelstarts gro\u00dfartige Zeiten erzielen und durften auch aufs Siegertreppchen steigen.<\/p>\n<p style=\"text-align: left;\"><!--more--><\/p>\n<p>Unsere Schwimmer konnten sich unter den 41 weiteren Vereinen beweisen und haben einige pers\u00f6nliche Bestzeiten erzielt. Das war nach unserem Trainingslager auf dem Rabenberg nat\u00fcrlich auch das Ziel. So schwammen Rebecca Hoffmann \u00fcber 50m F in sehr guten 35,62s und Charlotte Muschter in 36,41s ins Ziel, beides Bestzeiten.<\/p>\n<p>Auch \u00fcber 200m La waren Sophia Maurer (3:08,80min), Timo Schorten (2:41,54min) und Martin Schulz (2:43,67min) jeweils mit 2. Pl\u00e4tzen und Bestzeiten erfolgreich.<\/p>\n<p>Auch auf den Strecken 100m R\u00fc schwamm Olver Hoffmann eine Bestzeit und wurde genauso wie Martin Schultz \u00fcber diese Strecke 2.<\/p>\n<p>Insgesamt ein sehr gelungener Wettkampf. Wir sind sehr stolz auf alle Sportlerinnen und Sportler, dass sich das lange Training so gut ausgezahlt hat.<\/p>\n\n\t\t<!-- MasterSlider -->\n\t\t<div id=\"P_MS69f4ab012e186\" class=\"master-slider-parent msl ms-parent-id-60\" style=\"max-width:800px;\">\n\n\t\t\t\n\t\t\t<!-- MasterSlider Main -->\n\t\t\t<div id=\"MS69f4ab012e186\" class=\"master-slider ms-skin-light-3\" >\n\t\t\t\t \t\t\t\t \n\t\t\t\t<div  class=\"ms-slide\" data-delay=\"3\" data-fill-mode=\"fill\"  >\n\t\t\t\t\t<img decoding=\"async\" src=\"https:\/\/www.ssv-senftenberg.de\/konzept\/wp-content\/plugins\/master-slider\/public\/assets\/css\/blank.gif\" alt=\"\" title=\"\" data-src=\"https:\/\/www.ssv-senftenberg.de\/konzept\/wp-content\/uploads\/2025\/12\/WhatsApp-Image-2025-12-11-at-14.14.384.jpeg\" \/>\n\n\n\t<img decoding=\"async\" class=\"ms-thumb\" src=\"https:\/\/www.ssv-senftenberg.de\/konzept\/wp-content\/uploads\/2025\/12\/WhatsApp-Image-2025-12-11-at-14.14.384-140x80.jpeg\" alt=\"\" \/>\n\t<div class=\"ms-thumb\" ><div class=\"ms-tab-context\"><div class=&quot;ms-tab-context&quot;><\/div><\/div>\n<\/div>\n\t\t\t\t<\/div>\n\t\t\t\t<div  class=\"ms-slide\" data-delay=\"3\" data-fill-mode=\"fill\"  >\n\t\t\t\t\t<img decoding=\"async\" src=\"https:\/\/www.ssv-senftenberg.de\/konzept\/wp-content\/plugins\/master-slider\/public\/assets\/css\/blank.gif\" alt=\"\" title=\"\" data-src=\"https:\/\/www.ssv-senftenberg.de\/konzept\/wp-content\/uploads\/2025\/12\/WhatsApp-Image-2025-12-11-at-14.14.373.jpeg\" \/>\n\n\n\t<img decoding=\"async\" class=\"ms-thumb\" src=\"https:\/\/www.ssv-senftenberg.de\/konzept\/wp-content\/uploads\/2025\/12\/WhatsApp-Image-2025-12-11-at-14.14.373-140x80.jpeg\" alt=\"\" \/>\n\t<div class=\"ms-thumb\" ><div class=\"ms-tab-context\"><div class=&quot;ms-tab-context&quot;><\/div><\/div>\n<\/div>\n\t\t\t\t<\/div>\n\t\t\t\t<div  class=\"ms-slide\" data-delay=\"3\" data-fill-mode=\"fill\"  >\n\t\t\t\t\t<img decoding=\"async\" src=\"https:\/\/www.ssv-senftenberg.de\/konzept\/wp-content\/plugins\/master-slider\/public\/assets\/css\/blank.gif\" alt=\"\" title=\"\" data-src=\"https:\/\/www.ssv-senftenberg.de\/konzept\/wp-content\/uploads\/2025\/12\/WhatsApp-Image-2025-12-11-at-14.14.386.jpeg\" \/>\n\n\n\t<img decoding=\"async\" class=\"ms-thumb\" src=\"https:\/\/www.ssv-senftenberg.de\/konzept\/wp-content\/uploads\/2025\/12\/WhatsApp-Image-2025-12-11-at-14.14.386-140x80.jpeg\" alt=\"\" \/>\n\t<div class=\"ms-thumb\" ><div class=\"ms-tab-context\"><div class=&quot;ms-tab-context&quot;><\/div><\/div>\n<\/div>\n\t\t\t\t<\/div>\n\t\t\t\t<div  class=\"ms-slide\" data-delay=\"3\" data-fill-mode=\"fill\"  >\n\t\t\t\t\t<img decoding=\"async\" src=\"https:\/\/www.ssv-senftenberg.de\/konzept\/wp-content\/plugins\/master-slider\/public\/assets\/css\/blank.gif\" alt=\"\" title=\"\" data-src=\"https:\/\/www.ssv-senftenberg.de\/konzept\/wp-content\/uploads\/2025\/12\/WhatsApp-Image-2025-12-11-at-14.14.385.jpeg\" \/>\n\n\n\t<img decoding=\"async\" class=\"ms-thumb\" src=\"https:\/\/www.ssv-senftenberg.de\/konzept\/wp-content\/uploads\/2025\/12\/WhatsApp-Image-2025-12-11-at-14.14.385-140x80.jpeg\" alt=\"\" \/>\n\t<div class=\"ms-thumb\" ><div class=\"ms-tab-context\"><div class=&quot;ms-tab-context&quot;><\/div><\/div>\n<\/div>\n\t\t\t\t<\/div>\n\t\t\t\t<div  class=\"ms-slide\" data-delay=\"3\" data-fill-mode=\"fill\"  >\n\t\t\t\t\t<img decoding=\"async\" src=\"https:\/\/www.ssv-senftenberg.de\/konzept\/wp-content\/plugins\/master-slider\/public\/assets\/css\/blank.gif\" alt=\"\" title=\"\" data-src=\"https:\/\/www.ssv-senftenberg.de\/konzept\/wp-content\/uploads\/2025\/12\/WhatsApp-Image-2025-12-11-at-14.14.37.jpeg\" \/>\n\n\n\t<img decoding=\"async\" class=\"ms-thumb\" src=\"https:\/\/www.ssv-senftenberg.de\/konzept\/wp-content\/uploads\/2025\/12\/WhatsApp-Image-2025-12-11-at-14.14.37-140x80.jpeg\" alt=\"\" \/>\n\t<div class=\"ms-thumb\" ><div class=\"ms-tab-context\"><div class=&quot;ms-tab-context&quot;><\/div><\/div>\n<\/div>\n\t\t\t\t<\/div>\n\n\t\t\t<\/div>\n\t\t\t<!-- END MasterSlider Main -->\n\n\t\t\t \n\t\t<\/div>\n\t\t<!-- END MasterSlider -->\n\n\t\t<script>\n\t\t(function ( $ ) {\n\t\t\t\"use strict\";\n\n\t\t\t$(function () {\n\t\t\t\tvar masterslider_e186 = new MasterSlider();\n\n\t\t\t\t\/\/ slider controls\n\t\t\t\tmasterslider_e186.control('arrows'     ,{ autohide:false, overVideo:true  });\t\t\t\tmasterslider_e186.control('bullets'    ,{ autohide:false, overVideo:true, dir:'h', align:'bottom' , margin:10  });\n\n\t\t\t\tmasterslider_e186.control('thumblist'  ,{ autohide:false, overVideo:true, dir:'h', speed:17, inset:false, arrows:false, hover:false, customClass:'', align:'bottom',type:'thumbs', margin:5, width:140, height:80, space:5, fillMode:'fill'  });\n\t\t\t\tmasterslider_e186.control('scrollbar'  ,{ autohide:false, overVideo:true, dir:'h', inset:true, align:'top', color:'#3D3D3D' , margin:10  , width:4 });\n\t\t\t\tmasterslider_e186.control('circletimer',{ autohide:false, overVideo:true, color:'#A2A2A2', radius:4, stroke:10   });\n\t\t\t\tmasterslider_e186.control('timebar'    ,{ autohide:false, overVideo:true, align:'bottom', color:'#FFFFFF'  , width:4 });\n\t\t\t\t\/\/ slider setup\n\t\t\t\tmasterslider_e186.setup(\"MS69f4ab012e186\", {\n\t\t\t\t\t\twidth           : 800,\n\t\t\t\t\t\theight          : 480,\n\t\t\t\t\t\tminHeight       : 0,\n\t\t\t\t\t\tspace           : 0,\n\t\t\t\t\t\tstart           : 1,\n\t\t\t\t\t\tgrabCursor      : true,\n\t\t\t\t\t\tswipe           : true,\n\t\t\t\t\t\tmouse           : true,\n\t\t\t\t\t\tlayout          : \"boxed\",\n\t\t\t\t\t\twheel           : false,\n\t\t\t\t\t\tautoplay        : false,\n\t\t\t\t\t\tinstantStartLayers:false,\n\t\t\t\t\t\tloop            : false,\n\t\t\t\t\t\tshuffle         : false,\n\t\t\t\t\t\tpreload         : 0,\n\t\t\t\t\t\theightLimit     : true,\n\t\t\t\t\t\tautoHeight      : false,\n\t\t\t\t\t\tsmoothHeight    : true,\n\t\t\t\t\t\tendPause        : false,\n\t\t\t\t\t\toverPause       : true,\n\t\t\t\t\t\tfillMode        : \"fill\",\n\t\t\t\t\t\tcenterControls  : true,\n\t\t\t\t\t\tstartOnAppear   : false,\n\t\t\t\t\t\tlayersMode      : \"center\",\n\t\t\t\t\t\thideLayers      : false,\n\t\t\t\t\t\tfullscreenMargin: 0,\n\t\t\t\t\t\tspeed           : 20,\n\t\t\t\t\t\tdir             : \"h\",\n\t\t\t\t\t\tparallaxMode    : 'swipe',\n\t\t\t\t\t\tview            : \"basic\"\n\t\t\t\t});\n\n\t\t\t\t\n\t\t\t\twindow.masterslider_instances = window.masterslider_instances || [];\n\t\t\t\twindow.masterslider_instances.push( masterslider_e186 );\n\t\t\t });\n\n\t\t})(jQuery);\n\t\t<\/script>\n\n\n<p>Sportliche Gr\u00fc\u00dfe<br \/>\n<em>Hendrik Just<\/em><br \/>\n<strong><em>Trainer Jhg 2006-2012<\/em><\/strong><\/p>\n","protected":false},"excerpt":{"rendered":"<p>In diesem Jahr waren wir das erste Mal beim 32. Adventsschwimmfest des SSV Erfurt Nord in Erfurt. Dieser Wettkampf fand ohne Richtzeiten am 1. Adventswochenende in der Roland-Matthes-Schwimmhalle in Erfurt statt. Entsprechend gro\u00df war das Interesse anderer Vereine. Aus 9 Landesverb\u00e4nden und sogar aus der Schweiz waren Schwimmerinnen und Schwimmer vertreten. Der Senftenberger Schwimmverein nahm &hellip; <\/p>\n<p class=\"link-more\"><a href=\"https:\/\/www.ssv-senftenberg.de\/konzept\/1-advent-in-erfurt\/\" class=\"more-link\"><span class=\"screen-reader-text\">\u201e1. Advent in Erfurt\u201c <\/span>weiterlesen<\/a><\/p>\n","protected":false},"author":9,"featured_media":0,"comment_status":"closed","ping_status":"closed","sticky":false,"template":"","format":"standard","meta":{"footnotes":""},"categories":[1],"tags":[],"class_list":["post-8937","post","type-post","status-publish","format-standard","hentry","category-allgemein"],"_links":{"self":[{"href":"https:\/\/www.ssv-senftenberg.de\/konzept\/wp-json\/wp\/v2\/posts\/8937","targetHints":{"allow":["GET"]}}],"collection":[{"href":"https:\/\/www.ssv-senftenberg.de\/konzept\/wp-json\/wp\/v2\/posts"}],"about":[{"href":"https:\/\/www.ssv-senftenberg.de\/konzept\/wp-json\/wp\/v2\/types\/post"}],"author":[{"embeddable":true,"href":"https:\/\/www.ssv-senftenberg.de\/konzept\/wp-json\/wp\/v2\/users\/9"}],"replies":[{"embeddable":true,"href":"https:\/\/www.ssv-senftenberg.de\/konzept\/wp-json\/wp\/v2\/comments?post=8937"}],"version-history":[{"count":7,"href":"https:\/\/www.ssv-senftenberg.de\/konzept\/wp-json\/wp\/v2\/posts\/8937\/revisions"}],"predecessor-version":[{"id":8951,"href":"https:\/\/www.ssv-senftenberg.de\/konzept\/wp-json\/wp\/v2\/posts\/8937\/revisions\/8951"}],"wp:attachment":[{"href":"https:\/\/www.ssv-senftenberg.de\/konzept\/wp-json\/wp\/v2\/media?parent=8937"}],"wp:term":[{"taxonomy":"category","embeddable":true,"href":"https:\/\/www.ssv-senftenberg.de\/konzept\/wp-json\/wp\/v2\/categories?post=8937"},{"taxonomy":"post_tag","embeddable":true,"href":"https:\/\/www.ssv-senftenberg.de\/konzept\/wp-json\/wp\/v2\/tags?post=8937"}],"curies":[{"name":"wp","href":"https:\/\/api.w.org\/{rel}","templated":true}]}}