{"id":8955,"date":"2026-01-05T14:58:17","date_gmt":"2026-01-05T13:58:17","guid":{"rendered":"https:\/\/www.ssv-senftenberg.de\/konzept\/?p=8955"},"modified":"2026-01-05T15:00:04","modified_gmt":"2026-01-05T14:00:04","slug":"neujahresgruesse","status":"publish","type":"post","link":"https:\/\/www.ssv-senftenberg.de\/konzept\/neujahresgruesse\/","title":{"rendered":"Neujahresgr\u00fc\u00dfe"},"content":{"rendered":"<p><img loading=\"lazy\" decoding=\"async\" class=\"alignnone size-full wp-image-8821\" src=\"https:\/\/www.ssv-senftenberg.de\/konzept\/wp-content\/uploads\/2025\/08\/WhatsApp-Bild-2025-08-20-um-19.28.42_ec183308.jpg\" alt=\"\" width=\"1440\" height=\"1080\" srcset=\"https:\/\/www.ssv-senftenberg.de\/konzept\/wp-content\/uploads\/2025\/08\/WhatsApp-Bild-2025-08-20-um-19.28.42_ec183308.jpg 1440w, https:\/\/www.ssv-senftenberg.de\/konzept\/wp-content\/uploads\/2025\/08\/WhatsApp-Bild-2025-08-20-um-19.28.42_ec183308-300x225.jpg 300w, https:\/\/www.ssv-senftenberg.de\/konzept\/wp-content\/uploads\/2025\/08\/WhatsApp-Bild-2025-08-20-um-19.28.42_ec183308-1024x768.jpg 1024w, https:\/\/www.ssv-senftenberg.de\/konzept\/wp-content\/uploads\/2025\/08\/WhatsApp-Bild-2025-08-20-um-19.28.42_ec183308-768x576.jpg 768w\" sizes=\"auto, (max-width: 767px) 89vw, (max-width: 1000px) 54vw, (max-width: 1071px) 543px, 580px\" \/><\/p>\n<p>Hallo liebe SSV-Familie,<\/p>\n<p>hinter uns liegt ein tolles, aufregendes Jahr 2025 und wir sagen DANKE an alle Mitglieder f\u00fcr euren Einsatz und eure Verbundenheit. \ud83d\udc99<\/p>\n<p>F\u00fcr das neue Jahr 2026 haben wir einen Vorsatz: Mehr \u201eWIR\u201c! Wir wollen 2026 als Team enger zusammenr\u00fccken, gemeinsam mit euch anpacken und unseren SSV Senftenberg als Gemeinschaft noch st\u00e4rker machen. Denn zusammen macht der Sport am meisten Spa\u00df!<\/p>\n<p>Wir freuen uns auf ein starkes 2026 mit euch! \ud83d\ude80\ud83e\udd42<\/p>\n<p>Christian Hahn<br \/>\n<span style=\"font-size: 1rem;\">1.Vorstandsvorsitzende<\/span><\/p>\n","protected":false},"excerpt":{"rendered":"<p>Hallo liebe SSV-Familie, hinter uns liegt ein tolles, aufregendes Jahr 2025 und wir sagen DANKE an alle Mitglieder f\u00fcr euren Einsatz und eure Verbundenheit. \ud83d\udc99 F\u00fcr das neue Jahr 2026 haben wir einen Vorsatz: Mehr \u201eWIR\u201c! Wir wollen 2026 als Team enger zusammenr\u00fccken, gemeinsam mit euch anpacken und unseren SSV Senftenberg als Gemeinschaft noch st\u00e4rker &hellip; <\/p>\n<p class=\"link-more\"><a href=\"https:\/\/www.ssv-senftenberg.de\/konzept\/neujahresgruesse\/\" class=\"more-link\"><span class=\"screen-reader-text\">\u201eNeujahresgr\u00fc\u00dfe\u201c <\/span>weiterlesen<\/a><\/p>\n","protected":false},"author":9,"featured_media":0,"comment_status":"closed","ping_status":"closed","sticky":false,"template":"","format":"standard","meta":{"footnotes":""},"categories":[1],"tags":[],"class_list":["post-8955","post","type-post","status-publish","format-standard","hentry","category-allgemein"],"_links":{"self":[{"href":"https:\/\/www.ssv-senftenberg.de\/konzept\/wp-json\/wp\/v2\/posts\/8955","targetHints":{"allow":["GET"]}}],"collection":[{"href":"https:\/\/www.ssv-senftenberg.de\/konzept\/wp-json\/wp\/v2\/posts"}],"about":[{"href":"https:\/\/www.ssv-senftenberg.de\/konzept\/wp-json\/wp\/v2\/types\/post"}],"author":[{"embeddable":true,"href":"https:\/\/www.ssv-senftenberg.de\/konzept\/wp-json\/wp\/v2\/users\/9"}],"replies":[{"embeddable":true,"href":"https:\/\/www.ssv-senftenberg.de\/konzept\/wp-json\/wp\/v2\/comments?post=8955"}],"version-history":[{"count":3,"href":"https:\/\/www.ssv-senftenberg.de\/konzept\/wp-json\/wp\/v2\/posts\/8955\/revisions"}],"predecessor-version":[{"id":8958,"href":"https:\/\/www.ssv-senftenberg.de\/konzept\/wp-json\/wp\/v2\/posts\/8955\/revisions\/8958"}],"wp:attachment":[{"href":"https:\/\/www.ssv-senftenberg.de\/konzept\/wp-json\/wp\/v2\/media?parent=8955"}],"wp:term":[{"taxonomy":"category","embeddable":true,"href":"https:\/\/www.ssv-senftenberg.de\/konzept\/wp-json\/wp\/v2\/categories?post=8955"},{"taxonomy":"post_tag","embeddable":true,"href":"https:\/\/www.ssv-senftenberg.de\/konzept\/wp-json\/wp\/v2\/tags?post=8955"}],"curies":[{"name":"wp","href":"https:\/\/api.w.org\/{rel}","templated":true}]}}