{"id":9044,"date":"2026-03-24T16:21:44","date_gmt":"2026-03-24T15:21:44","guid":{"rendered":"https:\/\/www.ssv-senftenberg.de\/konzept\/?p=9044"},"modified":"2026-03-24T16:21:44","modified_gmt":"2026-03-24T15:21:44","slug":"ssv-senftenberg-i-vorstandkompakt-maerz-2026","status":"publish","type":"post","link":"https:\/\/www.ssv-senftenberg.de\/konzept\/ssv-senftenberg-i-vorstandkompakt-maerz-2026\/","title":{"rendered":"SSV Senftenberg I Vorstandkompakt M\u00e4rz 2026"},"content":{"rendered":"<p><img loading=\"lazy\" decoding=\"async\" class=\"alignnone size-full wp-image-9017\" src=\"https:\/\/www.ssv-senftenberg.de\/konzept\/wp-content\/uploads\/2026\/03\/WhatsApp-Image-2026-03-05-at-21.56.14.jpeg\" alt=\"\" width=\"1536\" height=\"1024\" srcset=\"https:\/\/www.ssv-senftenberg.de\/konzept\/wp-content\/uploads\/2026\/03\/WhatsApp-Image-2026-03-05-at-21.56.14.jpeg 1536w, https:\/\/www.ssv-senftenberg.de\/konzept\/wp-content\/uploads\/2026\/03\/WhatsApp-Image-2026-03-05-at-21.56.14-300x200.jpeg 300w, https:\/\/www.ssv-senftenberg.de\/konzept\/wp-content\/uploads\/2026\/03\/WhatsApp-Image-2026-03-05-at-21.56.14-1024x683.jpeg 1024w, https:\/\/www.ssv-senftenberg.de\/konzept\/wp-content\/uploads\/2026\/03\/WhatsApp-Image-2026-03-05-at-21.56.14-768x512.jpeg 768w\" sizes=\"auto, (max-width: 767px) 89vw, (max-width: 1000px) 54vw, (max-width: 1071px) 543px, 580px\" \/><\/p>\n<p>Am 14. M\u00e4rz 2026 fand eine Vorstandssitzung des SSV Senftenberg e.V. statt.<\/p>\n<p>Im Fokus stand die Vorbereitung der kommenden<strong> Mitgliederversammlung<\/strong> sowie die Weiterentwicklung zentraler Vereinsthemen. Die Mitgliederversammlung wurde f\u00fcr den <strong>27.04.2026<\/strong> terminiert.<!--more--><\/p>\n<p>Ein weiterer Schwerpunkt lag auf der Planung des Freiwasserschwimmens sowie der allgemeinen Weiterentwicklung des Vereins.<\/p>\n<p>Zur St\u00e4rkung des Austauschs im Verein wird zudem ein regelm\u00e4\u00dfiger <strong>Masters-Stammtisch<\/strong> eingef\u00fchrt. Der erste Termin findet am <strong>14.04.2026<\/strong> um 18:00 Uhr im Pub Senftenberg statt.<\/p>\n<p>Das vollst\u00e4ndige Protokoll kann bei Bedarf angefordert werden:<br \/>\n\ud83d\udce7 stephanie.jurisch@ssv-senftenberg.de<br \/>\n\ud83d\udcf1 0178 21 28 792<\/p>\n<p>Sportliche Gr\u00fc\u00dfe<br \/>\n<strong>Stephanie Jurisch<\/strong><br \/>\n<em>Presse- &amp; \u00d6ffentlichkeitsarbeit<\/em><\/p>\n","protected":false},"excerpt":{"rendered":"<p>Am 14. M\u00e4rz 2026 fand eine Vorstandssitzung des SSV Senftenberg e.V. statt. Im Fokus stand die Vorbereitung der kommenden Mitgliederversammlung sowie die Weiterentwicklung zentraler Vereinsthemen. Die Mitgliederversammlung wurde f\u00fcr den 27.04.2026 terminiert.<\/p>\n","protected":false},"author":9,"featured_media":0,"comment_status":"closed","ping_status":"closed","sticky":false,"template":"","format":"standard","meta":{"footnotes":""},"categories":[1],"tags":[],"class_list":["post-9044","post","type-post","status-publish","format-standard","hentry","category-allgemein"],"_links":{"self":[{"href":"https:\/\/www.ssv-senftenberg.de\/konzept\/wp-json\/wp\/v2\/posts\/9044","targetHints":{"allow":["GET"]}}],"collection":[{"href":"https:\/\/www.ssv-senftenberg.de\/konzept\/wp-json\/wp\/v2\/posts"}],"about":[{"href":"https:\/\/www.ssv-senftenberg.de\/konzept\/wp-json\/wp\/v2\/types\/post"}],"author":[{"embeddable":true,"href":"https:\/\/www.ssv-senftenberg.de\/konzept\/wp-json\/wp\/v2\/users\/9"}],"replies":[{"embeddable":true,"href":"https:\/\/www.ssv-senftenberg.de\/konzept\/wp-json\/wp\/v2\/comments?post=9044"}],"version-history":[{"count":1,"href":"https:\/\/www.ssv-senftenberg.de\/konzept\/wp-json\/wp\/v2\/posts\/9044\/revisions"}],"predecessor-version":[{"id":9045,"href":"https:\/\/www.ssv-senftenberg.de\/konzept\/wp-json\/wp\/v2\/posts\/9044\/revisions\/9045"}],"wp:attachment":[{"href":"https:\/\/www.ssv-senftenberg.de\/konzept\/wp-json\/wp\/v2\/media?parent=9044"}],"wp:term":[{"taxonomy":"category","embeddable":true,"href":"https:\/\/www.ssv-senftenberg.de\/konzept\/wp-json\/wp\/v2\/categories?post=9044"},{"taxonomy":"post_tag","embeddable":true,"href":"https:\/\/www.ssv-senftenberg.de\/konzept\/wp-json\/wp\/v2\/tags?post=9044"}],"curies":[{"name":"wp","href":"https:\/\/api.w.org\/{rel}","templated":true}]}}