{"id":9056,"date":"2026-03-30T15:02:54","date_gmt":"2026-03-30T13:02:54","guid":{"rendered":"https:\/\/www.ssv-senftenberg.de\/konzept\/?p=9056"},"modified":"2026-03-30T16:56:04","modified_gmt":"2026-03-30T14:56:04","slug":"masters-auf-kurs-itrainingslager-highlight-auf-dem-rabenberg","status":"publish","type":"post","link":"https:\/\/www.ssv-senftenberg.de\/konzept\/masters-auf-kurs-itrainingslager-highlight-auf-dem-rabenberg\/","title":{"rendered":"Masters auf Kurs I Trainingslager-Highlight auf dem Rabenberg"},"content":{"rendered":"<p data-start=\"144\" data-end=\"441\">\u00a0\u00a0<img loading=\"lazy\" decoding=\"async\" class=\"alignnone size-full wp-image-9059\" src=\"https:\/\/www.ssv-senftenberg.de\/konzept\/wp-content\/uploads\/2026\/03\/cd477936-c297-4613-8f61-60c398d75fac.jpg\" alt=\"\" width=\"1810\" height=\"2048\" srcset=\"https:\/\/www.ssv-senftenberg.de\/konzept\/wp-content\/uploads\/2026\/03\/cd477936-c297-4613-8f61-60c398d75fac.jpg 1810w, https:\/\/www.ssv-senftenberg.de\/konzept\/wp-content\/uploads\/2026\/03\/cd477936-c297-4613-8f61-60c398d75fac-265x300.jpg 265w, https:\/\/www.ssv-senftenberg.de\/konzept\/wp-content\/uploads\/2026\/03\/cd477936-c297-4613-8f61-60c398d75fac-905x1024.jpg 905w, https:\/\/www.ssv-senftenberg.de\/konzept\/wp-content\/uploads\/2026\/03\/cd477936-c297-4613-8f61-60c398d75fac-768x869.jpg 768w, https:\/\/www.ssv-senftenberg.de\/konzept\/wp-content\/uploads\/2026\/03\/cd477936-c297-4613-8f61-60c398d75fac-1358x1536.jpg 1358w\" sizes=\"auto, (max-width: 767px) 89vw, (max-width: 1000px) 54vw, (max-width: 1071px) 543px, 580px\" \/><\/p>\n<p>Im M\u00e4rz war es wieder so weit: Unser j\u00e4hrliches Trainingslager der Masters stand an. Mit 15 engagierten Schwimmerinnen und Schwimmern ging es nach Rabenberg, mit klarem Ziel, eine starke Basis f\u00fcr die anstehenden Wettk\u00e4mpfe zu legen, darunter der Sprintertag in Hohenstein-Ernstthal am 18. April.<\/p>\n<p>Das Programm hatte es in sich. In vier intensiven Wassereinheiten wurde an allen Schwimmlagen gearbeitet. Schnelligkeit, Kraft, Ausdauer und Koordination \u2013 alles kam auf den Pr\u00fcfstand. Entsprechend deutlich waren die Einheiten auch zu sp\u00fcren.<!--more--><\/p>\n<p>Umso wichtiger war die Regeneration. Nach der zweiten Einheit sorgte eine gezielte Massage genau im richtigen Moment f\u00fcr Entlastung. Diese Pause hat den Unterschied gemacht und es erm\u00f6glicht, die weiteren Einheiten trotz m\u00fcder Muskeln konzentriert durchzuziehen.<\/p>\n<p>Neben dem sportlichen Fokus war das Trainingslager vor allem auch f\u00fcr den Teamzusammenhalt wertvoll. Durch die aktuell geschlossene Schwimmhalle und die verteilten Trainingsorte im Alltag kommt der gemeinsame Austausch oft zu kurz. Umso sch\u00f6ner waren die gemeinsamen Momente abseits des Beckens \u2013 beim Volleyball, Billard, bei Spazierg\u00e4ngen oder einfach im Gespr\u00e4ch.<\/p>\n<p>Mit neuer Energie und einem kleinen Muskelkater starten wir nun in die kommenden Wettk\u00e4mpfe und freuen uns auf alles, was vor uns liegt.<\/p>\n\n\t\t<!-- MasterSlider -->\n\t\t<div id=\"P_MS69f18b7f8b12a\" class=\"master-slider-parent msl ms-parent-id-64\" style=\"max-width:800px;\">\n\n\t\t\t\n\t\t\t<!-- MasterSlider Main -->\n\t\t\t<div id=\"MS69f18b7f8b12a\" class=\"master-slider ms-skin-light-3\" >\n\t\t\t\t \t\t\t\t \n\t\t\t\t<div  class=\"ms-slide\" data-delay=\"3\" data-fill-mode=\"fill\"  >\n\t\t\t\t\t<img decoding=\"async\" src=\"https:\/\/www.ssv-senftenberg.de\/konzept\/wp-content\/plugins\/master-slider\/public\/assets\/css\/blank.gif\" alt=\"\" title=\"\" data-src=\"https:\/\/www.ssv-senftenberg.de\/konzept\/wp-content\/uploads\/2026\/03\/f3fdf385-0e7b-454f-8c99-c6c469910235.jpg\" \/>\n\n\n\t<img decoding=\"async\" class=\"ms-thumb\" src=\"https:\/\/www.ssv-senftenberg.de\/konzept\/wp-content\/uploads\/2026\/03\/f3fdf385-0e7b-454f-8c99-c6c469910235-140x80.jpg\" alt=\"\" \/>\n\t<div class=\"ms-thumb\" ><div class=\"ms-tab-context\"><div class=&quot;ms-tab-context&quot;><\/div><\/div>\n<\/div>\n\t\t\t\t<\/div>\n\t\t\t\t<div  class=\"ms-slide\" data-delay=\"3\" data-fill-mode=\"fill\"  >\n\t\t\t\t\t<img decoding=\"async\" src=\"https:\/\/www.ssv-senftenberg.de\/konzept\/wp-content\/plugins\/master-slider\/public\/assets\/css\/blank.gif\" alt=\"\" title=\"\" data-src=\"https:\/\/www.ssv-senftenberg.de\/konzept\/wp-content\/uploads\/2026\/03\/d1a47008-c2de-4a43-a3b9-ff6631a546df.jpg\" \/>\n\n\n\t<img decoding=\"async\" class=\"ms-thumb\" src=\"https:\/\/www.ssv-senftenberg.de\/konzept\/wp-content\/uploads\/2026\/03\/d1a47008-c2de-4a43-a3b9-ff6631a546df-140x80.jpg\" alt=\"\" \/>\n\t<div class=\"ms-thumb\" ><div class=\"ms-tab-context\"><div class=&quot;ms-tab-context&quot;><\/div><\/div>\n<\/div>\n\t\t\t\t<\/div>\n\t\t\t\t<div  class=\"ms-slide\" data-delay=\"3\" data-fill-mode=\"fill\"  >\n\t\t\t\t\t<img decoding=\"async\" src=\"https:\/\/www.ssv-senftenberg.de\/konzept\/wp-content\/plugins\/master-slider\/public\/assets\/css\/blank.gif\" alt=\"\" title=\"\" data-src=\"https:\/\/www.ssv-senftenberg.de\/konzept\/wp-content\/uploads\/2026\/03\/cd477936-c297-4613-8f61-60c398d75fac.jpg\" \/>\n\n\n\t<img decoding=\"async\" class=\"ms-thumb\" src=\"https:\/\/www.ssv-senftenberg.de\/konzept\/wp-content\/uploads\/2026\/03\/cd477936-c297-4613-8f61-60c398d75fac-140x80.jpg\" alt=\"\" \/>\n\t<div class=\"ms-thumb\" ><div class=\"ms-tab-context\"><div class=&quot;ms-tab-context&quot;><\/div><\/div>\n<\/div>\n\t\t\t\t<\/div>\n\t\t\t\t<div  class=\"ms-slide\" data-delay=\"3\" data-fill-mode=\"fill\"  >\n\t\t\t\t\t<img decoding=\"async\" src=\"https:\/\/www.ssv-senftenberg.de\/konzept\/wp-content\/plugins\/master-slider\/public\/assets\/css\/blank.gif\" alt=\"\" title=\"\" data-src=\"https:\/\/www.ssv-senftenberg.de\/konzept\/wp-content\/uploads\/2026\/03\/10793665-b8ee-4fa7-946a-31805dca25f4.jpg\" \/>\n\n\n\t<img decoding=\"async\" class=\"ms-thumb\" src=\"https:\/\/www.ssv-senftenberg.de\/konzept\/wp-content\/uploads\/2026\/03\/10793665-b8ee-4fa7-946a-31805dca25f4-140x80.jpg\" alt=\"\" \/>\n\t<div class=\"ms-thumb\" ><div class=\"ms-tab-context\"><div class=&quot;ms-tab-context&quot;><\/div><\/div>\n<\/div>\n\t\t\t\t<\/div>\n\t\t\t\t<div  class=\"ms-slide\" data-delay=\"3\" data-fill-mode=\"fill\"  >\n\t\t\t\t\t<img decoding=\"async\" src=\"https:\/\/www.ssv-senftenberg.de\/konzept\/wp-content\/plugins\/master-slider\/public\/assets\/css\/blank.gif\" alt=\"\" title=\"\" data-src=\"https:\/\/www.ssv-senftenberg.de\/konzept\/wp-content\/uploads\/2026\/03\/7e3bcbd4-4d3c-482d-a319-20fad62b342d.jpg\" \/>\n\n\n\t<img decoding=\"async\" class=\"ms-thumb\" src=\"https:\/\/www.ssv-senftenberg.de\/konzept\/wp-content\/uploads\/2026\/03\/7e3bcbd4-4d3c-482d-a319-20fad62b342d-140x80.jpg\" alt=\"\" \/>\n\t<div class=\"ms-thumb\" ><div class=\"ms-tab-context\"><div class=&quot;ms-tab-context&quot;><\/div><\/div>\n<\/div>\n\t\t\t\t<\/div>\n\n\t\t\t<\/div>\n\t\t\t<!-- END MasterSlider Main -->\n\n\t\t\t \n\t\t<\/div>\n\t\t<!-- END MasterSlider -->\n\n\t\t<script>\n\t\t(function ( $ ) {\n\t\t\t\"use strict\";\n\n\t\t\t$(function () {\n\t\t\t\tvar masterslider_b12a = new MasterSlider();\n\n\t\t\t\t\/\/ slider controls\n\t\t\t\tmasterslider_b12a.control('arrows'     ,{ autohide:false, overVideo:true  });\t\t\t\tmasterslider_b12a.control('bullets'    ,{ autohide:false, overVideo:true, dir:'h', align:'bottom' , margin:10  });\n\n\t\t\t\tmasterslider_b12a.control('thumblist'  ,{ autohide:false, overVideo:true, dir:'h', speed:17, inset:false, arrows:false, hover:false, customClass:'', align:'bottom',type:'thumbs', margin:5, width:140, height:80, space:5, fillMode:'fill'  });\n\t\t\t\tmasterslider_b12a.control('scrollbar'  ,{ autohide:false, overVideo:true, dir:'h', inset:true, align:'top', color:'#3D3D3D' , margin:10  , width:4 });\n\t\t\t\tmasterslider_b12a.control('circletimer',{ autohide:false, overVideo:true, color:'#A2A2A2', radius:4, stroke:10   });\n\t\t\t\tmasterslider_b12a.control('timebar'    ,{ autohide:false, overVideo:true, align:'bottom', color:'#FFFFFF'  , width:4 });\n\t\t\t\t\/\/ slider setup\n\t\t\t\tmasterslider_b12a.setup(\"MS69f18b7f8b12a\", {\n\t\t\t\t\t\twidth           : 800,\n\t\t\t\t\t\theight          : 480,\n\t\t\t\t\t\tminHeight       : 0,\n\t\t\t\t\t\tspace           : 0,\n\t\t\t\t\t\tstart           : 1,\n\t\t\t\t\t\tgrabCursor      : true,\n\t\t\t\t\t\tswipe           : true,\n\t\t\t\t\t\tmouse           : true,\n\t\t\t\t\t\tlayout          : \"boxed\",\n\t\t\t\t\t\twheel           : false,\n\t\t\t\t\t\tautoplay        : false,\n\t\t\t\t\t\tinstantStartLayers:false,\n\t\t\t\t\t\tloop            : false,\n\t\t\t\t\t\tshuffle         : false,\n\t\t\t\t\t\tpreload         : 0,\n\t\t\t\t\t\theightLimit     : true,\n\t\t\t\t\t\tautoHeight      : false,\n\t\t\t\t\t\tsmoothHeight    : true,\n\t\t\t\t\t\tendPause        : false,\n\t\t\t\t\t\toverPause       : true,\n\t\t\t\t\t\tfillMode        : \"fill\",\n\t\t\t\t\t\tcenterControls  : true,\n\t\t\t\t\t\tstartOnAppear   : false,\n\t\t\t\t\t\tlayersMode      : \"center\",\n\t\t\t\t\t\thideLayers      : false,\n\t\t\t\t\t\tfullscreenMargin: 0,\n\t\t\t\t\t\tspeed           : 20,\n\t\t\t\t\t\tdir             : \"h\",\n\t\t\t\t\t\tparallaxMode    : 'swipe',\n\t\t\t\t\t\tview            : \"basic\"\n\t\t\t\t});\n\n\t\t\t\t\n\t\t\t\twindow.masterslider_instances = window.masterslider_instances || [];\n\t\t\t\twindow.masterslider_instances.push( masterslider_b12a );\n\t\t\t });\n\n\t\t})(jQuery);\n\t\t<\/script>\n\n\n<p>Sportliche Gr\u00fc\u00dfe<br \/>\n<em>Christian Hahn<\/em><br \/>\n<strong>Trainer Trainingslager<\/strong><\/p>\n","protected":false},"excerpt":{"rendered":"<p>\u00a0\u00a0 Im M\u00e4rz war es wieder so weit: Unser j\u00e4hrliches Trainingslager der Masters stand an. Mit 15 engagierten Schwimmerinnen und Schwimmern ging es nach Rabenberg, mit klarem Ziel, eine starke Basis f\u00fcr die anstehenden Wettk\u00e4mpfe zu legen, darunter der Sprintertag in Hohenstein-Ernstthal am 18. April. Das Programm hatte es in sich. In vier intensiven Wassereinheiten &hellip; <\/p>\n<p class=\"link-more\"><a href=\"https:\/\/www.ssv-senftenberg.de\/konzept\/masters-auf-kurs-itrainingslager-highlight-auf-dem-rabenberg\/\" class=\"more-link\"><span class=\"screen-reader-text\">\u201eMasters auf Kurs I Trainingslager-Highlight auf dem Rabenberg\u201c <\/span>weiterlesen<\/a><\/p>\n","protected":false},"author":9,"featured_media":0,"comment_status":"closed","ping_status":"closed","sticky":false,"template":"","format":"standard","meta":{"footnotes":""},"categories":[1],"tags":[],"class_list":["post-9056","post","type-post","status-publish","format-standard","hentry","category-allgemein"],"_links":{"self":[{"href":"https:\/\/www.ssv-senftenberg.de\/konzept\/wp-json\/wp\/v2\/posts\/9056","targetHints":{"allow":["GET"]}}],"collection":[{"href":"https:\/\/www.ssv-senftenberg.de\/konzept\/wp-json\/wp\/v2\/posts"}],"about":[{"href":"https:\/\/www.ssv-senftenberg.de\/konzept\/wp-json\/wp\/v2\/types\/post"}],"author":[{"embeddable":true,"href":"https:\/\/www.ssv-senftenberg.de\/konzept\/wp-json\/wp\/v2\/users\/9"}],"replies":[{"embeddable":true,"href":"https:\/\/www.ssv-senftenberg.de\/konzept\/wp-json\/wp\/v2\/comments?post=9056"}],"version-history":[{"count":10,"href":"https:\/\/www.ssv-senftenberg.de\/konzept\/wp-json\/wp\/v2\/posts\/9056\/revisions"}],"predecessor-version":[{"id":9072,"href":"https:\/\/www.ssv-senftenberg.de\/konzept\/wp-json\/wp\/v2\/posts\/9056\/revisions\/9072"}],"wp:attachment":[{"href":"https:\/\/www.ssv-senftenberg.de\/konzept\/wp-json\/wp\/v2\/media?parent=9056"}],"wp:term":[{"taxonomy":"category","embeddable":true,"href":"https:\/\/www.ssv-senftenberg.de\/konzept\/wp-json\/wp\/v2\/categories?post=9056"},{"taxonomy":"post_tag","embeddable":true,"href":"https:\/\/www.ssv-senftenberg.de\/konzept\/wp-json\/wp\/v2\/tags?post=9056"}],"curies":[{"name":"wp","href":"https:\/\/api.w.org\/{rel}","templated":true}]}}